{"id":1528,"date":"2017-02-24T22:10:06","date_gmt":"2017-02-24T21:10:06","guid":{"rendered":"http:\/\/moja24.pl\/?p=1528"},"modified":"2017-02-24T22:10:06","modified_gmt":"2017-02-24T21:10:06","slug":"praca-dla-mlodych-w-policji","status":"publish","type":"post","link":"https:\/\/moja24.pl\/index.php\/2017\/02\/24\/praca-dla-mlodych-w-policji\/","title":{"rendered":"Praca dla m\u0142odych w Policji"},"content":{"rendered":"<p><strong><img loading=\"lazy\" decoding=\"async\" class=\"alignleft size-medium wp-image-1531\" src=\"http:\/\/moja24.pl\/wp-content\/uploads\/2017\/02\/praca-w-policji-2-300x219.jpg\" alt=\"\" width=\"300\" height=\"219\" srcset=\"https:\/\/moja24.pl\/wp-content\/uploads\/2017\/02\/praca-w-policji-2-300x219.jpg 300w, https:\/\/moja24.pl\/wp-content\/uploads\/2017\/02\/praca-w-policji-2-768x561.jpg 768w, https:\/\/moja24.pl\/wp-content\/uploads\/2017\/02\/praca-w-policji-2-1024x748.jpg 1024w, https:\/\/moja24.pl\/wp-content\/uploads\/2017\/02\/praca-w-policji-2-324x235.jpg 324w, https:\/\/moja24.pl\/wp-content\/uploads\/2017\/02\/praca-w-policji-2-696x508.jpg 696w, https:\/\/moja24.pl\/wp-content\/uploads\/2017\/02\/praca-w-policji-2-1068x780.jpg 1068w, https:\/\/moja24.pl\/wp-content\/uploads\/2017\/02\/praca-w-policji-2-575x420.jpg 575w\" sizes=\"auto, (max-width: 300px) 100vw, 300px\" \/>W Centrum Kszta\u0142cenia Zawodowego i Ustawicznego w \u017barach,\u00a0 policjanci spotkali si\u0119 z m\u0142odzie\u017c\u0105 zg\u0142aszaj\u0105c\u0105 si\u0119 na Powiatow\u0105 Komisj\u0119 Lekarsk\u0105<\/strong>.<\/p>\n<p>W trakcie spotkania poruszono wa\u017cne tematy dotycz\u0105ce odpowiedzialno\u015bci prawnej m\u0142odych ludzi. Policjanci zwr\u00f3cili m\u0142odzie\u017cy uwag\u0119 na to, \u017ce w konflikt z prawem popada si\u0119 najcz\u0119\u015bciej po spo\u017cyciu alkoholu, narkotyk\u00f3w czy dopalaczy. M\u00f3wili o tym jak \u0142atwo jest popa\u015b\u0107 w na\u0142\u00f3g, kt\u00f3ry negatywnie rzutuje na p\u00f3\u017aniejsze \u017cycie m\u0142odego cz\u0142owieka.<\/p>\n<p>Ju\u017c niebawem wielu z \u00a0tych m\u0142odych ludzi zdecyduje o swojej dalszej drodze \u017cyciowej i wielu b\u0119dzie chcia\u0142o podj\u0105\u0107 prac\u0119, a \u00a0spotkanie to by\u0142o doskona\u0142\u0105 okazj\u0105 do zach\u0119cenia ich \u00a0do wst\u0105pienia w szeregi policji. M\u0142odzie\u017c dowiedzia\u0142a si\u0119, jak wygl\u0105da s\u0142u\u017cba w Policji i jakie s\u0105 jej rodzaje oraz na czym polegaj\u0105 poszczeg\u00f3lne etapy rekrutacyjne kandydata.<\/p>\n<p>Szczeg\u00f3\u0142owe informacje dot. przebiegu etap\u00f3w dost\u0119pne s\u0105 w &#8222;Informatorze dla kandydat\u00f3w&#8221; <a href=\"http:\/\/praca.policja.pl\/pwp\/rekrutacja\/informator-dla-kandyda\">http:\/\/praca.policja.pl\/pwp\/rekrutacja\/informator-dla-kandyda<\/a><\/p>\n<p><em>foto KPP \u017bary \u00a0 \u00a0 \u00a0 \u00a0 \u00a0 \u00a0 \u00a0 \u00a0 \u00a0 \u00a0 \u00a0 \u00a0 \u00a0 \u00a0 \u00a0 \u00a0 \u00a0 \u00a0 \u00a0 \u00a0 \u00a0 \u00a0 \u00a0 \u00a0 \u00a0 \u00a0 \u00a0 \u00a0 \u00a0 \u00a0 \u00a0 \u00a0 \u00a0 \u00a0 \u00a0 \u00a0 \u00a0 \u00a0 \u00a0 \u00a0 \u00a0 \u00a0 \u00a0 \u00a0 \u00a0 \u00a0 \u00a0MK<\/em><\/p>\n","protected":false},"excerpt":{"rendered":"<p>W Centrum Kszta\u0142cenia Zawodowego i Ustawicznego w \u017barach,\u00a0 policjanci spotkali si\u0119 z m\u0142odzie\u017c\u0105 zg\u0142aszaj\u0105c\u0105 si\u0119 na Powiatow\u0105 Komisj\u0119 Lekarsk\u0105. W trakcie spotkania poruszono wa\u017cne tematy dotycz\u0105ce odpowiedzialno\u015bci prawnej m\u0142odych ludzi. Policjanci zwr\u00f3cili m\u0142odzie\u017cy uwag\u0119 na to, \u017ce w konflikt z prawem popada si\u0119 najcz\u0119\u015bciej po spo\u017cyciu alkoholu, narkotyk\u00f3w czy dopalaczy. M\u00f3wili o tym jak \u0142atwo [&hellip;]<\/p>\n","protected":false},"author":2,"featured_media":1530,"comment_status":"closed","ping_status":"closed","sticky":false,"template":"","format":"standard","meta":{"_monsterinsights_skip_tracking":false,"_monsterinsights_sitenote_active":false,"_monsterinsights_sitenote_note":"","_monsterinsights_sitenote_category":0,"footnotes":""},"categories":[22,20],"tags":[248,249,146,74,58,67,109,158,34,36,40,33,157,164,232,229,111,112,145,114,49,66],"class_list":["post-1528","post","type-post","status-publish","format-standard","has-post-thumbnail","hentry","category-edukacja","category-informacje","tag-centrum-ksztalcenia-ustawicznego-zary","tag-cku-zary","tag-informacje-powiat-zary","tag-informacje-zary","tag-lubsko","tag-miasto-zary","tag-moja-gazeta","tag-moja24-pl","tag-policja-lubsko","tag-policja-trzebiel","tag-policja-zagan","tag-policja-zary","tag-portal-informacyjny-moja-gazeta","tag-portal-moja24-pl","tag-tygodnik-regionalny-lubsko","tag-tygodnik-regionalny-moja-gazeta","tag-tygodnik-zary","tag-tygodnika-zagan","tag-wiadomosci-powiat-zarski","tag-wiadomosci-z-zagania","tag-zagan","tag-zary"],"_links":{"self":[{"href":"https:\/\/moja24.pl\/index.php\/wp-json\/wp\/v2\/posts\/1528","targetHints":{"allow":["GET"]}}],"collection":[{"href":"https:\/\/moja24.pl\/index.php\/wp-json\/wp\/v2\/posts"}],"about":[{"href":"https:\/\/moja24.pl\/index.php\/wp-json\/wp\/v2\/types\/post"}],"author":[{"embeddable":true,"href":"https:\/\/moja24.pl\/index.php\/wp-json\/wp\/v2\/users\/2"}],"replies":[{"embeddable":true,"href":"https:\/\/moja24.pl\/index.php\/wp-json\/wp\/v2\/comments?post=1528"}],"version-history":[{"count":2,"href":"https:\/\/moja24.pl\/index.php\/wp-json\/wp\/v2\/posts\/1528\/revisions"}],"predecessor-version":[{"id":1532,"href":"https:\/\/moja24.pl\/index.php\/wp-json\/wp\/v2\/posts\/1528\/revisions\/1532"}],"wp:featuredmedia":[{"embeddable":true,"href":"https:\/\/moja24.pl\/index.php\/wp-json\/wp\/v2\/media\/1530"}],"wp:attachment":[{"href":"https:\/\/moja24.pl\/index.php\/wp-json\/wp\/v2\/media?parent=1528"}],"wp:term":[{"taxonomy":"category","embeddable":true,"href":"https:\/\/moja24.pl\/index.php\/wp-json\/wp\/v2\/categories?post=1528"},{"taxonomy":"post_tag","embeddable":true,"href":"https:\/\/moja24.pl\/index.php\/wp-json\/wp\/v2\/tags?post=1528"}],"curies":[{"name":"wp","href":"https:\/\/api.w.org\/{rel}","templated":true}]}}