{"id":15305,"date":"2020-05-15T11:43:34","date_gmt":"2020-05-15T09:43:34","guid":{"rendered":"http:\/\/moja24.pl\/?p=15305"},"modified":"2021-01-06T11:47:29","modified_gmt":"2021-01-06T10:47:29","slug":"jak-ciesza-zwykle-rzeczy","status":"publish","type":"post","link":"https:\/\/moja24.pl\/index.php\/2020\/05\/15\/jak-ciesza-zwykle-rzeczy\/","title":{"rendered":"Jak ciesz\u0105 zwyk\u0142e rzeczy"},"content":{"rendered":"<p>Pewnych rzeczy nie jeste\u015bmy w stanie dostrzec. Mo\u017ce czasem nawet je zauwa\u017camy, ale z regu\u0142y nie przyk\u0142adamy do tego wi\u0119kszej wagi. Sytuacja i punkt widzenia na pewne sprawy zmieniaj\u0105 si\u0119 w momencie, gdy kto\u015b nas tego pozbawi.<\/p>\n<p>Tak by\u0142o z lasami, kt\u00f3re w tym roku zamykane by\u0142y dwukrotnie. Jak to, nie mo\u017cna wej\u015b\u0107 do lasu? Przecie\u017c zawsze mo\u017cna by\u0142o! I wiele os\u00f3b nagle zat\u0119skni\u0142o za lasem. Nagle okaza\u0142o si\u0119, \u017ce bez lasu prawie nie mo\u017cna \u017cy\u0107. Po otwarciu ruszyli\u015bmy na spacery, na rowery, wr\u00f3ci\u0142o le\u015bne bieganie. Do lasu wybrali si\u0119 nawet ci, kt\u00f3rzy na co dzie\u0144 o lesie w og\u00f3le nie my\u015bl\u0105. Dlaczego? Bo nagle by\u0142o ju\u017c mo\u017cna. Bo zakaz przesta\u0142 obowi\u0105zywa\u0107. To jakby symbol wolno\u015bci utraconej i odzyskanej.<\/p>\n<p>Sportowcy wr\u00f3cili do trening\u00f3w. Na pocz\u0105tek w sze\u015bcioosobowych grupkach. Zaraz b\u0119d\u0105 wi\u0119ksze. Wraca te\u017c mo\u017cliwo\u015b\u0107 trening\u00f3w w halach. Niby zwyk\u0142a rzecz, a rado\u015b\u0107 z tego ogromna. Nie na zasadzie &#8211; dzi\u015b zn\u00f3w mam trening &#8211; ale wr\u0119cz &#8211; huuuurrrrraaaaa, id\u0119 na trening!<\/p>\n<p>Codzienne zaj\u0119cie sta\u0142o si\u0119 prawie powodem do \u015bwi\u0119towania. Bo co\u015b by\u0142o zabronione, by zn\u00f3w sta\u0142o si\u0119 dozwolone.<\/p>\n<p>Naj\u0142atwiej doceni\u0107 co\u015b, gdy si\u0119 to straci. Cz\u0142owiek zdrowy nie b\u0119dzie raczej cieszy\u0142 si\u0119 codziennie ze swojego zdrowia. Jest zdrowy, to normalne, tak jest i tak powinno by\u0107. Jest zdrowy od lat i nawet o tym nie my\u015bli. Zaczyna dopiero, gdy pojawia si\u0119 choroba. Wtedy przychodzi refleksja, \u017ce zdrowie jest najwa\u017cniejsze, \u017ce odda\u0142by wszystko, byle zn\u00f3w by\u0107 zdrowym.<\/p>\n<p>Tak jak po stracie kogo\u015b bliskiego. \u015amier\u0107 jest definitywna. Z tego nie da si\u0119 wyzdrowie\u0107. Mo\u017ce pojawi si\u0119 nawet \u017cal, \u017ce nie po\u015bwi\u0119cili\u015bmy tej osobie odpowiednio wiele uwagi, gdy jeszcze \u017cy\u0142a. Mo\u017ce czego\u015b si\u0119 nie powiedzia\u0142o. Mo\u017ce czego\u015b wsp\u00f3lnie nie zrobi\u0142o&#8230;<br \/>\nRzeczywisto\u015b\u0107, w kt\u00f3rej przysz\u0142o nam \u017cy\u0107, nie jest a\u017c tak definitywna i nieodwracalna. Ograniczenia na\u0142o\u017cone na ca\u0142e spo\u0142ecze\u0144stwo zostaj\u0105 powoli \u0142agodzone i znoszone.<br \/>\nProsz\u0119 sobie wyobrazi\u0107, co by\u015bcie zrobili, gdyby og\u0142oszono, \u017ce za miesi\u0105c lasy zostan\u0105 zamkni\u0119te ju\u017c na zawsze. Zapewne wielu chcia\u0142oby sp\u0119dzi\u0107 tam jak najwi\u0119cej czasu. \u017beby si\u0119 nacieszy\u0107, by jak najwi\u0119cej tych ostatnich chwil zapad\u0142o g\u0142\u0119boko w pami\u0119\u0107. By m\u00f3c potem powraca\u0107 my\u015bl\u0105 do tego, co ju\u017c nie wr\u00f3ci. Las\u00f3w nikt nie zamknie na zawsze, ale my\u015bl\u0119, \u017ce warto si\u0119 nad tym zastanowi\u0107. Mo\u017ce dzi\u0119ki temu uda si\u0119 nam zwraca\u0107 wi\u0119ksz\u0105 uwag\u0119 na rzeczy zwyk\u0142e, z kt\u00f3rych mo\u017cna czerpa\u0107 rado\u015b\u0107.<\/p>\n<p>Niech wreszcie b\u0119dzie jaki\u015b po\u017cytek z tej epidemii.<br \/>\nW sensie bardziej duchowym, bo materialnie to oczywi\u015bcie katastrofa. Mo\u017ce warto zamiast przeklinania budzika o poranku, spojrze\u0107 przez okno, zobaczy\u0107 s\u0142o\u0144ce i zda\u0107 sobie spraw\u0119<br \/>\nz tego, \u017ce przed nami jest w\u0142a\u015bnie pierwszy dzie\u0144 z ca\u0142ej reszty naszego \u017cycia. I co istotne, \u017ce mamy si\u0142\u0119 wsta\u0107 z \u0142\u00f3\u017cka.<\/p>\n<p>Nic nadzwyczajnego? Ot\u00f3\u017c w\u0142a\u015bnie&#8230; Niekt\u00f3rzy tego zrobi\u0107 nie mog\u0105. Przynajmniej nie<br \/>\no w\u0142asnych si\u0142ach. I jak to wygl\u0105da z tej perspektywy? Czy nie jest to pow\u00f3d do rado\u015bci?<br \/>\nWracaj\u0105 fryzjerzy, otwieraj\u0105 si\u0119 salony kosmetyczne. Najpierw trzeba b\u0119dzie si\u0119 tam jako\u015b dosta\u0107, ale ju\u017c po wyj\u015bciu sp\u00f3jrzmy w lustro. Zatrzymajmy si\u0119 na chwil\u0119. Czy ta fryzura nie b\u0119dzie przypadkiem najlepsz\u0105, jak\u0105 mieli\u015bmy do tej pory? To mo\u017ce sprawi\u0107 rado\u015b\u0107, podobnie jak fakt, \u017ce jeszcze wszystkie w\u0142osy nie wypad\u0142y. Ale to ju\u017c raczej nie ka\u017cdego dotyczy. Radosnych fryzjerskich wra\u017ce\u0144 pozbawieni b\u0119d\u0105 na pewno wszyscy politycy, kt\u00f3rym &#8211; jak to wida\u0107 w telewizji &#8211; w\u0142osy wcale nie rosn\u0105. A tak\u017ce ci, kt\u00f3rzy preferuj\u0105 rozwi\u0105zania w stylu jechanki maszynk\u0105 na zero. Oni zawsze wygl\u0105daj\u0105 dobrze.<br \/>\nCiekawe, czy uczniowie ciesz\u0105 si\u0119, \u017ce do ko\u0144ca roku szkolnego, czyli do 26 czerwca, do szk\u00f3\u0142 ju\u017c nie wr\u00f3c\u0105. Mo\u017ce raczej ci bardziej odporni na wiedz\u0119. Zapewne jednak wszyscy t\u0119skni\u0105 za normalnymi kontaktami ze swoimi r\u00f3wie\u015bnikami.<\/p>\n<p>Wyraz t\u0119sknoty pojawi\u0142 si\u0119 te\u017c ostatnio na stronie \u017carskiego parkrunu. Biegaczom brakuje tej atmosfery, poczucia wsp\u00f3lnoty, cosobotnich spotka\u0144, pomimo tego, \u017ce przecie\u017c sami mog\u0105 sobie biega\u0107 do woli.<br \/>\nW ko\u0144cu b\u0119dzie te\u017c mo\u017cna p\u00f3j\u015b\u0107 do baru, czy innego lokalu, na obiad lub chocia\u017c na kaw\u0119. Nie wydaje mi si\u0119, \u017ce nagle knajpy prze\u017cyj\u0105 obl\u0119\u017cenie. Raz, \u017ce obowi\u0105zuj\u0105 pewne ograniczenia sanitarne, a dwa &#8211; na pewno jeszcze jeste\u015bmy troch\u0119 nieufni, czy aby to ju\u017c jest bezpieczne.<\/p>\n<p>Z drugiej strony. Widzia\u0142 tu kto\u015b gdzie\u015b ostatnio jakiego\u015b wirusa w okolicy?<br \/>\nDwa ostatnie potwierdzone przypadki zaka\u017ce\u0144 w ca\u0142ym wojew\u00f3dztwie lubuskim odnotowano&#8230; 4 maja. Od tamtej pory ani jednego. Czy to znaczy, \u017ce ju\u017c jeste\u015bmy bezpieczni? Nie tak do ko\u0144ca. Na pewno nie nale\u017cy rezygnowa\u0107 z nowych przyzwyczaje\u0144, kt\u00f3re nabyli\u015bmy w ostatnich miesi\u0105cach. Cz\u0119ste mycie r\u0105k, maseczki i r\u0119kawiczki szczeg\u00f3lnie w sklepach, zachowanie dystansu. To akurat chroni nie tylko przed koronawirusem, ale i innymi chorobami, takimi jak na przyk\u0142ad popularna grypa. Nie ma tego z\u0142ego.<\/p>\n<p>Najwy\u017cszy ju\u017c czas przesta\u0107 si\u0119 ba\u0107 i zacz\u0105\u0107 \u017cy\u0107 w miar\u0119 normalnie. Rozs\u0105dek jednak warto zachowa\u0107. Jak zawsze.<br \/>\nI u\u015bmiechn\u0105\u0107 si\u0119 do kogo\u015b, cho\u0107by przez maseczk\u0119.<\/p>\n<p style=\"text-align: right;\"><strong>Andrzej Buczy\u0144ski<\/strong><\/p>\n","protected":false},"excerpt":{"rendered":"<p>Pewnych rzeczy nie jeste\u015bmy w stanie dostrzec. Mo\u017ce czasem nawet je zauwa\u017camy, ale z regu\u0142y nie przyk\u0142adamy do tego wi\u0119kszej wagi. Sytuacja i punkt widzenia na pewne sprawy zmieniaj\u0105 si\u0119 w momencie, gdy kto\u015b nas tego pozbawi. Tak by\u0142o z lasami, kt\u00f3re w tym roku zamykane by\u0142y dwukrotnie. Jak to, nie mo\u017cna wej\u015b\u0107 do lasu? [&hellip;]<\/p>\n","protected":false},"author":4,"featured_media":15306,"comment_status":"closed","ping_status":"closed","sticky":false,"template":"","format":"standard","meta":{"_monsterinsights_skip_tracking":false,"_monsterinsights_sitenote_active":false,"_monsterinsights_sitenote_note":"","_monsterinsights_sitenote_category":0,"footnotes":""},"categories":[2057,28],"tags":[],"class_list":["post-15305","post","type-post","status-publish","format-standard","has-post-thumbnail","hentry","category-komentarze","category-wiadomosci"],"_links":{"self":[{"href":"https:\/\/moja24.pl\/index.php\/wp-json\/wp\/v2\/posts\/15305","targetHints":{"allow":["GET"]}}],"collection":[{"href":"https:\/\/moja24.pl\/index.php\/wp-json\/wp\/v2\/posts"}],"about":[{"href":"https:\/\/moja24.pl\/index.php\/wp-json\/wp\/v2\/types\/post"}],"author":[{"embeddable":true,"href":"https:\/\/moja24.pl\/index.php\/wp-json\/wp\/v2\/users\/4"}],"replies":[{"embeddable":true,"href":"https:\/\/moja24.pl\/index.php\/wp-json\/wp\/v2\/comments?post=15305"}],"version-history":[{"count":1,"href":"https:\/\/moja24.pl\/index.php\/wp-json\/wp\/v2\/posts\/15305\/revisions"}],"predecessor-version":[{"id":15307,"href":"https:\/\/moja24.pl\/index.php\/wp-json\/wp\/v2\/posts\/15305\/revisions\/15307"}],"wp:featuredmedia":[{"embeddable":true,"href":"https:\/\/moja24.pl\/index.php\/wp-json\/wp\/v2\/media\/15306"}],"wp:attachment":[{"href":"https:\/\/moja24.pl\/index.php\/wp-json\/wp\/v2\/media?parent=15305"}],"wp:term":[{"taxonomy":"category","embeddable":true,"href":"https:\/\/moja24.pl\/index.php\/wp-json\/wp\/v2\/categories?post=15305"},{"taxonomy":"post_tag","embeddable":true,"href":"https:\/\/moja24.pl\/index.php\/wp-json\/wp\/v2\/tags?post=15305"}],"curies":[{"name":"wp","href":"https:\/\/api.w.org\/{rel}","templated":true}]}}