{"id":1533,"date":"2017-02-25T10:01:58","date_gmt":"2017-02-25T09:01:58","guid":{"rendered":"http:\/\/moja24.pl\/?p=1533"},"modified":"2017-02-25T10:11:54","modified_gmt":"2017-02-25T09:11:54","slug":"dramat-w-zaganiu-w-pozarze-zginely-dwie-osoby","status":"publish","type":"post","link":"https:\/\/moja24.pl\/index.php\/2017\/02\/25\/dramat-w-zaganiu-w-pozarze-zginely-dwie-osoby\/","title":{"rendered":"Dramat w \u017baganiu, w po\u017carze zgin\u0119\u0142y dwie osoby"},"content":{"rendered":"<p><strong>Osiem\u00a0 jednostek stra\u017cy po\u017carnej \u00a0gasi\u0142o po\u017car domu wielorodzinnego przy ul.<\/strong><strong>Wiejskiej w \u017baganiu, kt\u00f3ry wybuch\u0142 w pi\u0105tek 24 lutego w nocy.<\/strong><\/p>\n<figure id=\"attachment_1537\" aria-describedby=\"caption-attachment-1537\" style=\"width: 300px\" class=\"wp-caption alignleft\"><img loading=\"lazy\" decoding=\"async\" class=\"size-medium wp-image-1537\" src=\"http:\/\/moja24.pl\/wp-content\/uploads\/2017\/02\/DSC_0119-300x199.jpg\" alt=\"\" width=\"300\" height=\"199\" srcset=\"https:\/\/moja24.pl\/wp-content\/uploads\/2017\/02\/DSC_0119-300x199.jpg 300w, https:\/\/moja24.pl\/wp-content\/uploads\/2017\/02\/DSC_0119-768x511.jpg 768w, https:\/\/moja24.pl\/wp-content\/uploads\/2017\/02\/DSC_0119-1024x681.jpg 1024w, https:\/\/moja24.pl\/wp-content\/uploads\/2017\/02\/DSC_0119-696x463.jpg 696w, https:\/\/moja24.pl\/wp-content\/uploads\/2017\/02\/DSC_0119-1068x710.jpg 1068w, https:\/\/moja24.pl\/wp-content\/uploads\/2017\/02\/DSC_0119-632x420.jpg 632w\" sizes=\"auto, (max-width: 300px) 100vw, 300px\" \/><figcaption id=\"caption-attachment-1537\" class=\"wp-caption-text\">po\u017car \u017baga\u0144<\/figcaption><\/figure>\n<p>Stra\u017c po\u017carna\u00a0 otrzyma\u0142a zg\u0142oszenie ok. godz. 22.00 w pi\u0105tek. Kiedy stra\u017cacy dojechani na miejsce, \u00a0ogie\u0144 wydobywa\u0142 si\u0119 ju\u017c na zewn\u0105trz budynku. W trakcie walki z \u017cywio\u0142em, przeszukiwano ca\u0142y budynek, w jednym z mieszka\u0144 znaleziono nieprzytomn\u0105 kobiet\u0119 oraz le\u017c\u0105cego na spalonym tapczanie m\u0119\u017cczyzn\u0119. Okaza\u0142o si\u0119, \u017ce m\u0119\u017cczyzna ju\u017c nie \u017cy\u0142, a kobieta po d\u0142ugiej reanimacji niestety r\u00f3wnie\u017c zmar\u0142a.\u00a0Ofiarami s\u0105 matka z synem.Po\u017car gaszono kilka godzin, ewakuowano mieszka\u0144c\u00f3w s\u0105siednich budynk\u00f3w.<\/p>\n<p>Jak informuje rzecznik prasowy stra\u017cy lubuskiej, przyczyna po\u017caru nie jest jeszcze znana. Trwa \u015bledztwo w tej spawie.<\/p>\n<p><em>MK<\/em><\/p>\n","protected":false},"excerpt":{"rendered":"<p>Osiem\u00a0 jednostek stra\u017cy po\u017carnej \u00a0gasi\u0142o po\u017car domu wielorodzinnego przy ul.Wiejskiej w \u017baganiu, kt\u00f3ry wybuch\u0142 w pi\u0105tek 24 lutego w nocy. Stra\u017c po\u017carna\u00a0 otrzyma\u0142a zg\u0142oszenie ok. godz. 22.00 w pi\u0105tek. Kiedy stra\u017cacy dojechani na miejsce, \u00a0ogie\u0144 wydobywa\u0142 si\u0119 ju\u017c na zewn\u0105trz budynku. W trakcie walki z \u017cywio\u0142em, przeszukiwano ca\u0142y budynek, w jednym z mieszka\u0144 znaleziono nieprzytomn\u0105 [&hellip;]<\/p>\n","protected":false},"author":2,"featured_media":1536,"comment_status":"closed","ping_status":"closed","sticky":false,"template":"","format":"standard","meta":{"_monsterinsights_skip_tracking":false,"_monsterinsights_sitenote_active":false,"_monsterinsights_sitenote_note":"","_monsterinsights_sitenote_category":0,"footnotes":""},"categories":[21],"tags":[218,217,146,74,67,158,157,164,147,252,251,250,230,110,229,112,51,49],"class_list":["post-1533","post","type-post","status-publish","format-standard","has-post-thumbnail","hentry","category-wypadki-przypadki","tag-gazeta-lokalna-zary","tag-gazeta-regionalna-zary","tag-informacje-powiat-zary","tag-informacje-zary","tag-miasto-zary","tag-moja24-pl","tag-portal-informacyjny-moja-gazeta","tag-portal-moja24-pl","tag-powiat-zagan","tag-pozar-w-zaganiu","tag-starz-pozarna-zary","tag-straz-pozarna-zagan","tag-tygodnik-lokalny-moja-gazeta","tag-tygodnik-moja-gazeta","tag-tygodnik-regionalny-moja-gazeta","tag-tygodnika-zagan","tag-widaomosci-zagan","tag-zagan"],"_links":{"self":[{"href":"https:\/\/moja24.pl\/index.php\/wp-json\/wp\/v2\/posts\/1533","targetHints":{"allow":["GET"]}}],"collection":[{"href":"https:\/\/moja24.pl\/index.php\/wp-json\/wp\/v2\/posts"}],"about":[{"href":"https:\/\/moja24.pl\/index.php\/wp-json\/wp\/v2\/types\/post"}],"author":[{"embeddable":true,"href":"https:\/\/moja24.pl\/index.php\/wp-json\/wp\/v2\/users\/2"}],"replies":[{"embeddable":true,"href":"https:\/\/moja24.pl\/index.php\/wp-json\/wp\/v2\/comments?post=1533"}],"version-history":[{"count":9,"href":"https:\/\/moja24.pl\/index.php\/wp-json\/wp\/v2\/posts\/1533\/revisions"}],"predecessor-version":[{"id":1544,"href":"https:\/\/moja24.pl\/index.php\/wp-json\/wp\/v2\/posts\/1533\/revisions\/1544"}],"wp:featuredmedia":[{"embeddable":true,"href":"https:\/\/moja24.pl\/index.php\/wp-json\/wp\/v2\/media\/1536"}],"wp:attachment":[{"href":"https:\/\/moja24.pl\/index.php\/wp-json\/wp\/v2\/media?parent=1533"}],"wp:term":[{"taxonomy":"category","embeddable":true,"href":"https:\/\/moja24.pl\/index.php\/wp-json\/wp\/v2\/categories?post=1533"},{"taxonomy":"post_tag","embeddable":true,"href":"https:\/\/moja24.pl\/index.php\/wp-json\/wp\/v2\/tags?post=1533"}],"curies":[{"name":"wp","href":"https:\/\/api.w.org\/{rel}","templated":true}]}}