{"id":15352,"date":"2020-05-29T13:27:32","date_gmt":"2020-05-29T11:27:32","guid":{"rendered":"http:\/\/moja24.pl\/?p=15352"},"modified":"2021-01-06T13:32:33","modified_gmt":"2021-01-06T12:32:33","slug":"powstaja-nowe-koncepcje","status":"publish","type":"post","link":"https:\/\/moja24.pl\/index.php\/2020\/05\/29\/powstaja-nowe-koncepcje\/","title":{"rendered":"Powstaj\u0105 nowe koncepcje"},"content":{"rendered":"<p><strong>\u017bARY | Do wygrania s\u0105 nie tylko du\u017ce pieni\u0105dze, ale i plan rozwoju miasta na kolejne lata.<\/strong><\/p>\n<p>&#8211; Od pocz\u0105tku roku realizujemy projekt, kt\u00f3ry ma za zadanie okre\u015blenie drogi rozwoju naszego miasta na nast\u0119pnych 10-15, a mo\u017ce i wi\u0119cej lat &#8211; m\u00f3wi wiceburmistrz \u017bar Olaf Napi\u00f3rkowski. &#8211; W urz\u0119dzie miejskim jest stworzony zesp\u00f3\u0142, kt\u00f3rym kieruj\u0119, a opr\u00f3cz urz\u0119dnik\u00f3w w pracach bior\u0105 udzia\u0142 pracownicy naszych jednostek i inne osoby, maj\u0105ce do\u015bwiadczenie w tworzeniu strategii.<\/p>\n<p>Powstaje program rozwoju lokalnego i instytucjonalnego. Ten drugi, w przeciwie\u0144stwie do typowej strategii rozwoju miasta, ma pokaza\u0107, jak ma si\u0119 rozwija\u0107 urz\u0105d, instytucje miejskie, jak komunikowa\u0107 si\u0119 z mieszka\u0144cami, a co za tym idzie &#8211; jak najlepiej odpowiada\u0107 na potrzeby mieszka\u0144c\u00f3w.<\/p>\n<p>&#8211; Ma to umo\u017cliwi\u0107 mieszka\u0144com partycypacj\u0119 na wszystkich etapach zarz\u0105dzania miastem &#8211; m\u00f3wi Olaf Napi\u00f3rkowski. &#8211; Pomagaj\u0105 nam w tym specjali\u015bci ze Zwi\u0105zku Miast Polskich, a efektem b\u0119dzie wytyczenie nowej \u015bcie\u017cki rozwoju miasta.<\/p>\n<p><strong>Analiza<\/strong><br \/>\nObecny etap prac to analiza sytuacji oraz diagnozowanie problem\u00f3w, jakie mog\u0105 pojawi\u0107 si\u0119 w niedalekiej przysz\u0142o\u015bci. Prowadzone s\u0105 konsultacje z przedstawicielami r\u00f3\u017cnych \u015brodowisk.<\/p>\n<p>&#8211; Zacz\u0119li\u015bmy jeszcze przed pandemi\u0105, a ta sytuacja niec\u0105 nam zwi\u0105za\u0142a r\u0119ce &#8211; m\u00f3wi zast\u0119pca burmistrza. &#8211; Znale\u017ali\u015bmy jednak rozwi\u0105zanie, spotykamy si\u0119 w mniejszych grupach i korzystamy z komunikator\u00f3w internetowych.<\/p>\n<p>Najwa\u017cniejsze jest dok\u0142adne przeanalizowanie zagadnie\u0144 dotycz\u0105cych funkcjonowania miasta i zdefiniowanie ich w kategoriach problem\u00f3w, przyczyn i skutk\u00f3w.<br \/>\nS\u0105 to na przyk\u0142ad problemy demograficzne dotycz\u0105ce zmiany struktury wiekowej spo\u0142ecze\u0144stwa, problemy komunikacyjne zwi\u0105zane z rosn\u0105c\u0105 liczb\u0105 pojazd\u00f3w, czy chocia\u017cby niskie zainteresowanie komunikacj\u0105 miejsk\u0105. Do tego ochrona \u015brodowiska, komunikacja pomi\u0119dzy mieszka\u0144cem a urz\u0119dem. Zagadnie\u0144 jest naprawd\u0119 sporo.<\/p>\n<p>&#8211; Na podstawie tej diagnozy, b\u0119dziemy wsp\u00f3lnie z mieszka\u0144cami, doradcami i fachowcami my\u015ble\u0107, jak zniwelowa\u0107 te przyczyny, lub znale\u017a\u0107 na nie rozwi\u0105zanie &#8211; m\u00f3wi Olaf Napi\u00f3rkowski. &#8211; Takie r\u00f3\u017cne tendencje wyst\u0119puj\u0105 nie tylko w naszym mie\u015bcie, tak\u017ce w skali og\u00f3lnopolskiej, czy europejskiej.<\/p>\n<p><strong>Prace trwaj\u0105<\/strong><br \/>\nZespo\u0142y zbieraj\u0105 si\u0119 na spotkania w nowo wyremontowanym folwarku. Do tej pory przeanalizowane zosta\u0142y zagadnienia zwi\u0105zane z pomoc\u0105 spo\u0142eczn\u0105, kultur\u0105 i turystyk\u0105. Nast\u0119pne w kolejno\u015bci to smart city &#8211; inteligentne miasto oraz ochrona \u015brodowiska.<\/p>\n<p>&#8211; Wystartowali\u015bmy z now\u0105 platform\u0105 do konsultacji spo\u0142ecznych. Na stronie konsultacjejst.pl mo\u017cna znale\u017a\u0107 link do instalacji aplikacji na smartfony, a po zainstalowaniu znajdziemy w niej zak\u0142adk\u0119 \u201e\u017bary\u201d &#8211; m\u00f3wi Olaf Napi\u00f3rkowski. &#8211; Aktualnie prowadzimy jedn\u0105 konsultacj\u0119, ale zaraz b\u0119d\u0105 zamieszczone kolejne.<\/p>\n<p>Ankiety i ich wyniki b\u0119dzie mo\u017cna znale\u017a\u0107 r\u00f3wnie\u017c na stronie zary.pl w zak\u0142adce \u201eAnkiety i konsultacje spo\u0142eczne\u201d.<br \/>\nJak zapowiada wiceburmistrz, b\u0119d\u0105 tam konsultowane zagadnienia nie tylko dotycz\u0105ce realizowanego obecnie projektu, ale te\u017c inne, na przyk\u0142ad zwi\u0105zane z konkursami ofert.<br \/>\nUrz\u0119dnicy skierowali mi\u0119dzy innymi pytania do uczni\u00f3w miejskich szk\u00f3\u0142 podstawowych w formie zadania pod has\u0142em \u201eCo chcia\u0142by\u015b zmieni\u0107 w swoim mie\u015bcie?\u201d. Odpowiada ucze\u0144, ale pyta te\u017c swoich rodzic\u00f3w oraz dziadk\u00f3w. W ten spos\u00f3b wypowiadaj\u0105 si\u0119 na raz trzy pokolenia &#8211; m\u0142odzie\u017c, doro\u015bli i seniorzy.<\/p>\n<p><strong>Efekty b\u0119d\u0105<\/strong><br \/>\n&#8211; Opr\u00f3cz tego, \u017ce b\u0119dziemy mie\u0107 gotowe dokumenty planistyczne na nast\u0119pne lata, b\u0119dziemy r\u00f3wnie\u017c mieli mo\u017cliwo\u015b\u0107 z\u0142o\u017cenia wniosku o dofinansowanie cz\u0119\u015bci tych projekt\u00f3w, na kt\u00f3re mo\u017cna otrzyma\u0107 nawet 40 milion\u00f3w z\u0142otych z funduszy norweskich &#8211; m\u00f3wi wiceburmistrz Napi\u00f3rkowski. &#8211; \u015arodki to jedno, ale najwa\u017cniejsze jest to, co wypracujemy i co b\u0119dziemy chcieli zmieni\u0107 w naszym mie\u015bcie.<\/p>\n<p>W projekcie, opr\u00f3cz \u017bar, bierze udzia\u0142 jeszcze przesz\u0142o dwie\u015bcie innych miast z Polski. Na razie o wypracowanych koncepcjach nie b\u0119dzie si\u0119 m\u00f3wi\u0142o zbyt g\u0142o\u015bno z racji tego, \u017ce ubieganie si\u0119 o \u015brodki ma charakter konkursu. Lepiej wi\u0119c nie chwali\u0107 si\u0119 dobrymi pomys\u0142ami, \u017ceby konkurencja nie podpatrzy\u0142a.<\/p>\n<p style=\"text-align: right;\"><strong>Andrzej Buczy\u0144ski<\/strong><\/p>\n","protected":false},"excerpt":{"rendered":"<p>\u017bARY | Do wygrania s\u0105 nie tylko du\u017ce pieni\u0105dze, ale i plan rozwoju miasta na kolejne lata. &#8211; Od pocz\u0105tku roku realizujemy projekt, kt\u00f3ry ma za zadanie okre\u015blenie drogi rozwoju naszego miasta na nast\u0119pnych 10-15, a mo\u017ce i wi\u0119cej lat &#8211; m\u00f3wi wiceburmistrz \u017bar Olaf Napi\u00f3rkowski. &#8211; W urz\u0119dzie miejskim jest stworzony zesp\u00f3\u0142, kt\u00f3rym kieruj\u0119, [&hellip;]<\/p>\n","protected":false},"author":4,"featured_media":15353,"comment_status":"closed","ping_status":"closed","sticky":false,"template":"","format":"standard","meta":{"_monsterinsights_skip_tracking":false,"_monsterinsights_sitenote_active":false,"_monsterinsights_sitenote_note":"","_monsterinsights_sitenote_category":0,"footnotes":""},"categories":[20,28],"tags":[],"class_list":["post-15352","post","type-post","status-publish","format-standard","has-post-thumbnail","hentry","category-informacje","category-wiadomosci"],"_links":{"self":[{"href":"https:\/\/moja24.pl\/index.php\/wp-json\/wp\/v2\/posts\/15352","targetHints":{"allow":["GET"]}}],"collection":[{"href":"https:\/\/moja24.pl\/index.php\/wp-json\/wp\/v2\/posts"}],"about":[{"href":"https:\/\/moja24.pl\/index.php\/wp-json\/wp\/v2\/types\/post"}],"author":[{"embeddable":true,"href":"https:\/\/moja24.pl\/index.php\/wp-json\/wp\/v2\/users\/4"}],"replies":[{"embeddable":true,"href":"https:\/\/moja24.pl\/index.php\/wp-json\/wp\/v2\/comments?post=15352"}],"version-history":[{"count":1,"href":"https:\/\/moja24.pl\/index.php\/wp-json\/wp\/v2\/posts\/15352\/revisions"}],"predecessor-version":[{"id":15354,"href":"https:\/\/moja24.pl\/index.php\/wp-json\/wp\/v2\/posts\/15352\/revisions\/15354"}],"wp:featuredmedia":[{"embeddable":true,"href":"https:\/\/moja24.pl\/index.php\/wp-json\/wp\/v2\/media\/15353"}],"wp:attachment":[{"href":"https:\/\/moja24.pl\/index.php\/wp-json\/wp\/v2\/media?parent=15352"}],"wp:term":[{"taxonomy":"category","embeddable":true,"href":"https:\/\/moja24.pl\/index.php\/wp-json\/wp\/v2\/categories?post=15352"},{"taxonomy":"post_tag","embeddable":true,"href":"https:\/\/moja24.pl\/index.php\/wp-json\/wp\/v2\/tags?post=15352"}],"curies":[{"name":"wp","href":"https:\/\/api.w.org\/{rel}","templated":true}]}}