{"id":15361,"date":"2020-05-29T13:42:09","date_gmt":"2020-05-29T11:42:09","guid":{"rendered":"http:\/\/moja24.pl\/?p=15361"},"modified":"2021-01-06T13:50:37","modified_gmt":"2021-01-06T12:50:37","slug":"zlapany-juz-po-kilku-godzinach","status":"publish","type":"post","link":"https:\/\/moja24.pl\/index.php\/2020\/05\/29\/zlapany-juz-po-kilku-godzinach\/","title":{"rendered":"Z\u0142apany ju\u017c po kilku godzinach"},"content":{"rendered":"<p><strong>POWIAT \u017bARSKI | Policjanci szybko zatrzymali podejrzanego o kradzie\u017c samochodu marki VW Golf i odzyskali pojazd. 35-latek trafi\u0142 do policyjnego aresztu. S\u0105d przychyli\u0142 si\u0119 do wniosku Prokuratury Rejonowej w \u017barach i aresztowa\u0142 go na dwa miesi\u0105ce.<\/strong><\/p>\n<p style=\"text-align: left;\">Dy\u017curny Komendy Powiatowej Policji w \u017barach w sobot\u0119 (23.05) przyj\u0105\u0142 telefoniczne zg\u0142oszenie o kradzie\u017cy pojazdu. Do zdarzenia mia\u0142o doj\u015b\u0107 najprawdopodobniej w nocy 22\/23 maja 2020 r.<br \/>\nw jednej z miejscowo\u015bci powiatu \u017carskiego. Nieznany sprawca ukrad\u0142 samoch\u00f3d marki VW Golf IV, kt\u00f3ry by\u0142 zaparkowany na posesji. Pokrzywdzony zakupi\u0142 go dzie\u0144 wcze\u015bniej na terenie Niemiec.<br \/>\nPodj\u0119te w tej sprawie natychmiastowe dzia\u0142ania przynios\u0142y efekt ju\u017c tego samego dnia. Funkcjonariusze po przyj\u0119ciu zg\u0142oszenia przez dy\u017curnego udali si\u0119 na miejsce, gdzie ustalili okoliczno\u015bci zdarzenia oraz cechy charakterystyczne samochodu. W trakcie s\u0142u\u017cby po kilku godzinach znale\u017ali kradziony pojazd oraz zatrzymali podejrzanego o jego kradzie\u017c. 35-letni mieszkaniec powiatu \u017carskiego trafi\u0142 do policyjnego aresztu. Po wykonaniu czynno\u015bci procesowych, odzyskany samoch\u00f3d powr\u00f3ci\u0142 do w\u0142a\u015bciciela.<br \/>\nWe wtorek (26 maja) s\u0105d przychyli\u0142 si\u0119 do wniosku Prokuratury Rejonowej w \u017barach i aresztowa\u0142 m\u0119\u017cczyzn\u0119 na dwa miesi\u0105ce. Za tego typu przest\u0119pstwo mo\u017ce grozi\u0107 do 5 lat pozbawienia wolno\u015bci. Kara dla zatrzymanych m\u0119\u017cczyzny mo\u017ce by\u0107 surowsza, poniewa\u017c dzia\u0142a\u0142 w warunkach recydywy.<\/p>\n<p style=\"text-align: right;\"><strong>kom. Aneta Berestecka<\/strong><\/p>\n","protected":false},"excerpt":{"rendered":"<p>POWIAT \u017bARSKI | Policjanci szybko zatrzymali podejrzanego o kradzie\u017c samochodu marki VW Golf i odzyskali pojazd. 35-latek trafi\u0142 do policyjnego aresztu. S\u0105d przychyli\u0142 si\u0119 do wniosku Prokuratury Rejonowej w \u017barach i aresztowa\u0142 go na dwa miesi\u0105ce. Dy\u017curny Komendy Powiatowej Policji w \u017barach w sobot\u0119 (23.05) przyj\u0105\u0142 telefoniczne zg\u0142oszenie o kradzie\u017cy pojazdu. Do zdarzenia mia\u0142o doj\u015b\u0107 [&hellip;]<\/p>\n","protected":false},"author":4,"featured_media":15362,"comment_status":"closed","ping_status":"closed","sticky":false,"template":"","format":"standard","meta":{"_monsterinsights_skip_tracking":false,"_monsterinsights_sitenote_active":false,"_monsterinsights_sitenote_note":"","_monsterinsights_sitenote_category":0,"footnotes":""},"categories":[20,28,21],"tags":[],"class_list":["post-15361","post","type-post","status-publish","format-standard","has-post-thumbnail","hentry","category-informacje","category-wiadomosci","category-wypadki-przypadki"],"_links":{"self":[{"href":"https:\/\/moja24.pl\/index.php\/wp-json\/wp\/v2\/posts\/15361","targetHints":{"allow":["GET"]}}],"collection":[{"href":"https:\/\/moja24.pl\/index.php\/wp-json\/wp\/v2\/posts"}],"about":[{"href":"https:\/\/moja24.pl\/index.php\/wp-json\/wp\/v2\/types\/post"}],"author":[{"embeddable":true,"href":"https:\/\/moja24.pl\/index.php\/wp-json\/wp\/v2\/users\/4"}],"replies":[{"embeddable":true,"href":"https:\/\/moja24.pl\/index.php\/wp-json\/wp\/v2\/comments?post=15361"}],"version-history":[{"count":1,"href":"https:\/\/moja24.pl\/index.php\/wp-json\/wp\/v2\/posts\/15361\/revisions"}],"predecessor-version":[{"id":15363,"href":"https:\/\/moja24.pl\/index.php\/wp-json\/wp\/v2\/posts\/15361\/revisions\/15363"}],"wp:featuredmedia":[{"embeddable":true,"href":"https:\/\/moja24.pl\/index.php\/wp-json\/wp\/v2\/media\/15362"}],"wp:attachment":[{"href":"https:\/\/moja24.pl\/index.php\/wp-json\/wp\/v2\/media?parent=15361"}],"wp:term":[{"taxonomy":"category","embeddable":true,"href":"https:\/\/moja24.pl\/index.php\/wp-json\/wp\/v2\/categories?post=15361"},{"taxonomy":"post_tag","embeddable":true,"href":"https:\/\/moja24.pl\/index.php\/wp-json\/wp\/v2\/tags?post=15361"}],"curies":[{"name":"wp","href":"https:\/\/api.w.org\/{rel}","templated":true}]}}