{"id":15385,"date":"2020-06-05T14:20:04","date_gmt":"2020-06-05T12:20:04","guid":{"rendered":"http:\/\/moja24.pl\/?p=15385"},"modified":"2021-01-06T14:23:50","modified_gmt":"2021-01-06T13:23:50","slug":"muzeum-nie-tylko-na-zywo","status":"publish","type":"post","link":"https:\/\/moja24.pl\/index.php\/2020\/06\/05\/muzeum-nie-tylko-na-zywo\/","title":{"rendered":"Muzeum nie tylko na \u017cywo"},"content":{"rendered":"<p><strong>\u017bARY | Miejskie Muzeum Pogranicza \u015al\u0105sko-\u0141u\u017cyckiego po pandemicznej przerwie otwarte <\/strong><strong>jest ponownie od 8 maja. Nadal jednak obowi\u0105zuj\u0105 pewne ograniczenia.<\/strong><\/p>\n<p>Kiedy mo\u017cna zajrze\u0107 do muzeum mieszcz\u0105cego si\u0119 przy Pl. Kardyna\u0142a Wyszy\u0144skiego? Je\u015bli chodzi o weekendy, plac\u00f3wka otwarta jest dla wszystkich w soboty od godz. 12.00 do 16.00, natomiast w niedziele od 14.00 do 18.00.<br \/>\nW dni powszednie, od wtorku do pi\u0105tku, czas pomi\u0119dzy godz. 10.00 a 12.00 zarezerwowany jest dla senior\u00f3w. Natomiast ju\u017c bez ogranicze\u0144 wiekowych plac\u00f3wka zaprasza od 12.00 do 13.00 oraz od 14.00 do 16.00.<\/p>\n<p>Obowi\u0105zuj\u0105 ograniczenia co do ilo\u015bci zwiedzaj\u0105cych. Jednocze\u015bnie mo\u017ce by\u0107 nie wi\u0119cej, ni\u017c pi\u0119\u0107 os\u00f3b. A co za tym idzie, muzeum do odwo\u0142ania nie przyjmuje grup zorganizowanych.<br \/>\nPodobnie, jak to ma miejsce jeszcze w wielu innych instytucjach, czy cho\u0107by w sklepach, r\u00f3wnie\u017c w budynku muzeum podczas zwiedzania obowi\u0105zuje nakaz zakrywania ust i nosa. Przy wej\u015bciu nale\u017cy zdezynfekowa\u0107 r\u0119ce, chyba \u017ce kto\u015b ma ze sob\u0105 jednorazowe r\u0119kawiczki.<\/p>\n<p>Je\u015bli chodzi o nowe ekspozycje, kilka dni temu pojawi\u0142a si\u0119 wystawa czasowa \u201eWsp\u00f3\u0142czesne odbicie dawnych \u017bar\u201d. To blisko siedemdziesi\u0105t reprodukcji dawnych poczt\u00f3wek, kt\u00f3rym towarzysz\u0105 zdj\u0119cia wykonane w maju tego roku. Pary zdj\u0119\u0107 przedstawiaj\u0105 te same, wybrane miejsca w r\u00f3\u017cnych cz\u0119\u015bciach miasta.<\/p>\n<p>Co ciekawe, ca\u0142\u0105 wystaw\u0119 mo\u017cna obejrze\u0107 r\u00f3wnie\u017c w internecie. Wszyscy, kt\u00f3rzy zainteresowani s\u0105 tym, jak zmienia\u0142o si\u0119 miasto na przestrzeni lat, mog\u0105 zajrze\u0107<br \/>\nna stron\u0119 www.facebook.com\/MuzeumZary.<\/p>\n<p>&#8211; Zach\u0119cam do odwiedzania i polubienia naszej facebookowej strony, gdzie na bie\u017c\u0105co pojawia\u0107 si\u0119 b\u0119d\u0105 r\u00f3\u017cne informacje na temat dzia\u0142alno\u015bci muzeum &#8211; m\u00f3wi dyrektor Ma\u0142gorzata Cegielska. &#8211; Ale przede wszystkim zach\u0119cam, aby odwiedza\u0107 nas osobi\u015bcie. <strong>ATB<\/strong><\/p>\n","protected":false},"excerpt":{"rendered":"<p>\u017bARY | Miejskie Muzeum Pogranicza \u015al\u0105sko-\u0141u\u017cyckiego po pandemicznej przerwie otwarte jest ponownie od 8 maja. Nadal jednak obowi\u0105zuj\u0105 pewne ograniczenia. Kiedy mo\u017cna zajrze\u0107 do muzeum mieszcz\u0105cego si\u0119 przy Pl. Kardyna\u0142a Wyszy\u0144skiego? Je\u015bli chodzi o weekendy, plac\u00f3wka otwarta jest dla wszystkich w soboty od godz. 12.00 do 16.00, natomiast w niedziele od 14.00 do 18.00. W [&hellip;]<\/p>\n","protected":false},"author":4,"featured_media":15386,"comment_status":"closed","ping_status":"closed","sticky":false,"template":"","format":"standard","meta":{"_monsterinsights_skip_tracking":false,"_monsterinsights_sitenote_active":false,"_monsterinsights_sitenote_note":"","_monsterinsights_sitenote_category":0,"footnotes":""},"categories":[20,25,28],"tags":[2059,66],"class_list":["post-15385","post","type-post","status-publish","format-standard","has-post-thumbnail","hentry","category-informacje","category-kultura-i-rozrywka","category-wiadomosci","tag-muzeum","tag-zary"],"_links":{"self":[{"href":"https:\/\/moja24.pl\/index.php\/wp-json\/wp\/v2\/posts\/15385","targetHints":{"allow":["GET"]}}],"collection":[{"href":"https:\/\/moja24.pl\/index.php\/wp-json\/wp\/v2\/posts"}],"about":[{"href":"https:\/\/moja24.pl\/index.php\/wp-json\/wp\/v2\/types\/post"}],"author":[{"embeddable":true,"href":"https:\/\/moja24.pl\/index.php\/wp-json\/wp\/v2\/users\/4"}],"replies":[{"embeddable":true,"href":"https:\/\/moja24.pl\/index.php\/wp-json\/wp\/v2\/comments?post=15385"}],"version-history":[{"count":1,"href":"https:\/\/moja24.pl\/index.php\/wp-json\/wp\/v2\/posts\/15385\/revisions"}],"predecessor-version":[{"id":15387,"href":"https:\/\/moja24.pl\/index.php\/wp-json\/wp\/v2\/posts\/15385\/revisions\/15387"}],"wp:featuredmedia":[{"embeddable":true,"href":"https:\/\/moja24.pl\/index.php\/wp-json\/wp\/v2\/media\/15386"}],"wp:attachment":[{"href":"https:\/\/moja24.pl\/index.php\/wp-json\/wp\/v2\/media?parent=15385"}],"wp:term":[{"taxonomy":"category","embeddable":true,"href":"https:\/\/moja24.pl\/index.php\/wp-json\/wp\/v2\/categories?post=15385"},{"taxonomy":"post_tag","embeddable":true,"href":"https:\/\/moja24.pl\/index.php\/wp-json\/wp\/v2\/tags?post=15385"}],"curies":[{"name":"wp","href":"https:\/\/api.w.org\/{rel}","templated":true}]}}