{"id":15403,"date":"2020-06-12T14:55:34","date_gmt":"2020-06-12T12:55:34","guid":{"rendered":"http:\/\/moja24.pl\/?p=15403"},"modified":"2021-01-06T14:58:40","modified_gmt":"2021-01-06T13:58:40","slug":"do-aresztu-za-podatki","status":"publish","type":"post","link":"https:\/\/moja24.pl\/index.php\/2020\/06\/12\/do-aresztu-za-podatki\/","title":{"rendered":"Do aresztu za podatki"},"content":{"rendered":"<p><strong>\u017bARY | Na trzy miesi\u0105ce do aresztu trafi\u0142 30-letni przedsi\u0119biorca, zatrzymany przez policjant\u00f3w z \u017carskiej komendy. M\u0119\u017cczyzna podejrzany jest o oszustwa podatkowe na ponad 3,5 mln z\u0142otych.<\/strong><\/p>\n<p>Policjanci z Komendy Powiatowej Policji w \u017barach zajmuj\u0105cy si\u0119 zwalczaniem przest\u0119pczo\u015bci gospodarczej, prowadz\u0105 \u015bledztwo powierzone pod nadzorem Prokuratury Rejonowej<br \/>\nw \u017barach w sprawie uszczuplenia nale\u017cno\u015bci publicznoprawnej.<br \/>\nW minionym tygodniu funkcjonariusze zatrzymali 30-letniego przedsi\u0119biorc\u0119 z \u017bar, kt\u00f3ry podejrzany jest o oszustwo podatkowe na kwot\u0119 ponad 3,5 mln. z\u0142otych. Podczas przeprowadzonych przeszuka\u0144 \u015bledczy zabezpieczyli dokumentacj\u0119 ksi\u0119gow\u0105 prowadzonej przez niego firmy. Na podstawie zgromadzonego materia\u0142u dowodowego prokurator przedstawi\u0142 podejrzanemu zarzuty dotycz\u0105ce zatajania w sk\u0142adanych przez niego deklaracjach podatkowych, prawdy co do rzeczywistej sprzeda\u017cy produkt\u00f3w, czym spowodowa\u0142 uszczuplenie nale\u017cno\u015bci publicznoprawnej du\u017cej warto\u015bci, nie mniejszej ni\u017c 3,5 mln. z\u0142otych. S\u0105d Rejonowy w \u017barach przychyli\u0142 si\u0119 do wniosku Prokuratury Rejonowej<br \/>\nw \u017barach i aresztowa\u0142 30-latka na trzy miesi\u0105ce. Sprawa ma charakter rozwojowy. M\u0119\u017cczy\u017anie mo\u017ce grozi\u0107 wysoka grzywna, kara pozbawienia wolno\u015bci lub obie te kary \u0142\u0105cznie.<\/p>\n<p style=\"text-align: right;\"><strong>kom. Aneta Berestecka<\/strong><\/p>\n","protected":false},"excerpt":{"rendered":"<p>\u017bARY | Na trzy miesi\u0105ce do aresztu trafi\u0142 30-letni przedsi\u0119biorca, zatrzymany przez policjant\u00f3w z \u017carskiej komendy. M\u0119\u017cczyzna podejrzany jest o oszustwa podatkowe na ponad 3,5 mln z\u0142otych. Policjanci z Komendy Powiatowej Policji w \u017barach zajmuj\u0105cy si\u0119 zwalczaniem przest\u0119pczo\u015bci gospodarczej, prowadz\u0105 \u015bledztwo powierzone pod nadzorem Prokuratury Rejonowej w \u017barach w sprawie uszczuplenia nale\u017cno\u015bci publicznoprawnej. W minionym [&hellip;]<\/p>\n","protected":false},"author":4,"featured_media":15404,"comment_status":"closed","ping_status":"closed","sticky":false,"template":"","format":"standard","meta":{"_monsterinsights_skip_tracking":false,"_monsterinsights_sitenote_active":false,"_monsterinsights_sitenote_note":"","_monsterinsights_sitenote_category":0,"footnotes":""},"categories":[20,28,21],"tags":[],"class_list":["post-15403","post","type-post","status-publish","format-standard","has-post-thumbnail","hentry","category-informacje","category-wiadomosci","category-wypadki-przypadki"],"_links":{"self":[{"href":"https:\/\/moja24.pl\/index.php\/wp-json\/wp\/v2\/posts\/15403","targetHints":{"allow":["GET"]}}],"collection":[{"href":"https:\/\/moja24.pl\/index.php\/wp-json\/wp\/v2\/posts"}],"about":[{"href":"https:\/\/moja24.pl\/index.php\/wp-json\/wp\/v2\/types\/post"}],"author":[{"embeddable":true,"href":"https:\/\/moja24.pl\/index.php\/wp-json\/wp\/v2\/users\/4"}],"replies":[{"embeddable":true,"href":"https:\/\/moja24.pl\/index.php\/wp-json\/wp\/v2\/comments?post=15403"}],"version-history":[{"count":1,"href":"https:\/\/moja24.pl\/index.php\/wp-json\/wp\/v2\/posts\/15403\/revisions"}],"predecessor-version":[{"id":15405,"href":"https:\/\/moja24.pl\/index.php\/wp-json\/wp\/v2\/posts\/15403\/revisions\/15405"}],"wp:featuredmedia":[{"embeddable":true,"href":"https:\/\/moja24.pl\/index.php\/wp-json\/wp\/v2\/media\/15404"}],"wp:attachment":[{"href":"https:\/\/moja24.pl\/index.php\/wp-json\/wp\/v2\/media?parent=15403"}],"wp:term":[{"taxonomy":"category","embeddable":true,"href":"https:\/\/moja24.pl\/index.php\/wp-json\/wp\/v2\/categories?post=15403"},{"taxonomy":"post_tag","embeddable":true,"href":"https:\/\/moja24.pl\/index.php\/wp-json\/wp\/v2\/tags?post=15403"}],"curies":[{"name":"wp","href":"https:\/\/api.w.org\/{rel}","templated":true}]}}