{"id":15426,"date":"2020-06-19T15:23:38","date_gmt":"2020-06-19T13:23:38","guid":{"rendered":"http:\/\/moja24.pl\/?p=15426"},"modified":"2021-01-06T15:27:16","modified_gmt":"2021-01-06T14:27:16","slug":"kolejne-tereny-dla-firm","status":"publish","type":"post","link":"https:\/\/moja24.pl\/index.php\/2020\/06\/19\/kolejne-tereny-dla-firm\/","title":{"rendered":"Kolejne tereny dla firm"},"content":{"rendered":"<p><strong>GMINA \u017bARY | Na pierwsz\u0105 stref\u0119 przemys\u0142ow\u0105 zlokalizowan\u0105 mi\u0119dzy drogami wylotowymi z \u017bar na Zielon\u0105 G\u00f3r\u0119 i Lubomy\u015bl gmina pozyska\u0142a prawie 1,2 miliona z\u0142otych. Jest gotowa. Pierwsze dwie firmy kupi\u0142y ju\u017c dzia\u0142ki. Opr\u00f3cz tego, jest jeszcze kolejny teren pod inwestycje.<\/strong><\/p>\n<p>&#8211; Mamy te\u017c inne tereny, po\u0142o\u017cone przy drodze krajowej nr 12 z \u017bar w kierunku \u0141\u0119knicy, s\u0105siaduj\u0105ce z firm\u0105 Magnaplast w Sieniawie \u017barskiej, kt\u00f3re wcze\u015bniej, w planie zagospodarowania przestrzennego, przewidziane by\u0142y pod osiedle domk\u00f3w jednorodzinnych &#8211; m\u00f3wi w\u00f3jt gminy \u017bary Leszek Mro\u017cek. &#8211; Przez ostatnich pi\u0119\u0107 lat, od kiedy jestem tu w\u00f3jtem, nikt nie by\u0142 zainteresowany tym terenem, dlatego postanowi\u0142em zmieni\u0107 poprzedni plan zagospodarowania przestrzennego i zamiast dzia\u0142ek budowlanych mamy tam ju\u017c dzia\u0142ki przemys\u0142owe.<\/p>\n<p>Procedury trwa\u0142y 1,5 roku, ale wszystko zako\u0144czy\u0142o si\u0119 zgodnie z za\u0142o\u017ceniami.<br \/>\nDzia\u0142ki nie s\u0105 jeszcze w pe\u0142ni uzbrojone. Jest na razie woda. Potrzeba jeszcze pr\u0105du. Pomimo tego, pierwsza zosta\u0142a ju\u017c sprzedana, i to jedna z wi\u0119kszych. Nabywc\u0105 jest wspomniana firma Magnaplast, kt\u00f3ra kupi\u0142a teren przylegaj\u0105cy do obecnie zajmowanego.<br \/>\nDla gminy to nie tylko jednorazowy zastrzyk got\u00f3wki pochodz\u0105cy z samej sprzeda\u017cy, ale te\u017c coroczne dochody w postaci podatku od nieruchomo\u015bci.<\/p>\n<p>&#8211; Mamy tam jeszcze kolejne dzia\u0142ki, po lewej stronie drogi na \u0141\u0119knic\u0119 w granicach 3,5 hektara, a po prawej oko\u0142o 8 hektar\u00f3w &#8211; m\u00f3wi Leszek Mro\u017cek. &#8211; Te tereny b\u0119dziemy powoli dozbraja\u0107.<\/p>\n<p>Ale ju\u017c teraz kolejne dzia\u0142ki w tym rejonie mo\u017cna kupowa\u0107. Nie b\u0119d\u0105 jednak ta\u0144sze ni\u017c inne. Cena zakupu b\u0119dzie taka, jak dla dzia\u0142ki gminnej w pe\u0142ni uzbrojonej.<\/p>\n<p>&#8211; W tych czasach doprowadzenie pr\u0105du nie jest \u017cadnym problemem &#8211; m\u00f3wi w\u00f3jt Mro\u017cek.<\/p>\n<p>Generalna Dyrekcja Dr\u00f3g Krajowych i Autostrad przebuduje odcinek drogi w s\u0105siedztwie Magnaplastu i skrzy\u017cowania z drog\u0105 w kierunku Sieniawy. B\u0119d\u0105 dodatkowe zjazdy, kt\u00f3re usprawni\u0105 ruch pojazd\u00f3w w tym miejscu. Prace maj\u0105 si\u0119 rozpocz\u0105\u0107 pod koniec tego, albo na pocz\u0105tku przysz\u0142ego roku.<\/p>\n<p>W\u00f3jt zachwala obydwie lokalizacje gminnych teren\u00f3w inwestycyjnych, przede wszystkim ze wzgl\u0119du na dobr\u0105 komunikacj\u0119 w r\u00f3\u017cnych kierunkach &#8211; na Zielon\u0105 G\u00f3r\u0119, Wroc\u0142aw, czy w kierunku granicy z Niemcami. I jak na razie, miejsc dla potencjalnych ch\u0119tnych nie brakuje. <strong>ATB<\/strong><\/p>\n","protected":false},"excerpt":{"rendered":"<p>GMINA \u017bARY | Na pierwsz\u0105 stref\u0119 przemys\u0142ow\u0105 zlokalizowan\u0105 mi\u0119dzy drogami wylotowymi z \u017bar na Zielon\u0105 G\u00f3r\u0119 i Lubomy\u015bl gmina pozyska\u0142a prawie 1,2 miliona z\u0142otych. Jest gotowa. Pierwsze dwie firmy kupi\u0142y ju\u017c dzia\u0142ki. Opr\u00f3cz tego, jest jeszcze kolejny teren pod inwestycje. &#8211; Mamy te\u017c inne tereny, po\u0142o\u017cone przy drodze krajowej nr 12 z \u017bar w kierunku [&hellip;]<\/p>\n","protected":false},"author":4,"featured_media":15427,"comment_status":"closed","ping_status":"closed","sticky":false,"template":"","format":"standard","meta":{"_monsterinsights_skip_tracking":false,"_monsterinsights_sitenote_active":false,"_monsterinsights_sitenote_note":"","_monsterinsights_sitenote_category":0,"footnotes":""},"categories":[20,28],"tags":[269,442],"class_list":["post-15426","post","type-post","status-publish","format-standard","has-post-thumbnail","hentry","category-informacje","category-wiadomosci","tag-gmina-zary","tag-leszek-mrozek"],"_links":{"self":[{"href":"https:\/\/moja24.pl\/index.php\/wp-json\/wp\/v2\/posts\/15426","targetHints":{"allow":["GET"]}}],"collection":[{"href":"https:\/\/moja24.pl\/index.php\/wp-json\/wp\/v2\/posts"}],"about":[{"href":"https:\/\/moja24.pl\/index.php\/wp-json\/wp\/v2\/types\/post"}],"author":[{"embeddable":true,"href":"https:\/\/moja24.pl\/index.php\/wp-json\/wp\/v2\/users\/4"}],"replies":[{"embeddable":true,"href":"https:\/\/moja24.pl\/index.php\/wp-json\/wp\/v2\/comments?post=15426"}],"version-history":[{"count":1,"href":"https:\/\/moja24.pl\/index.php\/wp-json\/wp\/v2\/posts\/15426\/revisions"}],"predecessor-version":[{"id":15428,"href":"https:\/\/moja24.pl\/index.php\/wp-json\/wp\/v2\/posts\/15426\/revisions\/15428"}],"wp:featuredmedia":[{"embeddable":true,"href":"https:\/\/moja24.pl\/index.php\/wp-json\/wp\/v2\/media\/15427"}],"wp:attachment":[{"href":"https:\/\/moja24.pl\/index.php\/wp-json\/wp\/v2\/media?parent=15426"}],"wp:term":[{"taxonomy":"category","embeddable":true,"href":"https:\/\/moja24.pl\/index.php\/wp-json\/wp\/v2\/categories?post=15426"},{"taxonomy":"post_tag","embeddable":true,"href":"https:\/\/moja24.pl\/index.php\/wp-json\/wp\/v2\/tags?post=15426"}],"curies":[{"name":"wp","href":"https:\/\/api.w.org\/{rel}","templated":true}]}}