{"id":15429,"date":"2020-06-19T15:27:19","date_gmt":"2020-06-19T13:27:19","guid":{"rendered":"http:\/\/moja24.pl\/?p=15429"},"modified":"2021-01-06T15:37:02","modified_gmt":"2021-01-06T14:37:02","slug":"pasjonat-zaopiekowal-sie-kosciolem-w-straszowie","status":"publish","type":"post","link":"https:\/\/moja24.pl\/index.php\/2020\/06\/19\/pasjonat-zaopiekowal-sie-kosciolem-w-straszowie\/","title":{"rendered":"Pasjonat zaopiekowa\u0142 si\u0119 ko\u015bcio\u0142em w Straszowie"},"content":{"rendered":"<p><strong>GMINA PRZEW\u00d3Z | Przez p\u00f3\u0142tora wieku zdany na w\u0142asny los, porzucony przez ludzi, ko\u015bci\u00f3\u0142 <\/strong><strong>w Straszowie powoli zacz\u0105\u0142 si\u0119 rozpada\u0107. Si\u0142y natury s\u0105 bezlitosne. Deszcz, wiatr i mr\u00f3z konsekwentnie robi\u0142y swoje. Post\u0119puj\u0105ce dzie\u0142o zniszczenia dokonywa\u0142o si\u0119 w ukryciu, w\u015br\u00f3d wybuja\u0142ej wok\u00f3\u0142 dziko zieleni. Trudno powiedzie\u0107, ile jeszcze lat potrzebowa\u0142aby natura, aby ten zabytek znikn\u0105\u0142 z powierzchni ziemi na dobre. Ale tak si\u0119 na szcz\u0119\u015bcie nie stanie.<\/strong><\/p>\n<p>Przekona\u0142em si\u0119 o tym na w\u0142asne oczy i to&#8230; przecieraj\u0105c oczy ze zdumienia. Ostatni raz odwiedzi\u0142em to miejsce pod koniec ubieg\u0142ego wieku. Pami\u0119tam wie\u017c\u0119 i resztki mur\u00f3w wy\u0142aniaj\u0105ce si\u0119 z zaro\u015bli. P\u00f3\u017aniej wiele razy przeje\u017cd\u017ca\u0142em poblisk\u0105 drog\u0105 i czasem tylko spojrza\u0142em w stron\u0119 ko\u015bcielnej wie\u017cy bez cienia nadziei, \u017ce cokolwiek mo\u017ce si\u0119 tam jeszcze wydarzy\u0107.<\/p>\n<p>Jak wi\u0119c trafi\u0142em do zabytkowego ko\u015bcio\u0142a ponownie? Dzi\u0119ki kole\u017cance, kt\u00f3ra pewnego dnia, przy jakiej\u015b rozmowie na zupe\u0142nie inny temat, powiedzia\u0142a \u017ce musz\u0119 koniecznie pojecha\u0107 do Straszowa. W ko\u0144cu pojecha\u0142em i nie \u017ca\u0142uj\u0119.<\/p>\n<p><strong>Odkrywanie historii<\/strong><br \/>\nStrasz\u00f3w po\u0142o\u017cony jest przy drodze krajowej nr 27. Jad\u0105c z \u017bar w kierunku na Przew\u00f3z mia\u0142em do pokonania niespe\u0142na dwadzie\u015bcia kilometr\u00f3w. Ruin ko\u015bcio\u0142a nie spos\u00f3b przeoczy\u0107. Stoj\u0105 praktycznie przy samej drodze.<\/p>\n<p>Podchodz\u0119 bli\u017cej i widz\u0119&#8230; no w\u0142a\u015bnie, widz\u0119 po raz pierwszy zabytek w ca\u0142ej okaza\u0142o\u015bci, jaka pozosta\u0142a do naszych czas\u00f3w. Znikn\u0119\u0142y zaro\u015bla. Ju\u017c na pierwszy rzut oka wida\u0107, jaki ogrom pracy kto\u015b musia\u0142 wykona\u0107, aby wydrze\u0107 to miejsce z r\u0105k dzikiej przyrody. Teren wygl\u0105da na zadbany, jakby mia\u0142 gospodarza.<\/p>\n<p>I rzeczywi\u015bcie ma. Tak pozna\u0142em pana Krzysztofa, niew\u0105tpliwie cz\u0142owieka z pasj\u0105, fantazj\u0105, a przy tym bardzo skromnego w\u0142a\u015bciciela ruin w Straszowie.<\/p>\n<p>&#8211; Naby\u0142em ten teren od gminy w przetargu za prawie symboliczn\u0105 kwot\u0119, by\u0142 on bardzo zaniedbany, nikt si\u0119 nim nie interesowa\u0142, a dla samej gminy by\u0142 to du\u017cy problem &#8211; m\u00f3wi w\u0142a\u015bciciel opiekuj\u0105cy si\u0119 obiektem od oko\u0142o czterech lat. &#8211; Tak naprawd\u0119 by\u0142o to poro\u015bni\u0119te chaszczami \u015bmietnisko, ale zawsze interesowa\u0142y mnie takie miejsca, podobnie jak historia w og\u00f3le.<\/p>\n<p>Pewnego dnia pan Krzysztof poszed\u0142 do urz\u0119du gminy i zaproponowa\u0142, \u017ce zaopiekuje si\u0119 zabytkiem. Urz\u0119dnikom najwyra\u017aniej pomys\u0142 przypad\u0142 do gustu, uruchomili procedury i ko\u015bci\u00f3\u0142 znalaz\u0142 nowego gospodarza. Dla niezbyt bogatej gminy to rzeczywi\u015bcie by\u0142 problem praktycznie nie do rozwi\u0105zania. Bud\u017cet jest, jaki jest, a mieszka\u0144cy przede wszystkim oczekuj\u0105 nowych dr\u00f3g, chodnik\u00f3w i inwestycji zwi\u0105zanych z codziennym \u017cyciem. Pieni\u0105dze na ratowanie ruin zawsze b\u0119d\u0105 gdzie\u015b na ko\u0144cu d\u0142ugiej listy niezb\u0119dnych wydatk\u00f3w.<br \/>\n\u017bycie pokazuje, \u017ce oddawanie zabytk\u00f3w w r\u0119ce prywatne ma skutki bardzo r\u00f3\u017cne. Niekt\u00f3rzy o nie dbaj\u0105, przywracaj\u0105 im dawny blask, lub chocia\u017c odkurzaj\u0105 z wieloletnich warstw zaniedba\u0144. S\u0105 te\u017c tacy, kt\u00f3rzy nie robi\u0105 nic, czy te\u017c bardzo niewiele, skazuj\u0105c tym samym posiadane obiekty na dalsz\u0105 degradacj\u0119. Ju\u017c po kr\u00f3tkim spacerze wok\u00f3\u0142 straszowskich ruin zda\u0142em sobie spraw\u0119, \u017ce ko\u015bci\u00f3\u0142 ten w ko\u0144cu szcz\u0119\u015bliwie trafi\u0142 w dobre r\u0119ce.<\/p>\n<p><strong>Krok po kroku<\/strong><br \/>\nJednej parze r\u0105k \u017cycia by nie starczy\u0142o, \u017ceby zrobi\u0107 wszystko, co do tej pory zosta\u0142o ju\u017c zrobione przez ostatnich kilka lat. Jak zapewnia w\u0142a\u015bciciel, przy realizacji ca\u0142ego przedsi\u0119wzi\u0119cia ma ogromne wsparcie ze strony znajomych, ale tak\u017ce Stowarzyszenia Militarno &#8211; Historycznego \u201eSzaruga\u201d oraz powstaj\u0105cego \u201eMuzeum Wojen i \u017bycia\u201d.<br \/>\nZacz\u0119\u0142o si\u0119 od porz\u0105dkowania i wycinki dzikich zaro\u015bli. Nie wystarczy\u0142a siekierka<br \/>\ni kosa. Prawdziw\u0105 walk\u0119 stoczyli przy wyci\u0105ganiu z ziemi korzeni drzew, kt\u00f3re poros\u0142y ten teren przez lata.<\/p>\n<p>&#8211; Umocnili\u015bmy skarp\u0119 i odkopali\u015bmy bram\u0119 &#8211; wspomina z przej\u0119ciem pan Krzysztof. &#8211; Jaka by\u0142a wtedy rado\u015b\u0107, gdy spod warstwy piachu i ziemi wy\u0142oni\u0142 si\u0119 \u015bredniowieczny bruk.<\/p>\n<p>Od razu wida\u0107, \u017ce na pasjonat\u00f3w trafi\u0142o, kt\u00f3rzy ciesz\u0105 si\u0119 z odkrycia kamieni, jakby to by\u0142a co najmniej skrzynka z\u0142otych monet. Je\u015bli w tym &#8211; jednym z nielicznych w Polsce ko\u015bcio\u0142\u00f3w<br \/>\no charakterze obronnym, le\u017c\u0105cym przy historycznym trakcie handlowym &#8211; jakie\u015b skarby kiedy\u015b ukryto, to w przeci\u0105gu minionych wiek\u00f3w ju\u017c z pewno\u015bci\u0105 dawno trafi\u0142y w r\u0119ce poszukiwaczy takiego w\u0142a\u015bnie bogactwa. Ale co tam szkodzi pofantazjowa\u0107 sobie o z\u0142otych pozosta\u0142o\u015bciach dawnego, bogatego ksi\u0119stwa i dziejach XIV-wiecznego ko\u015bcio\u0142a.<\/p>\n<figure id=\"attachment_15431\" aria-describedby=\"caption-attachment-15431\" style=\"width: 640px\" class=\"wp-caption aligncenter\"><img loading=\"lazy\" decoding=\"async\" class=\"size-large wp-image-15431\" src=\"http:\/\/moja24.pl\/wp-content\/uploads\/2021\/01\/20200608_121540-1024x768.jpg\" alt=\"\" width=\"640\" height=\"480\" srcset=\"https:\/\/moja24.pl\/wp-content\/uploads\/2021\/01\/20200608_121540-1024x768.jpg 1024w, https:\/\/moja24.pl\/wp-content\/uploads\/2021\/01\/20200608_121540-300x225.jpg 300w, https:\/\/moja24.pl\/wp-content\/uploads\/2021\/01\/20200608_121540-768x576.jpg 768w, https:\/\/moja24.pl\/wp-content\/uploads\/2021\/01\/20200608_121540-1536x1152.jpg 1536w, https:\/\/moja24.pl\/wp-content\/uploads\/2021\/01\/20200608_121540-80x60.jpg 80w, https:\/\/moja24.pl\/wp-content\/uploads\/2021\/01\/20200608_121540-265x198.jpg 265w, https:\/\/moja24.pl\/wp-content\/uploads\/2021\/01\/20200608_121540-696x522.jpg 696w, https:\/\/moja24.pl\/wp-content\/uploads\/2021\/01\/20200608_121540-1068x801.jpg 1068w, https:\/\/moja24.pl\/wp-content\/uploads\/2021\/01\/20200608_121540-560x420.jpg 560w, https:\/\/moja24.pl\/wp-content\/uploads\/2021\/01\/20200608_121540-400x300.jpg 400w, https:\/\/moja24.pl\/wp-content\/uploads\/2021\/01\/20200608_121540.jpg 2000w\" sizes=\"auto, (max-width: 640px) 100vw, 640px\" \/><figcaption id=\"caption-attachment-15431\" class=\"wp-caption-text\">Wn\u0119trze wie\u017cy, po kt\u00f3rej niedawno hula\u0142 tylko wiatr. fot. Andrzej Buczy\u0144ski<\/figcaption><\/figure>\n<p>&#8211; Na tych terenach ci\u0105gle by\u0142y jakie\u015b wojny, nie tylko na tle religijnym, a wi\u0119c i sam ko\u015bci\u00f3\u0142 przechodzi\u0142 te\u017c z r\u0105k do r\u0105k &#8211; m\u00f3wi pan Krzysztof. &#8211; Przy pracach wok\u00f3\u0142 mur\u00f3w znale\u017ali\u015bmy rozp\u0142aszczone kule muszkietowe \u015bwiadcz\u0105ce o burzliwych dziejach tego miejsca.<br \/>\nId\u0105c powoli wzd\u0142u\u017c resztek mur\u00f3w okalaj\u0105cych sam ko\u015bci\u00f3\u0142, ws\u0142uchuj\u0119 si\u0119 w historyczne ciekawostki, jakimi obficie raczy mnie pan Krzysztof. Zastanawiam si\u0119, ile\u017c to ludzkich los\u00f3w zwi\u0105zanych by\u0142o przez wieki z tym miejscem, ile\u017c by\u0142o zdarze\u0144 rozmaitych, kt\u00f3rych niemymi \u015bwiadkami s\u0105 dzi\u015b tylko kamienie.<\/p>\n<p>Ogl\u0105dam miejsca w murach, ubytki uzupe\u0142nione niedawno kamieniami i r\u0119cznie robion\u0105 zapraw\u0105. Widz\u0119, jak pan Krzysztof cieszy si\u0119 szczerze z ka\u017cdej wykonanej pracy, z uratowanego \u0142uku bramy wej\u015bciowej, wzmocnionego fragmentu rozsypuj\u0105cej si\u0119 do tej pory \u015bciany. Efekty s\u0105 widoczne, a trzeba wzi\u0105\u0107 pod uwag\u0119, \u017ce wszystko na tym terenie robione jest hobbystycznie, gdy s\u0105 akurat ch\u0119ci i czas na to pozwoli.<\/p>\n<p>Zamys\u0142em w\u0142a\u015bciciela nie jest odtworzenie ko\u015bcio\u0142a sprzed wiek\u00f3w. Jak sam twierdzi, ma by\u0107 to co\u015b w rodzaju ruiny romantycznej, gdzie mo\u017cna sp\u0119dzi\u0107 czas, w pi\u0119knym otoczeniu, obcuj\u0105c z przyrod\u0105 i histori\u0105. Wszelkie dotychczasowe dzia\u0142ania mia\u0142y na celu zabezpieczenie przed dalszymi zniszczeniami. A do zrobienia jest jeszcze wiele.<\/p>\n<p><strong>Wie\u017ca z widokiem<\/strong><br \/>\nNajwi\u0119ksze wra\u017cenie zrobi\u0142a na mnie kamienna wie\u017ca, a dok\u0142adnie to, co w niej jest, a czego niedawno jeszcze nie by\u0142o.<br \/>\nNowy w\u0142a\u015bciciel zasta\u0142 j\u0105 zupe\u0142nie pust\u0105 w \u015brodku, wype\u0142nion\u0105 powietrzem otoczonym murami. Dzi\u015b w jej wn\u0119trzu znajduje si\u0119 drewniana konstrukcja, dwa poziomy pomieszcze\u0144 i strome schodki wiod\u0105ce na sam szczyt. Sala na pierwszym \u201epi\u0119trze\u201d z d\u0119bowym opalanym sto\u0142em i rze\u017abionymi krzes\u0142ami wygl\u0105da tak, jakby przed chwil\u0105 wyszli z niej po zako\u0144czonej wieczerzy \u015bredniowieczni wojowie. Ca\u0142y ten wystr\u00f3j, cho\u0107 powsta\u0142 niedawno, naprawd\u0119 tworzy bardzo fajny klimat.<\/p>\n<p>Poinstruowany, jak bezpiecznie wchodzi\u0107 po schodkach, pokonuj\u0119 kolejne metry a\u017c na sam szczyt. Nie mog\u0119 opiera\u0107 si\u0119 o mur, bo trzeba go jeszcze wzmocni\u0107. Nie ma te\u017c barierek zabezpieczaj\u0105cych, ale to nie jest miejsce swobodnie dost\u0119pne dla turyst\u00f3w. Stoj\u0119 na drewnianym dachu, dzi\u0119ki kt\u00f3remu woda nie leje si\u0119 do wn\u0119trza wie\u017cy. Rozgl\u0105dam si\u0119 po okolicy. Ciekawe, co czu\u0142 stoj\u0105cy tu przed wiekami cz\u0142owiek wypatruj\u0105cy nadchodz\u0105cych wojsk wroga.<\/p>\n<p>Wracam jednak na ziemi\u0119, a raczej do tego na czym stoj\u0119 i z in\u017cyniersk\u0105 ciekawo\u015bci\u0105 pytam, jak uda\u0142o si\u0119 wybudowa\u0107 tak\u0105 drewnian\u0105 konstrukcj\u0119 wewn\u0105trz wie\u017cy. S\u0142ysz\u0119 opowie\u015b\u0107 wci\u0105ganiu bel za pomoc\u0105 lin przez znajomego stolarza i o walce z szerszeniami, kt\u00f3re bez niczyjej zgody zadomowi\u0142y si\u0119 na szczycie wie\u017cy&#8230;<\/p>\n<p>Drugie \u017cycie ruin w Straszowie to przyk\u0142ad, \u017ce wystarcz\u0105 ch\u0119ci, zmieszane z odrobin\u0105 determinacji oraz pasji, a rzeczy niemo\u017cliwe staj\u0105 si\u0119 realne.<\/p>\n<figure id=\"attachment_15432\" aria-describedby=\"caption-attachment-15432\" style=\"width: 640px\" class=\"wp-caption aligncenter\"><img loading=\"lazy\" decoding=\"async\" class=\"size-large wp-image-15432\" src=\"http:\/\/moja24.pl\/wp-content\/uploads\/2021\/01\/20200608_122207-1024x768.jpg\" alt=\"\" width=\"640\" height=\"480\" srcset=\"https:\/\/moja24.pl\/wp-content\/uploads\/2021\/01\/20200608_122207-1024x768.jpg 1024w, https:\/\/moja24.pl\/wp-content\/uploads\/2021\/01\/20200608_122207-300x225.jpg 300w, https:\/\/moja24.pl\/wp-content\/uploads\/2021\/01\/20200608_122207-768x576.jpg 768w, https:\/\/moja24.pl\/wp-content\/uploads\/2021\/01\/20200608_122207-1536x1152.jpg 1536w, https:\/\/moja24.pl\/wp-content\/uploads\/2021\/01\/20200608_122207-80x60.jpg 80w, https:\/\/moja24.pl\/wp-content\/uploads\/2021\/01\/20200608_122207-265x198.jpg 265w, https:\/\/moja24.pl\/wp-content\/uploads\/2021\/01\/20200608_122207-696x522.jpg 696w, https:\/\/moja24.pl\/wp-content\/uploads\/2021\/01\/20200608_122207-1068x801.jpg 1068w, https:\/\/moja24.pl\/wp-content\/uploads\/2021\/01\/20200608_122207-560x420.jpg 560w, https:\/\/moja24.pl\/wp-content\/uploads\/2021\/01\/20200608_122207-400x300.jpg 400w, https:\/\/moja24.pl\/wp-content\/uploads\/2021\/01\/20200608_122207.jpg 2000w\" sizes=\"auto, (max-width: 640px) 100vw, 640px\" \/><figcaption id=\"caption-attachment-15432\" class=\"wp-caption-text\">Widok z wie\u017cy straszowskiego ko\u015bcio\u0142a. fot. Andrzej Buczy\u0144ski<\/figcaption><\/figure>\n<p><strong>Zaproszenie<\/strong><br \/>\nSolidne drzwi broni\u0105 dost\u0119pu do wie\u017cy. Zdarza si\u0119, \u017ce mo\u017cna wej\u015b\u0107 do \u015brodka, ale tylko za zgod\u0105 i pod opiek\u0105 w\u0142a\u015bciciela zabytku. Za to ca\u0142y teren wok\u00f3\u0142 jest og\u00f3lnodost\u0119pny. W\u0142a\u015bciciel nie ma nic przeciwko temu, aby kto\u015b przyszed\u0142, pospacerowa\u0142 sobie, czy odpocz\u0105\u0142 chocia\u017cby na jednej z \u0142awek wok\u00f3\u0142 miejsca na ognisko. Jest tam nawet hu\u015btawka na sznurze przywi\u0105zanym do ga\u0142\u0119zi drzewa. Mo\u017cna tam sobie nawet zrobi\u0107 zdj\u0119cie z kamiennym Boles\u0142awem Chrobrym.<\/p>\n<p>Jak twierdzi pan Krzysztof, o dziwo nawet nie ma problemu ze \u015bmieciami. Jakim\u015b cudem prawie wszyscy tu zagl\u0105daj\u0105cy zachowuj\u0105 si\u0119 w spos\u00f3b cywilizowany. I oby tak zosta\u0142o.<br \/>\nW towarzystwie ko\u015bcielnych ruin, a przede wszystkim ich sympatycznego w\u0142a\u015bciciela i gospodarza, sp\u0119dzi\u0142em dwie godziny. Ten czas min\u0105\u0142 bardzo szybko. Z pewno\u015bci\u0105 nie raz jeszcze tam zajrz\u0119. Warto zobaczy\u0107 to miejsce, traktuj\u0105c je cho\u0107by jako przystanek na trasie wycieczki rowerowej.<\/p>\n<p>Zawsze podziwia\u0142em ludzi, kt\u00f3rzy udowadniali, \u017ce chcie\u0107 to m\u00f3c. Ludzi, kt\u00f3rych pasje sprawia\u0142y, \u017ce dzia\u0142o si\u0119 co\u015b dobrego. Mia\u0142em przyjemno\u015b\u0107 pozna\u0107 kolejnego takiego cz\u0142owieka, kt\u00f3ry ratuje zabytek skazany na zapomnienie.<\/p>\n<p style=\"text-align: right;\"><strong>Andrzej Buczy\u0144ski<\/strong><\/p>\n<figure id=\"attachment_15433\" aria-describedby=\"caption-attachment-15433\" style=\"width: 640px\" class=\"wp-caption aligncenter\"><img loading=\"lazy\" decoding=\"async\" class=\"size-large wp-image-15433\" src=\"http:\/\/moja24.pl\/wp-content\/uploads\/2021\/01\/20200608_125714-1024x768.jpg\" alt=\"\" width=\"640\" height=\"480\" srcset=\"https:\/\/moja24.pl\/wp-content\/uploads\/2021\/01\/20200608_125714-1024x768.jpg 1024w, https:\/\/moja24.pl\/wp-content\/uploads\/2021\/01\/20200608_125714-300x225.jpg 300w, https:\/\/moja24.pl\/wp-content\/uploads\/2021\/01\/20200608_125714-768x576.jpg 768w, https:\/\/moja24.pl\/wp-content\/uploads\/2021\/01\/20200608_125714-1536x1152.jpg 1536w, https:\/\/moja24.pl\/wp-content\/uploads\/2021\/01\/20200608_125714-80x60.jpg 80w, https:\/\/moja24.pl\/wp-content\/uploads\/2021\/01\/20200608_125714-265x198.jpg 265w, https:\/\/moja24.pl\/wp-content\/uploads\/2021\/01\/20200608_125714-696x522.jpg 696w, https:\/\/moja24.pl\/wp-content\/uploads\/2021\/01\/20200608_125714-1068x801.jpg 1068w, https:\/\/moja24.pl\/wp-content\/uploads\/2021\/01\/20200608_125714-560x420.jpg 560w, https:\/\/moja24.pl\/wp-content\/uploads\/2021\/01\/20200608_125714-400x300.jpg 400w, https:\/\/moja24.pl\/wp-content\/uploads\/2021\/01\/20200608_125714.jpg 2000w\" sizes=\"auto, (max-width: 640px) 100vw, 640px\" \/><figcaption id=\"caption-attachment-15433\" class=\"wp-caption-text\">Uporz\u0105dkowanie terenu wymaga\u0142o ogromu pracy. fot. Andrzej Buczy\u0144ski<\/figcaption><\/figure>\n","protected":false},"excerpt":{"rendered":"<p>GMINA PRZEW\u00d3Z | Przez p\u00f3\u0142tora wieku zdany na w\u0142asny los, porzucony przez ludzi, ko\u015bci\u00f3\u0142 w Straszowie powoli zacz\u0105\u0142 si\u0119 rozpada\u0107. Si\u0142y natury s\u0105 bezlitosne. Deszcz, wiatr i mr\u00f3z konsekwentnie robi\u0142y swoje. Post\u0119puj\u0105ce dzie\u0142o zniszczenia dokonywa\u0142o si\u0119 w ukryciu, w\u015br\u00f3d wybuja\u0142ej wok\u00f3\u0142 dziko zieleni. Trudno powiedzie\u0107, ile jeszcze lat potrzebowa\u0142aby natura, aby ten zabytek znikn\u0105\u0142 z [&hellip;]<\/p>\n","protected":false},"author":4,"featured_media":15430,"comment_status":"closed","ping_status":"closed","sticky":false,"template":"","format":"standard","meta":{"_monsterinsights_skip_tracking":false,"_monsterinsights_sitenote_active":false,"_monsterinsights_sitenote_note":"","_monsterinsights_sitenote_category":0,"footnotes":""},"categories":[20,24,28],"tags":[327,1087,2060],"class_list":["post-15429","post","type-post","status-publish","format-standard","has-post-thumbnail","hentry","category-informacje","category-styl-zycia","category-wiadomosci","tag-gmina-przewoz","tag-kosciol","tag-straszow"],"_links":{"self":[{"href":"https:\/\/moja24.pl\/index.php\/wp-json\/wp\/v2\/posts\/15429","targetHints":{"allow":["GET"]}}],"collection":[{"href":"https:\/\/moja24.pl\/index.php\/wp-json\/wp\/v2\/posts"}],"about":[{"href":"https:\/\/moja24.pl\/index.php\/wp-json\/wp\/v2\/types\/post"}],"author":[{"embeddable":true,"href":"https:\/\/moja24.pl\/index.php\/wp-json\/wp\/v2\/users\/4"}],"replies":[{"embeddable":true,"href":"https:\/\/moja24.pl\/index.php\/wp-json\/wp\/v2\/comments?post=15429"}],"version-history":[{"count":1,"href":"https:\/\/moja24.pl\/index.php\/wp-json\/wp\/v2\/posts\/15429\/revisions"}],"predecessor-version":[{"id":15434,"href":"https:\/\/moja24.pl\/index.php\/wp-json\/wp\/v2\/posts\/15429\/revisions\/15434"}],"wp:featuredmedia":[{"embeddable":true,"href":"https:\/\/moja24.pl\/index.php\/wp-json\/wp\/v2\/media\/15430"}],"wp:attachment":[{"href":"https:\/\/moja24.pl\/index.php\/wp-json\/wp\/v2\/media?parent=15429"}],"wp:term":[{"taxonomy":"category","embeddable":true,"href":"https:\/\/moja24.pl\/index.php\/wp-json\/wp\/v2\/categories?post=15429"},{"taxonomy":"post_tag","embeddable":true,"href":"https:\/\/moja24.pl\/index.php\/wp-json\/wp\/v2\/tags?post=15429"}],"curies":[{"name":"wp","href":"https:\/\/api.w.org\/{rel}","templated":true}]}}