{"id":15459,"date":"2020-06-29T18:36:28","date_gmt":"2020-06-29T16:36:28","guid":{"rendered":"http:\/\/moja24.pl\/?p=15459"},"modified":"2021-01-06T18:45:10","modified_gmt":"2021-01-06T17:45:10","slug":"poznal-ojcowizne","status":"publish","type":"post","link":"https:\/\/moja24.pl\/index.php\/2020\/06\/29\/poznal-ojcowizne\/","title":{"rendered":"Pozna\u0142 Ojcowizn\u0119"},"content":{"rendered":"<p><strong>GMINA \u017bARY | Mateusz Wieczorek, ucze\u0144 Katolickiej Szko\u0142y Podstawowej, laureatem Og\u00f3lnopolskiego Konkursu Krajoznawczego PTTK \u201ePoznajemy Ojcowizn\u0119\u201d.<\/strong><\/p>\n<p>Wsp\u00f3\u0142czesny patriotyzm coraz cz\u0119\u015bciej i coraz bardziej wyra\u017ca si\u0119 poprzez umi\u0142owanie stron rodzinnych i mieszkaj\u0105cych tam ludzi.<br \/>\nMa\u0142e Ojczyzny trudniej jest budowa\u0107 na tzw. Ziemiach Odzyskanych. Dopiero w 1945 roku zacz\u0105\u0142 si\u0119 tu proces tworzenia spo\u0142eczno\u015bci lokalnej. R\u00f3wnie\u017c w powiecie \u017carskim po<br \/>\nII wojnie \u015bwiatowej rozpocz\u0119\u0142a si\u0119 integracja zbieraniny ludzkiej ze wszystkich zak\u0105tk\u00f3w II Rzeczypospolitej.<br \/>\nO naszych terenach mo\u017cemy powiedzie\u0107, \u017ce jest to Europa \u015arodkowa w pigu\u0142ce. Zjechali tu rodacy z pa\u0144stw powsta\u0142ych na gruzach Austro-W\u0119gier &#8211; g\u00f3rale czadeccy z Rumunii, prawie tysi\u0105c przesiedle\u0144c\u00f3w ze S\u0142owacji, ludzie z by\u0142ej Jugos\u0142awii. Osiedli\u0142o si\u0119 p\u00f3\u0142 tysi\u0105ca zes\u0142a\u0144c\u00f3w Sybiru, ponad dwa tysi\u0105ce radzieckich \u017byd\u00f3w, przyjechali polscy robotnicy z Niemiec i Francji, pozosta\u0142a tu grupka Niemc\u00f3w.<br \/>\nAby by\u0142o jeszcze trudniej, przez nasz region przemieszczali si\u0119 r\u00f3\u017cni wojskowi i pracownicy PGR. Z tego tygla ludzkiego postawionego przy granicy pa\u0144stwowej powoli zacz\u0119\u0142o si\u0119 tworzy\u0107 spo\u0142ecze\u0144stwo.<br \/>\nZ takiej mieszanej rodziny &#8211; ojciec z Kres\u00f3w, matka ze S\u0142owacji &#8211; wywodzi si\u0119 Stanis\u0142aw Rudnicki, nauczyciel z 40-letnim sta\u017cem. Mottem jego pracy zawodowej jest pomoc<br \/>\nw budowie spo\u0142ecze\u0144stwa lokalnego, nauczanie poprzez histori\u0119 i geografi\u0119 regionaln\u0105. Pierwsze\u0144stwo ma poznanie dziej\u00f3w w\u0142asnej rodziny ucznia, bo przecie\u017c ludzie tak szybko odchodz\u0105. Wa\u017cne jest poznanie przyrody i architektury najbli\u017cszej okolicy.<br \/>\nRol\u0105 nauczyciela jest zach\u0119cenie m\u0142odzie\u017cy do poznawania Ojcowizny. Bardzo atrakcyjna jest turystyka i metodyka harcerska wspieraj\u0105ca kontakty spo\u0142eczne. Skuteczne jest anga\u017cowanie uczni\u00f3w w realizacj\u0119 projekt\u00f3w.<\/p>\n<p>&#8211; Zach\u0119camy m\u0142odzie\u017c, ich rodzic\u00f3w i nauczycieli do licznego udzia\u0142u w Og\u00f3lnopolskim Konkursie Krajoznawczym PTTK \u201ePoznajemy Ojcowizn\u0119\u201d &#8211; m\u00f3wi Stanis\u0142aw Rudnicki.<\/p>\n<p>Co roku uczniowie Szko\u0142y Katolickiej w \u017barach skupieni w Kole Regionalnym przy pomocy krewnych przygotowuj\u0105 prace o dziejach swoich rodzin, b\u0105d\u017a o ulubionych zak\u0105tkach Ma\u0142ej Ojczyzny. Co roku odnosz\u0105 sukcesy.<\/p>\n<p>W bie\u017c\u0105cej edycji konkursu na szczeblu powiatowym czworo uczni\u00f3w KSP zaj\u0119\u0142o pierwsze miejsca. Nast\u0119pnie troje zosta\u0142o laureatami szczebla wojew\u00f3dzkiego.<br \/>\nUcze\u0144 kl. VI KSP Mateusz Wieczorek wywalczy\u0142 pierwsze miejsce na szczeblu centralnym za prac\u0119 \u201e\u0141az &#8211; wie\u015b na najwy\u017cszym poziomie\u201d. Opisa\u0142 w niej przyrod\u0119 i histori\u0119 wsi po\u0142o\u017conej na Wzniesieniach \u017barskich, na skraju Zielonego Lasu. Najbardziej zaanga\u017cowa\u0142 si\u0119 w poznanie ludzi mieszkaj\u0105cych we wsi, do kt\u00f3rej Wieczorkowie sprowadzili si\u0119 siedem lat temu.<\/p>\n<p>Ucze\u0144 doszed\u0142 do wniosku, \u017ce o atrakcyjno\u015bci wsi decyduje nie tylko jej malownicze po\u0142o\u017cenie, ale w najwi\u0119kszym stopniu aktywno\u015b\u0107 spo\u0142eczna mieszka\u0144c\u00f3w najpi\u0119kniejszej wsi lubuskiej 2018 roku &#8211; m\u00f3wi Stanis\u0142aw Rudnicki. <strong>nades\u0142ane<\/strong><\/p>\n","protected":false},"excerpt":{"rendered":"<p>GMINA \u017bARY | Mateusz Wieczorek, ucze\u0144 Katolickiej Szko\u0142y Podstawowej, laureatem Og\u00f3lnopolskiego Konkursu Krajoznawczego PTTK \u201ePoznajemy Ojcowizn\u0119\u201d. Wsp\u00f3\u0142czesny patriotyzm coraz cz\u0119\u015bciej i coraz bardziej wyra\u017ca si\u0119 poprzez umi\u0142owanie stron rodzinnych i mieszkaj\u0105cych tam ludzi. Ma\u0142e Ojczyzny trudniej jest budowa\u0107 na tzw. Ziemiach Odzyskanych. Dopiero w 1945 roku zacz\u0105\u0142 si\u0119 tu proces tworzenia spo\u0142eczno\u015bci lokalnej. R\u00f3wnie\u017c w [&hellip;]<\/p>\n","protected":false},"author":4,"featured_media":15460,"comment_status":"closed","ping_status":"closed","sticky":false,"template":"","format":"standard","meta":{"_monsterinsights_skip_tracking":false,"_monsterinsights_sitenote_active":false,"_monsterinsights_sitenote_note":"","_monsterinsights_sitenote_category":0,"footnotes":""},"categories":[22,20,29,28],"tags":[2065],"class_list":["post-15459","post","type-post","status-publish","format-standard","has-post-thumbnail","hentry","category-edukacja","category-informacje","category-kontakt-24","category-wiadomosci","tag-mateusz-wieczorek"],"_links":{"self":[{"href":"https:\/\/moja24.pl\/index.php\/wp-json\/wp\/v2\/posts\/15459","targetHints":{"allow":["GET"]}}],"collection":[{"href":"https:\/\/moja24.pl\/index.php\/wp-json\/wp\/v2\/posts"}],"about":[{"href":"https:\/\/moja24.pl\/index.php\/wp-json\/wp\/v2\/types\/post"}],"author":[{"embeddable":true,"href":"https:\/\/moja24.pl\/index.php\/wp-json\/wp\/v2\/users\/4"}],"replies":[{"embeddable":true,"href":"https:\/\/moja24.pl\/index.php\/wp-json\/wp\/v2\/comments?post=15459"}],"version-history":[{"count":1,"href":"https:\/\/moja24.pl\/index.php\/wp-json\/wp\/v2\/posts\/15459\/revisions"}],"predecessor-version":[{"id":15462,"href":"https:\/\/moja24.pl\/index.php\/wp-json\/wp\/v2\/posts\/15459\/revisions\/15462"}],"wp:featuredmedia":[{"embeddable":true,"href":"https:\/\/moja24.pl\/index.php\/wp-json\/wp\/v2\/media\/15460"}],"wp:attachment":[{"href":"https:\/\/moja24.pl\/index.php\/wp-json\/wp\/v2\/media?parent=15459"}],"wp:term":[{"taxonomy":"category","embeddable":true,"href":"https:\/\/moja24.pl\/index.php\/wp-json\/wp\/v2\/categories?post=15459"},{"taxonomy":"post_tag","embeddable":true,"href":"https:\/\/moja24.pl\/index.php\/wp-json\/wp\/v2\/tags?post=15459"}],"curies":[{"name":"wp","href":"https:\/\/api.w.org\/{rel}","templated":true}]}}