{"id":15471,"date":"2020-07-03T19:08:32","date_gmt":"2020-07-03T17:08:32","guid":{"rendered":"http:\/\/moja24.pl\/?p=15471"},"modified":"2021-01-06T19:12:48","modified_gmt":"2021-01-06T18:12:48","slug":"zbieraj-deszczowke","status":"publish","type":"post","link":"https:\/\/moja24.pl\/index.php\/2020\/07\/03\/zbieraj-deszczowke\/","title":{"rendered":"Zbieraj deszcz\u00f3wk\u0119"},"content":{"rendered":"<p><strong>GMINA \u017bARY | Spos\u00f3b na oszcz\u0119dzanie wody? Urz\u0119dnicy zach\u0119caj\u0105 do kupowania zbiornik\u00f3w na deszcz\u00f3wk\u0119. B\u0119dzie na to dofinansowanie.<\/strong><\/p>\n<p>&#8211; W zwi\u0105zku z sytuacj\u0105, jak dzisiaj mamy, zwi\u0105zan\u0105 z susz\u0105 i anomaliami pogodowymi, podj\u0105\u0142em decyzj\u0119, aby w jaki\u015b spos\u00f3b odci\u0105\u017cy\u0107 wodoci\u0105gi gminne &#8211; m\u00f3wi w\u00f3jt gminy \u017bary Leszek Mro\u017cek. &#8211; Woda opadowa mo\u017ce by\u0107 gromadzona w specjalnie do tego celu przeznaczonych zbiornikach i dlatego chcemy dofinansowywa\u0107 mieszka\u0144com ich zakup.<\/p>\n<p>Ceny zbiornik\u00f3w s\u0105 r\u00f3\u017cne, w zale\u017cno\u015bci od producenta i pojemno\u015bci. Gmina chce pokry\u0107 a\u017c do 90 procent koszt\u00f3w zakupu, do kwoty maksymalnej 1000 z\u0142otych na jeden zbiornik. Zatem za zbiornik o warto\u015bci 500 z\u0142otych mieszkaniec zap\u0142aci jedynie 50 z\u0142. Zbierana woda, wykorzystywana potem do podlewania ogr\u00f3dka lub trawnika, b\u0119dzie w zasadzie wod\u0105 darmow\u0105. Nie zarejestruje jej wodomierz, wi\u0119c rachunku za ni\u0105 nie zap\u0142acimy.<\/p>\n<p>&#8211; Mamy jeszcze inne pomys\u0142y, s\u0105 to tak zwane ogr\u00f3dki deszczowe w gruncie i w pojemnikach &#8211; m\u00f3wi Leszek Mro\u017cek. &#8211; Na to r\u00f3wnie\u017c b\u0119dzie mo\u017cna otrzyma\u0107 dofinansowanie.<\/p>\n<p>Je\u015bli chodzi o zbiorniki na deszcz\u00f3wk\u0119, bierzemy pod uwag\u0119 tylko wolnostoj\u0105ce na gruncie, zbieraj\u0105ce wod\u0119 z dachu.<\/p>\n<p>&#8211; Nie bierzemy pod uwag\u0119 zbiornik\u00f3w wkopywanych w ziemi\u0119, poniewa\u017c w tym wypadku zaczynamy wchodzi\u0107 ju\u017c w ma\u0142\u0105 retencj\u0119, a wi\u0105\u017ce si\u0119 z tym problem odprowadzenia nadmiaru wody z podziemnego zbiornika do oczka wodnego &#8211; t\u0142umaczy w\u00f3jt. &#8211; Do tego potrzebne jest pozwolenie wodno-prawne, projekt, pozwolenie na budow\u0119, mapa do cel\u00f3w projektowych i w sumie ca\u0142o\u015b\u0107 mo\u017ce kosztowa\u0107 nawet w granicach 20-25 tysi\u0119cy z\u0142otych i potrwa\u0107 wiele miesi\u0119cy, a to raczej nie b\u0119dzie interesowa\u0142o mieszka\u0144c\u00f3w.<\/p>\n<p>Na zbiorniki stawiane na gruncie pozwole\u0144 \u017cadnych nie trzeba. To tak, jakby sobie wiadro postawi\u0107 pod rynn\u0105. Zamiast jednak zmienia\u0107 wiadra, lepiej mie\u0107 du\u017cy zbiornik.<\/p>\n<p>&#8211; Chcemy ludziom pom\u00f3c w zakupie i zach\u0119ca\u0107 do tego, bo woda zbierana przez mieszka\u0144c\u00f3w da nam wszystkim rzeczywiste oszcz\u0119dno\u015bci &#8211; m\u00f3wi Leszek Mro\u017cek. &#8211; Musimy si\u0119 uczy\u0107 oszcz\u0119dza\u0107 wod\u0119, a jest jej coraz mniej, o czym \u015bwiadczy obni\u017caj\u0105cy si\u0119 z roku na rok poziom w\u00f3d gruntowych. <strong>ATB<\/strong><\/p>\n","protected":false},"excerpt":{"rendered":"<p>GMINA \u017bARY | Spos\u00f3b na oszcz\u0119dzanie wody? Urz\u0119dnicy zach\u0119caj\u0105 do kupowania zbiornik\u00f3w na deszcz\u00f3wk\u0119. B\u0119dzie na to dofinansowanie. &#8211; W zwi\u0105zku z sytuacj\u0105, jak dzisiaj mamy, zwi\u0105zan\u0105 z susz\u0105 i anomaliami pogodowymi, podj\u0105\u0142em decyzj\u0119, aby w jaki\u015b spos\u00f3b odci\u0105\u017cy\u0107 wodoci\u0105gi gminne &#8211; m\u00f3wi w\u00f3jt gminy \u017bary Leszek Mro\u017cek. &#8211; Woda opadowa mo\u017ce by\u0107 gromadzona w [&hellip;]<\/p>\n","protected":false},"author":4,"featured_media":15472,"comment_status":"closed","ping_status":"closed","sticky":false,"template":"","format":"standard","meta":{"_monsterinsights_skip_tracking":false,"_monsterinsights_sitenote_active":false,"_monsterinsights_sitenote_note":"","_monsterinsights_sitenote_category":0,"footnotes":""},"categories":[20,28],"tags":[269],"class_list":["post-15471","post","type-post","status-publish","format-standard","has-post-thumbnail","hentry","category-informacje","category-wiadomosci","tag-gmina-zary"],"_links":{"self":[{"href":"https:\/\/moja24.pl\/index.php\/wp-json\/wp\/v2\/posts\/15471","targetHints":{"allow":["GET"]}}],"collection":[{"href":"https:\/\/moja24.pl\/index.php\/wp-json\/wp\/v2\/posts"}],"about":[{"href":"https:\/\/moja24.pl\/index.php\/wp-json\/wp\/v2\/types\/post"}],"author":[{"embeddable":true,"href":"https:\/\/moja24.pl\/index.php\/wp-json\/wp\/v2\/users\/4"}],"replies":[{"embeddable":true,"href":"https:\/\/moja24.pl\/index.php\/wp-json\/wp\/v2\/comments?post=15471"}],"version-history":[{"count":1,"href":"https:\/\/moja24.pl\/index.php\/wp-json\/wp\/v2\/posts\/15471\/revisions"}],"predecessor-version":[{"id":15474,"href":"https:\/\/moja24.pl\/index.php\/wp-json\/wp\/v2\/posts\/15471\/revisions\/15474"}],"wp:featuredmedia":[{"embeddable":true,"href":"https:\/\/moja24.pl\/index.php\/wp-json\/wp\/v2\/media\/15472"}],"wp:attachment":[{"href":"https:\/\/moja24.pl\/index.php\/wp-json\/wp\/v2\/media?parent=15471"}],"wp:term":[{"taxonomy":"category","embeddable":true,"href":"https:\/\/moja24.pl\/index.php\/wp-json\/wp\/v2\/categories?post=15471"},{"taxonomy":"post_tag","embeddable":true,"href":"https:\/\/moja24.pl\/index.php\/wp-json\/wp\/v2\/tags?post=15471"}],"curies":[{"name":"wp","href":"https:\/\/api.w.org\/{rel}","templated":true}]}}