{"id":15496,"date":"2020-07-10T19:46:22","date_gmt":"2020-07-10T17:46:22","guid":{"rendered":"http:\/\/moja24.pl\/?p=15496"},"modified":"2021-01-06T19:52:03","modified_gmt":"2021-01-06T18:52:03","slug":"zielen-nie-jest-taka-prosta","status":"publish","type":"post","link":"https:\/\/moja24.pl\/index.php\/2020\/07\/10\/zielen-nie-jest-taka-prosta\/","title":{"rendered":"Ziele\u0144 nie jest taka prosta"},"content":{"rendered":"<p><strong>\u017bARY | Terenami zielonymi w \u017barach opiekuje si\u0119 Miejski O\u015brodek Sportu, Rekreacji i Wypoczynku. I ma co robi\u0107. Jest tego oko\u0142o 27 hektar\u00f3w.<\/strong><\/p>\n<p>Nie wszystko jednak co zielone w mie\u015bcie, ma tylko jednego gospodarza. S\u0105 dzia\u0142ki w r\u0119kach prywatnych. Cz\u0119\u015bci\u0105 teren\u00f3w zajmuje si\u0119 starostwo powiatowe. I ka\u017cdy jest odpowiedzialny za swoje.<\/p>\n<p>MOSRiW te\u017c nie zajmuje si\u0119 ka\u017cd\u0105 trawk\u0105 i krzaczkiem. Generalnie skupia si\u0119 na obiektach rekreacyjnych, dost\u0119pnych dla mieszka\u0144c\u00f3w, takich jak parki czy skwery miejskie. Polega to g\u0142\u00f3wnie na koszeniu trawy, przycinaniu \u017cywop\u0142ot\u00f3w i zbieraniu \u015bmieci.<\/p>\n<p>&#8211; W tym roku zdecydowali\u015bmy si\u0119 na ograniczenie koszenia do 2-3 razy w sezonie, poniewa\u017c wiosna by\u0142a bardzo sucha i nie chcieli\u015bmy, aby uciek\u0142y nam resztki wilgoci, szczeg\u00f3lnie tam, gdzie mamy nasadzenia &#8211; m\u00f3wi Aneta Pisarska-Grabkowska, kierownik organizacji zieleni w MOSRiW. &#8211; Ostatnio jednak troch\u0119 popada\u0142o i w czerwcu zacz\u0119li\u015bmy znowu kosi\u0107, pocz\u0105wszy od centrum miasta i dalej na zewn\u0105trz.<\/p>\n<p>Gdy trawa b\u0119dzie zbyt wysoka, traktorek sobie z ni\u0105 nie poradzi. Trzeba stosowa\u0107 kosy mechaniczne, czyli w zasadzie koszenie r\u0119czne. Tak trzeba by\u0142o zrobi\u0107 chocia\u017cby w parku przy Al. Jana Paw\u0142a II.<br \/>\nCa\u0142e cztery hektary. Nie do\u015b\u0107, \u017ce skosi\u0107 r\u0119cznie, to potem to wszystko jeszcze zgrabi\u0107 i wywie\u017a\u0107. Mo\u017cna sobie wyobrazi\u0107, ile to czasu trwa\u0142o. To druga strona niekoszenia<br \/>\ni kwietnych \u0142\u0105k.<\/p>\n<p>Zmieni\u0142o si\u0119 troch\u0119 podej\u015bcie do kwiat\u00f3w, kt\u00f3re zdobi\u0105 tereny zielone. Przys\u0142owiowe bratki, nie do\u015b\u0107 \u017ce wymaga\u0142y du\u017co pracy przy sadzeniu co roku, to zawsze znajdowa\u0142y te\u017c amator\u00f3w \u201edarmowego\u201d kwiatka do w\u0142asnego ogr\u00f3dka. I czasem znika\u0142y. Ale nie tylko ludzie niszcz\u0105 ziele\u0144. Chodz\u0105 sobie po mie\u015bcie dwa podobne psy, kt\u00f3re upodoba\u0142y sobie le\u017cenie na rabatce z \u0142ab\u0119dziami na placu \u0141u\u017cyckim. Do tego stopnia, \u017ce trzeba by\u0142o wyrzuci\u0107 1500 sztuk lobelii kompletnie wygniecionych przez czworonogi.<\/p>\n<p>&#8211; Ju\u017c drugi rok z rz\u0119du ograniczamy nasadzenia kwiatk\u00f3w rabatowych na rzecz wieloletnich i tak na przyk\u0142ad na skateparku mamy ju\u017c tylko byliny wieloletnie, a w tym roku posadzili\u015bmy ponad dwie\u015bcie krzak\u00f3w r\u00f3\u017c &#8211; m\u00f3wi Aneta Pisarska-Grabkowska.<\/p>\n<p>Regularnie w mie\u015bcie sadzi si\u0119 nowe drzewa. Robi\u0105 to nie tylko s\u0142u\u017cby miejskie. Za wyci\u0119te drzewa robi si\u0119 tak zwane nasadzenia zast\u0119pcze. Sadz\u0105 mieszka\u0144cy, sadz\u0105 te\u017c firmy. Tak\u017ce MOSRiW. Mog\u0105 wi\u0119c na terenach miejskich pojawia\u0107 si\u0119 nowe drzewka, kt\u00f3rych miasto nie sadzi\u0142o. Pytanie zatem, kto powinien si\u0119 nimi opiekowa\u0107. MOSRiW zajmuje si\u0119 piel\u0119gnacj\u0105 tych drzew, kt\u00f3re sam posadzi\u0142. Czy wszyscy dbaj\u0105 o posadzone przez siebie drzewa, to ju\u017c inna sprawa.<\/p>\n<p>&#8211; Podlewamy wszystkie drzewa nasadzone w 2019 roku, sukcesywnie w miar potrzeb, do dw\u00f3ch razy w miesi\u0105cu, je\u015bli jest sucho, wed\u0142ug wskaza\u0144 dendrologa &#8211; m\u00f3wi Aneta Pisarska-Grabkowska. &#8211; Nie lejemy wody wok\u00f3\u0142 drzewka na ziemi\u0119, bo wszystkie nasadzenia kt\u00f3re robimy maj\u0105 za\u0142o\u017con\u0105 rur\u0119 nawadniaj\u0105c\u0105, dzi\u0119ki czemu woda wpuszczana jest grawitacyjnie pod korze\u0144 drzewa.\u00a0Okazuje si\u0119, \u017ce mo\u017ce si\u0119 tylko komu\u015b wydawa\u0107, \u017ce o drzewku zapomniano, bo ziemia wok\u00f3\u0142 jest sucha.<\/p>\n<p>W 2019 roku MOSRiW posadzi\u0142 667 drzew w \u017barach. Do tego trzeba doliczy\u0107 6 drzewek posadzonych w parku przy ul. Czerwonego Krzy\u017ca w ramach akcji \u201eDrzewka m\u0142odych \u017baran\u201d. Pojawi\u0142o si\u0119 te\u017c w mie\u015bcie 4.358 sztuk krzew\u00f3w.<\/p>\n<p>W ci\u0105gu roku usuni\u0119to 111 drzew oraz 9 krzew\u00f3w. Drzewa wyci\u0119to ze wzgl\u0119du na to, \u017ce w r\u00f3\u017cny spos\u00f3b zagra\u017ca\u0142y bezpiecze\u0144stwu mieszka\u0144c\u00f3w.<\/p>\n<p>Dwa razy w kroku dokonuje si\u0119 przegl\u0105d\u00f3w nasadze\u0144. Trzeba sprawdzi\u0107, co prze\u017cy\u0142o i si\u0119 przyj\u0119\u0142o, a co usch\u0142o. Czy nie pojawi\u0142y si\u0119 jakie\u015b szkodniki lub choroby ro\u015blin, kt\u00f3re te\u017c mog\u0105 przytrafi\u0107 si\u0119 nowym sadzonkom. Nie tylko brak wody jest problemem m\u0142odych drzewek.<\/p>\n<p>Nie licz\u0105c drzewek, kt\u00f3re s\u0105 na gwarancji, bo te rozpatruje si\u0119 osobno, z ubieg\u0142orocznych nasadze\u0144 usch\u0142o 8 procent drzew i nieca\u0142e 3 procent krzew\u00f3w. To wynik bardzo dobry, bior\u0105c pod uwag\u0119, \u017ce fizjologiczna norma dla nasadze\u0144 wynosi od 10 do 12 procent. Tyle sadzonek odpada statystycznie.<br \/>\nNiekt\u00f3re drzewka przyjmuj\u0105 si\u0119 wr\u0119cz b\u0142yskawicznie, innym potrzeba na to czasem roku. S\u0105 \u017cywe, ale nie wypuszczaj\u0105 jeszcze li\u015bci. Je\u015bli uschn\u0105, a s\u0105 na gwarancji, zostan\u0105 przez wykonawc\u0119 nasadze\u0144 wymienione na nowe.<\/p>\n<p>&#8211; Na kilkaset, b\u0119dzie do wymiany 15-17 drzewek, wi\u0119c s\u0105 to \u015bladowe ilo\u015bci &#8211; m\u00f3wi Aneta Pisarska-Grabkowska. &#8211; Ale s\u0105 to drzewa na gwarancji, w ramach kt\u00f3rej b\u0119d\u0105 wymienione w odpowiednim czasie.<\/p>\n<p>By\u0142y te\u017c przypadki, \u017ce kto\u015b posadzi\u0142 drzewka w parku przy ul. Czerwonego Krzy\u017ca. Nie wiadomo kto. Drzewka jednak usch\u0142y i MOSRiW musia\u0142 je usun\u0105\u0107. To dobry przyk\u0142ad dla wszystkich, kt\u00f3rzy kategorycznie twierdz\u0105, \u017ce miasto nie dba o ziele\u0144. Nic nie jest tak do ko\u0144ca oczywiste, jak si\u0119 mo\u017ce wydawa\u0107.<\/p>\n<p style=\"text-align: right;\"><strong>Andrzej Buczy\u0144ski<\/strong><\/p>\n","protected":false},"excerpt":{"rendered":"<p>\u017bARY | Terenami zielonymi w \u017barach opiekuje si\u0119 Miejski O\u015brodek Sportu, Rekreacji i Wypoczynku. I ma co robi\u0107. Jest tego oko\u0142o 27 hektar\u00f3w. Nie wszystko jednak co zielone w mie\u015bcie, ma tylko jednego gospodarza. S\u0105 dzia\u0142ki w r\u0119kach prywatnych. Cz\u0119\u015bci\u0105 teren\u00f3w zajmuje si\u0119 starostwo powiatowe. I ka\u017cdy jest odpowiedzialny za swoje. MOSRiW te\u017c nie zajmuje [&hellip;]<\/p>\n","protected":false},"author":4,"featured_media":15497,"comment_status":"closed","ping_status":"closed","sticky":false,"template":"","format":"standard","meta":{"_monsterinsights_skip_tracking":false,"_monsterinsights_sitenote_active":false,"_monsterinsights_sitenote_note":"","_monsterinsights_sitenote_category":0,"footnotes":""},"categories":[20,28],"tags":[2070,2069,66],"class_list":["post-15496","post","type-post","status-publish","format-standard","has-post-thumbnail","hentry","category-informacje","category-wiadomosci","tag-aneta-pisarska-grabkowska","tag-mosriw","tag-zary"],"_links":{"self":[{"href":"https:\/\/moja24.pl\/index.php\/wp-json\/wp\/v2\/posts\/15496","targetHints":{"allow":["GET"]}}],"collection":[{"href":"https:\/\/moja24.pl\/index.php\/wp-json\/wp\/v2\/posts"}],"about":[{"href":"https:\/\/moja24.pl\/index.php\/wp-json\/wp\/v2\/types\/post"}],"author":[{"embeddable":true,"href":"https:\/\/moja24.pl\/index.php\/wp-json\/wp\/v2\/users\/4"}],"replies":[{"embeddable":true,"href":"https:\/\/moja24.pl\/index.php\/wp-json\/wp\/v2\/comments?post=15496"}],"version-history":[{"count":1,"href":"https:\/\/moja24.pl\/index.php\/wp-json\/wp\/v2\/posts\/15496\/revisions"}],"predecessor-version":[{"id":15498,"href":"https:\/\/moja24.pl\/index.php\/wp-json\/wp\/v2\/posts\/15496\/revisions\/15498"}],"wp:featuredmedia":[{"embeddable":true,"href":"https:\/\/moja24.pl\/index.php\/wp-json\/wp\/v2\/media\/15497"}],"wp:attachment":[{"href":"https:\/\/moja24.pl\/index.php\/wp-json\/wp\/v2\/media?parent=15496"}],"wp:term":[{"taxonomy":"category","embeddable":true,"href":"https:\/\/moja24.pl\/index.php\/wp-json\/wp\/v2\/categories?post=15496"},{"taxonomy":"post_tag","embeddable":true,"href":"https:\/\/moja24.pl\/index.php\/wp-json\/wp\/v2\/tags?post=15496"}],"curies":[{"name":"wp","href":"https:\/\/api.w.org\/{rel}","templated":true}]}}