{"id":15523,"date":"2020-07-17T20:28:26","date_gmt":"2020-07-17T18:28:26","guid":{"rendered":"http:\/\/moja24.pl\/?p=15523"},"modified":"2021-01-06T20:46:37","modified_gmt":"2021-01-06T19:46:37","slug":"nie-o-zemste-lecz-o-pamiec-wolaja","status":"publish","type":"post","link":"https:\/\/moja24.pl\/index.php\/2020\/07\/17\/nie-o-zemste-lecz-o-pamiec-wolaja\/","title":{"rendered":"Nie o zemst\u0119, lecz  o pami\u0119\u0107 wo\u0142aj\u0105"},"content":{"rendered":"<p><strong>\u017bARY | Uroczysto\u015bci po\u015bwi\u0119cone pami\u0119ci ofiar ludob\u00f3jstwa dokonanego przez <\/strong><br \/>\n<strong>OUN &#8211; UPA zorganizowano w \u017barach 11 lipca.<\/strong><\/p>\n<p>Organizatorami obchod\u00f3w dorocznego Narodowego Dnia Pami\u0119ci Ofiar Ludob\u00f3jstwa dokonanego na obywatelach II Rzeczypospolitej Polskiej wyli czonkowie Kresowego Towarzystwa Turystyczno-Krajoznawczego im. Orl\u0105t Lwowskich, Klubu Tarnopolan Towarzystwa Mi\u0142o\u015bnik\u00f3w Lwowa i Kres\u00f3w Po\u0142udniowo-Wschodnich oraz Stowarzyszenia Upami\u0119tniania Ofiar Zbrodni Ukrai\u0144skich Nacjonalist\u00f3w.<\/p>\n<p>Uroczysto\u015bci rozpocz\u0119\u0142y si\u0119 od z\u0142o\u017cenia kwiat\u00f3w i zapalania zniczy przy tablicach po\u015bwi\u0119conych ofiarom ludob\u00f3jstwa na terenie parafii \u015bw. J\u00f3zefa przy ul. Szymanowskiego, a nast\u0119pnie przy tablicy po\u015bwi\u0119conej Sprawiedliwym Ukrai\u0144com w parku na Podwalu. G\u0142\u00f3wne uroczysto\u015bci odby\u0142y si\u0119 przy Krzy\u017cu Wo\u0142y\u0144skim na cmentarzu komunalnym. <strong>ATB<\/strong><\/p>\n<figure id=\"attachment_15527\" aria-describedby=\"caption-attachment-15527\" style=\"width: 640px\" class=\"wp-caption aligncenter\"><img loading=\"lazy\" decoding=\"async\" class=\"size-large wp-image-15527\" src=\"http:\/\/moja24.pl\/wp-content\/uploads\/2021\/01\/2020_07_11_08949-1024x682.jpg\" alt=\"\" width=\"640\" height=\"426\" srcset=\"https:\/\/moja24.pl\/wp-content\/uploads\/2021\/01\/2020_07_11_08949-1024x682.jpg 1024w, https:\/\/moja24.pl\/wp-content\/uploads\/2021\/01\/2020_07_11_08949-300x200.jpg 300w, https:\/\/moja24.pl\/wp-content\/uploads\/2021\/01\/2020_07_11_08949-768x512.jpg 768w, https:\/\/moja24.pl\/wp-content\/uploads\/2021\/01\/2020_07_11_08949-1536x1024.jpg 1536w, https:\/\/moja24.pl\/wp-content\/uploads\/2021\/01\/2020_07_11_08949-696x464.jpg 696w, https:\/\/moja24.pl\/wp-content\/uploads\/2021\/01\/2020_07_11_08949-1068x712.jpg 1068w, https:\/\/moja24.pl\/wp-content\/uploads\/2021\/01\/2020_07_11_08949-630x420.jpg 630w, https:\/\/moja24.pl\/wp-content\/uploads\/2021\/01\/2020_07_11_08949-450x300.jpg 450w, https:\/\/moja24.pl\/wp-content\/uploads\/2021\/01\/2020_07_11_08949.jpg 2000w\" sizes=\"auto, (max-width: 640px) 100vw, 640px\" \/><figcaption id=\"caption-attachment-15527\" class=\"wp-caption-text\">dr n. med. Krzysztof Kopoci\u0144ski, prezes Klubu Tarnopolan Towarzystwa Mi\u0142o\u015bnik\u00f3w Lwowa<br \/>i Kres\u00f3w Po\u0142udniowo-Wschodnich w \u017barach. fot. Andrzej Buczy\u0144ski<\/figcaption><\/figure>\n<p><strong>dr n. med. Krzysztof Kopoci\u0144ski, prezes Klubu Tarnopolan Towarzystwa Mi\u0142o\u015bnik\u00f3w Lwowa <\/strong><strong>i Kres\u00f3w Po\u0142udniowo-Wschodnich w \u017barach podczas wyst\u0105pienia przy Krzy\u017cu Wo\u0142y\u0144skim na cmentarzu komunalnym w \u017barach powiedzia\u0142 mi\u0119dzy innymi:<\/strong><br \/>\n<em>&#8211; 11 lipca mija 77. rocznica Krwawej Niedzieli, kt\u00f3r\u0105 obchodzimy, jako Narodowy Dzie\u0144 Pami\u0119ci Ofiar Ludob\u00f3jstwa, dokonanego przez ukrai\u0144skich nacjonalist\u00f3w. 77 lat temu, w 1943 roku zwyrodnia\u0142e bandy ukrai\u0144skich rezun\u00f3w zaatakowa\u0142y 99 polskich miejscowo\u015bci. Tylko w ci\u0105gu dw\u00f3ch dni, 11 i 12 lipca, tych miejscowo\u015bci by\u0142o 167. Zamordowano w ci\u0105gu tych dw\u00f3ch dni 15 tysi\u0119cy Polak\u00f3w. Mordowano wszystkich &#8211; niemowlaki, kobiety <\/em><br \/>\n<em>w ci\u0105\u017cy, staruszk\u00f3w. 77 lat temu, 11 lipca by\u0142a niedziela. Polacy udawali si\u0119 na nabo\u017ce\u0144stwa. Niestety, \u015bwi\u0105tynie tak\u017ce nie stanowi\u0142y azylu. Ukrai\u0144cy atakowali ko\u015bcio\u0142y. Mordowali Polak\u00f3w w ko\u015bcio\u0142ach i mordowali te\u017c duchownych.<\/em><\/p>\n<p><em>Ludob\u00f3jstwo takie w j\u0119zyku prawniczym okre\u015blamy jako genocidum atrox &#8211; ludob\u00f3jstwo okrutne, czyli takie, gdzie zadawanie \u015bmierci po\u0142\u0105czone jest z bestialskimi torturami, kt\u00f3re maj\u0105 na celu zadanie jak najwi\u0119kszego cierpienia mordowanym. Opisano ponad 360 okrutnych metod, jakimi Ukrai\u0144cy morowali Polak\u00f3w. Ci\u0119\u017cko wymienia\u0107 te metody, bo ju\u017c po kilku, same s\u0142owa grz\u0119zn\u0105 w krtani. Bo jak okre\u015bli\u0107 nabijanie niemowl\u0105t na sztachety, nabijanie niemowl\u0105t na wid\u0142y, \u0107wiartowanie \u017cywcem ludzi, przecinanie \u017cywcem pi\u0142\u0105, wyd\u0142ubywanie oczu, rozrywanie ko\u0144mi. To tylko kilka z tych okrutnych metod i trudno sobie wyobrazi\u0107, \u017ce normalni ludzie potrafili w ten spos\u00f3b mordowa\u0107 cz\u0119sto swoich s\u0105siad\u00f3w. Przypomn\u0119, \u017ce cz\u0119sto by\u0142o tak, \u017ce Ukrai\u0144cy, kt\u00f3rzy byli s\u0105siadami przez 20-30 lat, potrafili przyj\u015b\u0107 i w ten spos\u00f3b bestialsko mordowa\u0107 swoich s\u0105siad\u00f3w. Szacuje si\u0119, \u017ce to ludob\u00f3jstwo obj\u0119\u0142o oko\u0142o 200 tysi\u0119cy Polak\u00f3w &#8211; w latach od 1939 do 1947 roku.<\/em><br \/>\n<em>Wi\u0119kszo\u015b\u0107 ofiar do dnia dzisiejszego, pomimo \u017ce min\u0119\u0142o prawie osiemdziesi\u0105t lat, nie ma swoich grob\u00f3w. To by\u0142o \u017ar\u00f3d\u0142em i inspiracj\u0105 tego, aby tutaj, w \u017barach, pojawi\u0142 si\u0119 Krzy\u017c Wo\u0142y\u0144ski. Cztery lata temu pomys\u0142odawcami postawienia krzy\u017ca, jako symbolicznego grobu dla wszystkich pomordowanych, by\u0142em ja, wsp\u00f3lnie z moim bratem dr. Zbigniewem Kopoci\u0144skim. Pomys\u0142 ten zyska\u0142 szerok\u0105 aprobat\u0119 naszych Kresowian. Dzi\u0119ki ogromnej wsp\u00f3lnej pracy uda\u0142o si\u0119 to przedsi\u0119wzi\u0119cie doprowadzi\u0107 do ko\u0144ca. Ale nie by\u0142oby to mo\u017cliwe, gdyby nie wielcy ludzie, wielcy mecenasi i spo\u0142ecznicy, bez kt\u00f3rych \u017cadna uroczysto\u015b\u0107 narodowo-patriotyczna tutaj si\u0119 nie odbywa. Ka\u017cdemu miastu, wojew\u00f3dztwu i gminie \u017cyczy\u0142bym takich mieszka\u0144c\u00f3w, jak pani Ania i pan Eugeniusz \u015alawscy, bo to oni s\u0105 fundatorami tego Krzy\u017ca Wo\u0142y\u0144skiego. Wielkie brawa dla tych pa\u0144stwa. Niestety, nie mamy czasu, aby wymienia\u0107 teraz wszystkich, kt\u00f3rzy byli zaanga\u017cowani <\/em><em>w to, aby stworzy\u0107 tu takie miejsce pami\u0119ci, ale bardzo cieszymy si\u0119, \u017ce ono jest, \u017ce mo\u017cemy w tym dniu dzisiejszym przeprowadzi\u0107 tu uroczysto\u015bci. Ale <\/em><em>z drugiej strony, bardzo cieszymy si\u0119, gdy widzimy, jak to upami\u0119tnienie by\u0142o potrzebne. 1 listopada, gdy Polacy udaj\u0105 si\u0119 na groby bliskich, tutaj pod Krzy\u017cem Wo\u0142y\u0144skim jest ca\u0142y pi\u0119kny dywan z rozpalonych zniczy. Widzimy, jak przychodz\u0105 rodziny z dzie\u0107mi, kt\u00f3re pytaj\u0105, co to jest ten Wo\u0142y\u0144, dlaczego my tutaj palimy \u015bwieczki? Rodzice t\u0142umacz\u0105 im, \u017ce tam zgin\u0119li Polacy i musimy o nich pami\u0119ta\u0107. To pokazuje, jak wielk\u0105 rol\u0119 edukacyjn\u0105 ten Krzy\u017c Wo\u0142y\u0144ski tutaj odgrywa.<\/em><\/p>\n<p><em>77 lat od zbrodni wo\u0142y\u0144skiej niestety do dnia dzisiejszego ci po\u0107wiartowani nasi rodacy spoczywaj\u0105 w do\u0142ach \u015bmierci, przysypani ziemi\u0105, jak pad\u0142e zwierz\u0119ta, bez znaku krzy\u017ca. Jest to sytuacja absolutnie niedopuszczalna. Czekamy na to bardzo wiele lat. Nie mo\u017ce by\u0107 tak, aby pa\u0144stwo kt\u00f3re zg\u0142asza pretensje do Unii Europejskiej, odmawia\u0142o Polakom podstawowych praw cz\u0142owieka. Przypomn\u0119, \u017ce podstawowym prawem cz\u0142owieka, zapisanym w karcie praw podstawowych, jest godny poch\u00f3wek. Nie mo\u017ce by\u0107 tak, \u017ce pa\u0144stwo ukrai\u0144skie odmawia nam poch\u00f3wku naszych krewnych. W ten spos\u00f3b zalicza si\u0119 do pa\u0144stw \u0142ami\u0105cych prawa cz\u0142owieka. A takie powinny by\u0107 wykluczone z cywilizowanych pa\u0144stw. Dop\u00f3ki nie zaczn\u0105 respektowa\u0107 podstawowych zasad, kt\u00f3re \u0142\u0105cz\u0105 pa\u0144stwa cywilizowane, nie powinno by\u0107 jakiejkolwiek wsp\u00f3\u0142pracy z takim pa\u0144stwem. <\/em><br \/>\n<em>Szczeg\u00f3lnie bolesne jest to, \u017ce opr\u00f3cz tego, \u017ce pa\u0144stwo odmawia poch\u00f3wku naszym rodakom, naszym krewnym tam pomordowanym, z drugiej strony to pa\u0144stwo buduje pomniki mordercom i ludob\u00f3jcom. W ka\u017cdym mie\u015bcie ukrai\u0144skim znajdziecie pa\u0144stwo pomniki Bandery, Suchewycza i innych zbrodniarzy. Do miana kombatant\u00f3w to pa\u0144stwo wynios\u0142o esesman\u00f3w z SS-Galizien, upowc\u00f3w. We Lwowie, w pot\u0119\u017cnym mie\u015bcie, Ukrai\u0144cy nie znale\u017ali lepszego miejsca na przyczepienie do \u015bciany popiersia ludob\u00f3jcy narodu polskiego, dow\u00f3dcy UPA Suchewycza, jak polska szko\u0142a. Prosz\u0119 sobie wyobrazi\u0107, jak polskie dzieci maj\u0105 reagowa\u0107, gdy kat dumnie spoczywa na frontonie naszej szko\u0142y. Co\u015b niedopuszczalnego.<\/em><\/p>\n<p><em>Bardzo bolejemy nad tym, \u017ce najbardziej patriotyczna Polonia polska na \u015bwiecie, czyli Polonia ameryka\u0144ska, zebra\u0142a pieni\u0105\u017cki, aby zbudowa\u0107 pomnik ofiar ludob\u00f3jstwa, poniewa\u017c nasi Polacy nie maj\u0105 grobu. Polonia postanowi\u0142a, \u017ceby taki pomnik powsta\u0142 w Polsce, \u017ceby by\u0142o miejsce, gdzie sk\u0142adamy wielki ho\u0142d rodakom pomordowanym na Kresach. \u017beby wyd\u017awi\u0119k tego pomnika by\u0142 w\u0142a\u015bciwy, poprosili aby stworzy\u0142 go najwybitniejszy z \u017cyj\u0105cych artysta, pan profesor Andrzej Kwity\u0144ski, kawaler Orderu Or\u0142a Bia\u0142ego. I tak si\u0119 sta\u0142o. Pan profesor zaprojektowa\u0142 wspania\u0142y pomnik, kt\u00f3ry zosta\u0142 odlany i spoczywa w hucie <\/em><br \/>\n<em>w Gliwicach. Prosz\u0119 sobie wyobrazi\u0107, \u017ce od kilku lat na ziemi polskiej nie jeste\u015bmy <\/em><br \/>\n<em>w stanie postawi\u0107 tego pomnika. Jest to co\u015b nieprawdopodobnego, \u017ce z jednej strony nie mo\u017cemy pochowa\u0107 tych ludzi pomordowanych na Kresach, z drugiej strony Ukrai\u0144cy w ka\u017cdej miejscowo\u015bci wystawiaj\u0105 pomniki Banderze, a my boimy si\u0119 w Polsce postawi\u0107 pomnik ofiarom ludob\u00f3jstwa. Jest to co\u015b przera\u017caj\u0105cego. <\/em><\/p>\n<p><em>Je\u015bli b\u0119dzie to tak dalej trwa\u0142o, to obawiam si\u0119, \u017ce jeszcze mo\u017ce doj\u015b\u0107 do tego, \u017ce mniejszo\u015b\u0107 ukrai\u0144ska b\u0119dzie wystawia\u0107 tutaj pomniki Banderze. Skoro my boimy si\u0119 postawi\u0107 pomnik naszym rodakom. <\/em><\/p>\n<p><em>Prawdopodobnie wynika to z tego, \u017ce niestety nasza to\u017csamo\u015b\u0107 kresowa jest wymazywana z pami\u0119ci. Bardzo nad tym bolejemy, \u017ce w stulecie odzyskania przez Polsk\u0119 niepodleg\u0142o\u015bci, nie by\u0142o nale\u017cytych obchod\u00f3w stulecia obrony Lwowa. Najpi\u0119kniejsze obchody rocznicy obrony Lwowa odby\u0142y si\u0119 22 listopada 2018 roku o godz. 5 rano na Rynku <\/em><br \/>\n<em>w \u017barach. Ale oczekiwaliby\u015bmy, aby to by\u0142y obchody pa\u0144stwowe. Dlaczego uczczeni zostali na stulecie powsta\u0144cy wielkopolscy, powsta\u0144cy \u015bl\u0105scy, a nie dotyczy\u0142o to obro\u0144c\u00f3w Lwowa? Obrona Lwowa to jest trzeci milowy kamie\u0144 w odzyskiwaniu przez Polsk\u0119 niepodleg\u0142o\u015bci. <\/em><br \/>\n<em>I tak jest zapomniana.<\/em><\/p>\n<p><em>\u015arodowiska kresowe zaproponowa\u0142y tak\u017ce, aby 16. Dolno\u015bl\u0105ska Brygada Obrony Terytorialnej przyj\u0119\u0142a imi\u0119 Obro\u0144c\u00f3w Lwowa. Czekamy na to, bo nie wyobra\u017camy sobie, \u017ceby \u017co\u0142nierze kt\u00f3rzy maj\u0105 broni\u0107 lokalnych ojczyzn, nie mieli patrona, kt\u00f3ry w historii polskiego or\u0119\u017ca jest najlepszym przyk\u0142adem bronienia lokalnej ojczyzny. Obrona Lwowa, gdzie dzieci, kobiety, uczniowie, harcerze staj\u0105 do walki o swoje miasto, broni\u0105 tego miasta, a marsza\u0142ek Pi\u0142sudski jako pierwszemu miastu przyznaje za to bohaterstwo Order Virtuti Militari. Tacy bohaterowie zas\u0142u\u017cyli na to, aby by\u0107 wzorcem dla polskiego \u017co\u0142nierza. <\/em><br \/>\n<em>Bardzo czekamy na to, aby przestano zamazywa\u0107 pami\u0119\u0107 o obro\u0144cach Lwowa i domagamy si\u0119 tego zgodnie z mottem naszych obchod\u00f3w &#8211; nie o zemst\u0119, lecz o pami\u0119\u0107 wo\u0142aj\u0105 ofiary z grob\u00f3w, kt\u00f3rych nie ma. Aby mo\u017cna by\u0142o pochowa\u0107 naszych krewnych, aby zaprzestano kultu banderowskiej ideologii na Ukrainie i \u017ceby w Polsce mo\u017cna by\u0142o uczci\u0107 w nale\u017cyty spos\u00f3b ofiary ukrai\u0144skiego ludob\u00f3jstwa.<\/em><\/p>\n<figure id=\"attachment_15526\" aria-describedby=\"caption-attachment-15526\" style=\"width: 640px\" class=\"wp-caption aligncenter\"><img loading=\"lazy\" decoding=\"async\" class=\"size-large wp-image-15526\" src=\"http:\/\/moja24.pl\/wp-content\/uploads\/2021\/01\/2020_07_11_08911-1024x682.jpg\" alt=\"\" width=\"640\" height=\"426\" srcset=\"https:\/\/moja24.pl\/wp-content\/uploads\/2021\/01\/2020_07_11_08911-1024x682.jpg 1024w, https:\/\/moja24.pl\/wp-content\/uploads\/2021\/01\/2020_07_11_08911-300x200.jpg 300w, https:\/\/moja24.pl\/wp-content\/uploads\/2021\/01\/2020_07_11_08911-768x512.jpg 768w, https:\/\/moja24.pl\/wp-content\/uploads\/2021\/01\/2020_07_11_08911-1536x1024.jpg 1536w, https:\/\/moja24.pl\/wp-content\/uploads\/2021\/01\/2020_07_11_08911-696x464.jpg 696w, https:\/\/moja24.pl\/wp-content\/uploads\/2021\/01\/2020_07_11_08911-1068x712.jpg 1068w, https:\/\/moja24.pl\/wp-content\/uploads\/2021\/01\/2020_07_11_08911-630x420.jpg 630w, https:\/\/moja24.pl\/wp-content\/uploads\/2021\/01\/2020_07_11_08911-450x300.jpg 450w, https:\/\/moja24.pl\/wp-content\/uploads\/2021\/01\/2020_07_11_08911.jpg 2000w\" sizes=\"auto, (max-width: 640px) 100vw, 640px\" \/><figcaption id=\"caption-attachment-15526\" class=\"wp-caption-text\">fot. Andrzej Buczy\u0144ski<\/figcaption><\/figure>\n<figure id=\"attachment_15524\" aria-describedby=\"caption-attachment-15524\" style=\"width: 640px\" class=\"wp-caption aligncenter\"><img loading=\"lazy\" decoding=\"async\" class=\"size-large wp-image-15524\" src=\"http:\/\/moja24.pl\/wp-content\/uploads\/2021\/01\/2020_07_11_09128-1024x508.jpg\" alt=\"\" width=\"640\" height=\"318\" srcset=\"https:\/\/moja24.pl\/wp-content\/uploads\/2021\/01\/2020_07_11_09128-1024x508.jpg 1024w, https:\/\/moja24.pl\/wp-content\/uploads\/2021\/01\/2020_07_11_09128-300x149.jpg 300w, https:\/\/moja24.pl\/wp-content\/uploads\/2021\/01\/2020_07_11_09128-768x381.jpg 768w, https:\/\/moja24.pl\/wp-content\/uploads\/2021\/01\/2020_07_11_09128-1536x762.jpg 1536w, https:\/\/moja24.pl\/wp-content\/uploads\/2021\/01\/2020_07_11_09128-324x160.jpg 324w, https:\/\/moja24.pl\/wp-content\/uploads\/2021\/01\/2020_07_11_09128-696x345.jpg 696w, https:\/\/moja24.pl\/wp-content\/uploads\/2021\/01\/2020_07_11_09128-1068x530.jpg 1068w, https:\/\/moja24.pl\/wp-content\/uploads\/2021\/01\/2020_07_11_09128-847x420.jpg 847w, https:\/\/moja24.pl\/wp-content\/uploads\/2021\/01\/2020_07_11_09128-605x300.jpg 605w, https:\/\/moja24.pl\/wp-content\/uploads\/2021\/01\/2020_07_11_09128.jpg 2000w\" sizes=\"auto, (max-width: 640px) 100vw, 640px\" \/><figcaption id=\"caption-attachment-15524\" class=\"wp-caption-text\">fot. Andrzej Buczy\u0144ski<\/figcaption><\/figure>\n","protected":false},"excerpt":{"rendered":"<p>\u017bARY | Uroczysto\u015bci po\u015bwi\u0119cone pami\u0119ci ofiar ludob\u00f3jstwa dokonanego przez OUN &#8211; UPA zorganizowano w \u017barach 11 lipca. Organizatorami obchod\u00f3w dorocznego Narodowego Dnia Pami\u0119ci Ofiar Ludob\u00f3jstwa dokonanego na obywatelach II Rzeczypospolitej Polskiej wyli czonkowie Kresowego Towarzystwa Turystyczno-Krajoznawczego im. Orl\u0105t Lwowskich, Klubu Tarnopolan Towarzystwa Mi\u0142o\u015bnik\u00f3w Lwowa i Kres\u00f3w Po\u0142udniowo-Wschodnich oraz Stowarzyszenia Upami\u0119tniania Ofiar Zbrodni Ukrai\u0144skich Nacjonalist\u00f3w. Uroczysto\u015bci [&hellip;]<\/p>\n","protected":false},"author":4,"featured_media":15525,"comment_status":"closed","ping_status":"closed","sticky":false,"template":"","format":"standard","meta":{"_monsterinsights_skip_tracking":false,"_monsterinsights_sitenote_active":false,"_monsterinsights_sitenote_note":"","_monsterinsights_sitenote_category":0,"footnotes":""},"categories":[20,28],"tags":[1717,710,66],"class_list":["post-15523","post","type-post","status-publish","format-standard","has-post-thumbnail","hentry","category-informacje","category-wiadomosci","tag-krzysztof-kopocinski","tag-narodowy-dzien-pamieci-ofiar-ludobojstwa","tag-zary"],"_links":{"self":[{"href":"https:\/\/moja24.pl\/index.php\/wp-json\/wp\/v2\/posts\/15523","targetHints":{"allow":["GET"]}}],"collection":[{"href":"https:\/\/moja24.pl\/index.php\/wp-json\/wp\/v2\/posts"}],"about":[{"href":"https:\/\/moja24.pl\/index.php\/wp-json\/wp\/v2\/types\/post"}],"author":[{"embeddable":true,"href":"https:\/\/moja24.pl\/index.php\/wp-json\/wp\/v2\/users\/4"}],"replies":[{"embeddable":true,"href":"https:\/\/moja24.pl\/index.php\/wp-json\/wp\/v2\/comments?post=15523"}],"version-history":[{"count":1,"href":"https:\/\/moja24.pl\/index.php\/wp-json\/wp\/v2\/posts\/15523\/revisions"}],"predecessor-version":[{"id":15528,"href":"https:\/\/moja24.pl\/index.php\/wp-json\/wp\/v2\/posts\/15523\/revisions\/15528"}],"wp:featuredmedia":[{"embeddable":true,"href":"https:\/\/moja24.pl\/index.php\/wp-json\/wp\/v2\/media\/15525"}],"wp:attachment":[{"href":"https:\/\/moja24.pl\/index.php\/wp-json\/wp\/v2\/media?parent=15523"}],"wp:term":[{"taxonomy":"category","embeddable":true,"href":"https:\/\/moja24.pl\/index.php\/wp-json\/wp\/v2\/categories?post=15523"},{"taxonomy":"post_tag","embeddable":true,"href":"https:\/\/moja24.pl\/index.php\/wp-json\/wp\/v2\/tags?post=15523"}],"curies":[{"name":"wp","href":"https:\/\/api.w.org\/{rel}","templated":true}]}}