{"id":15579,"date":"2020-08-07T21:53:37","date_gmt":"2020-08-07T19:53:37","guid":{"rendered":"http:\/\/moja24.pl\/?p=15579"},"modified":"2021-01-06T21:59:01","modified_gmt":"2021-01-06T20:59:01","slug":"bedzie-przejazd-pod-wiaduktem","status":"publish","type":"post","link":"https:\/\/moja24.pl\/index.php\/2020\/08\/07\/bedzie-przejazd-pod-wiaduktem\/","title":{"rendered":"B\u0119dzie przejazd pod wiaduktem"},"content":{"rendered":"<p><strong>\u017bARY | Remont ulicy Kujawskiej oraz wymiana nawierzchni pod wiaduktem kolejowym powoduj\u0105 utrudnienia, szczeg\u00f3lnie tym, kt\u00f3rzy musz\u0105 dzi\u015b sporo nadrabia\u0107, aby przedosta\u0107 si\u0119 na drug\u0105 stron\u0119 tor\u00f3w. Ale ju\u017c niebawem ruch zostanie przywr\u00f3cony.<\/strong><\/p>\n<p>Przej\u015bcie dla pieszych pod wiaduktem zostanie otwarte od pi\u0105tku, 7 sierpnia. Kierowcy natomiast b\u0119d\u0105 musieli uzbroi\u0107 si\u0119 jeszcze w cierpliwo\u015b\u0107. Przejazd b\u0119dzie udost\u0119pniony ju\u017c z ko\u0144cem wakacji, czyli w zasadzie od 1 wrze\u015bnia. Dlaczego \u201eju\u017c\u201d, a nie dopiero? Poniewa\u017c nie b\u0119dzie to jeszcze koniec ca\u0142ej inwestycji na Kujawskiej. Prace b\u0119d\u0105 nadal prowadzone.<\/p>\n<p>&#8211; Nie m\u00f3wimy tu oczywi\u015bcie o oddaniu do u\u017cytku ca\u0142ej inwestycji, ale o udro\u017cnieniu tego odcinka, kt\u00f3ry dzi\u015b jest problematyczny &#8211; m\u00f3wi wiceburmistrz \u017bar Patryk Fali\u0144ski. &#8211; Mieszka\u0144cy dopytuj\u0105 si\u0119, kiedy zn\u00f3w b\u0119dzie mo\u017cna przejecha\u0107 pod wiaduktem i robimy wszystko, aby sta\u0142o si\u0119 to jak najszybciej.<\/p>\n<p>Przy okazji wykop\u00f3w wykonane by\u0142y prace modernizacyjne sieci wodnych i gazowych. Nie by\u0142o to uj\u0119te w planach inwestycyjnych przebudowy ul. Kujawskiej, ale pozwoli\u0142a na to rozkopana ju\u017c nawierzchnia. To te\u017c wyd\u0142u\u017cy\u0142o okres prac na tym odcinku. Za to nie trzeba b\u0119dzie kopa\u0107 ponownie.<\/p>\n<p>&#8211; Remont pod wiaduktem jest jakby elementem dodatkowym do ca\u0142ej inwestycji, kt\u00f3ra obejmuje ulic\u0119 Kujawsk\u0105 i przyleg\u0142e, ale uda\u0142o nam si\u0119 porozumie\u0107 z PKP i w\u0142\u0105czy\u0107 r\u00f3wnie\u017c wiadukt do tej inwestycji &#8211; m\u00f3wi wiceburmistrz Fali\u0144ski. &#8211; Przy okazji mieszka\u0144cy pytaj\u0105, czy b\u0119dziemy remontowa\u0107 ulic\u0119 Witosa, b\u0119d\u0105c\u0105 jakby przed\u0142u\u017ceniem przejazdu pod wiaduktem. Tylko skrzy\u017cowanie Witosa i Kujawskiej. Dlaczego tak? Ju\u017c wyja\u015bniam. Ju\u017c dwa lata temu zabiegali\u015bmy u Wojew\u00f3dzkiego Konserwatora Zabytk\u00f3w o zgod\u0119 na zast\u0105pienie kostki na asfalt. Niestety, ku naszemu zaskoczeniu, otrzymali\u015bmy decyzj\u0119 negatywn\u0105. Z\u0142o\u017cyli\u015bmy nawet odwo\u0142anie do Ministra Kultury, ale to te\u017c nie przynios\u0142o efektu. A\u017c si\u0119 prosi, \u017ceby ten fragment Witosa r\u00f3wnie\u017c wyremontowa\u0107, ale nie mo\u017cemy tego zrobi\u0107. Tak to niestety wygl\u0105da &#8211; wyja\u015bnia zast\u0119pca burmistrza.<\/p>\n<p>Id\u0105c od wiaduktu w g\u0142\u0105b Kujawskiej, chodnik, a w\u0142a\u015bciwie ci\u0105g pieszo-rowerowy, b\u0119dzie tylko po prawej stronie. Od strony tor\u00f3w zaplanowano ziele\u0144. Przy skrzy\u017cowaniu z Pomorsk\u0105 posadzone zostan\u0105 drzewa. Dalej na zakr\u0119cie, ju\u017c na samej jezdni, pojawi si\u0119 wysepka najazdowa, kt\u00f3ra ma za zadanie spowolni\u0107 ruch, a tym samym poprawi\u0107 bezpiecze\u0144stwo.<\/p>\n<p>&#8211; Ta wysepka sprawi, \u017ce ruch b\u0119dzie wolniejszy, ale bezpieczniejszy o o to przede wszystkim chodzi przy inwestycjach drogowych na terenie miasta &#8211; m\u00f3wi wiceburmistrz Olaf Napi\u00f3rkowski. &#8211; Ka\u017cda nowa inwestycja drogowa, nie tylko dofinansowana ze \u015brodk\u00f3w zewn\u0119trznych, b\u0119dzie uwzgl\u0119dnia\u0142a bezpiecze\u0144stwo u\u017cytkownik\u00f3w i b\u0119d\u0105 pojawia\u0142y si\u0119 elementy spowalniaj\u0105ce szybko\u015b\u0107 pojazd\u00f3w, jak ta wysepka na Kujawskiej.<\/p>\n<p>Je\u015bli ju\u017c jeste\u015bmy przy wiadukcie i muralu, kt\u00f3ry zostanie na nim namalowany, s\u0105 ju\u017c kolejne uzgodnienia z artystami, kt\u00f3rzy podj\u0119li si\u0119 wykonania tego zadania. Prace zostan\u0105 podzielone na dwa etapy. W pierwszym ozdobione zostan\u0105 \u015bciany pod wiaduktem. Rusz\u0105 ju\u017c we wrze\u015bniu, po przywr\u00f3ceniu ruchu. Natomiast wiosn\u0105 przysz\u0142ego roku rozpoczn\u0105 si\u0119 prace przy d\u0142ugim odcinku muru wzd\u0142u\u017c ulicy Kujawskiej.<\/p>\n<p>&#8211; Motywy przewodnie murala, zgodnie z sugestiami mieszka\u0144c\u00f3w, to historia, w\u0142\u00f3kiennictwo i kolej &#8211; m\u00f3wi Olaf Napi\u00f3rkowski. &#8211; Jak ostatecznie b\u0119dzie to wygl\u0105da\u0107 i jakie przes\u0142anie b\u0119dzie ni\u00f3s\u0142 ze sob\u0105 ten mural, to ju\u017c zostawiamy w r\u0119kach artyst\u00f3w.<\/p>\n<p style=\"text-align: right;\"><strong>Andrzej Buczy\u0144ski<\/strong><\/p>\n","protected":false},"excerpt":{"rendered":"<p>\u017bARY | Remont ulicy Kujawskiej oraz wymiana nawierzchni pod wiaduktem kolejowym powoduj\u0105 utrudnienia, szczeg\u00f3lnie tym, kt\u00f3rzy musz\u0105 dzi\u015b sporo nadrabia\u0107, aby przedosta\u0107 si\u0119 na drug\u0105 stron\u0119 tor\u00f3w. Ale ju\u017c niebawem ruch zostanie przywr\u00f3cony. Przej\u015bcie dla pieszych pod wiaduktem zostanie otwarte od pi\u0105tku, 7 sierpnia. Kierowcy natomiast b\u0119d\u0105 musieli uzbroi\u0107 si\u0119 jeszcze w cierpliwo\u015b\u0107. Przejazd b\u0119dzie [&hellip;]<\/p>\n","protected":false},"author":4,"featured_media":15580,"comment_status":"closed","ping_status":"closed","sticky":false,"template":"","format":"standard","meta":{"_monsterinsights_skip_tracking":false,"_monsterinsights_sitenote_active":false,"_monsterinsights_sitenote_note":"","_monsterinsights_sitenote_category":0,"footnotes":""},"categories":[20,28],"tags":[87,1295,66],"class_list":["post-15579","post","type-post","status-publish","format-standard","has-post-thumbnail","hentry","category-informacje","category-wiadomosci","tag-olaf-napiorkowski","tag-patryk-falinski","tag-zary"],"_links":{"self":[{"href":"https:\/\/moja24.pl\/index.php\/wp-json\/wp\/v2\/posts\/15579","targetHints":{"allow":["GET"]}}],"collection":[{"href":"https:\/\/moja24.pl\/index.php\/wp-json\/wp\/v2\/posts"}],"about":[{"href":"https:\/\/moja24.pl\/index.php\/wp-json\/wp\/v2\/types\/post"}],"author":[{"embeddable":true,"href":"https:\/\/moja24.pl\/index.php\/wp-json\/wp\/v2\/users\/4"}],"replies":[{"embeddable":true,"href":"https:\/\/moja24.pl\/index.php\/wp-json\/wp\/v2\/comments?post=15579"}],"version-history":[{"count":1,"href":"https:\/\/moja24.pl\/index.php\/wp-json\/wp\/v2\/posts\/15579\/revisions"}],"predecessor-version":[{"id":15581,"href":"https:\/\/moja24.pl\/index.php\/wp-json\/wp\/v2\/posts\/15579\/revisions\/15581"}],"wp:featuredmedia":[{"embeddable":true,"href":"https:\/\/moja24.pl\/index.php\/wp-json\/wp\/v2\/media\/15580"}],"wp:attachment":[{"href":"https:\/\/moja24.pl\/index.php\/wp-json\/wp\/v2\/media?parent=15579"}],"wp:term":[{"taxonomy":"category","embeddable":true,"href":"https:\/\/moja24.pl\/index.php\/wp-json\/wp\/v2\/categories?post=15579"},{"taxonomy":"post_tag","embeddable":true,"href":"https:\/\/moja24.pl\/index.php\/wp-json\/wp\/v2\/tags?post=15579"}],"curies":[{"name":"wp","href":"https:\/\/api.w.org\/{rel}","templated":true}]}}