{"id":15615,"date":"2020-08-14T22:45:42","date_gmt":"2020-08-14T20:45:42","guid":{"rendered":"http:\/\/moja24.pl\/?p=15615"},"modified":"2021-01-06T22:51:01","modified_gmt":"2021-01-06T21:51:01","slug":"glosno-i-charytatywnie","status":"publish","type":"post","link":"https:\/\/moja24.pl\/index.php\/2020\/08\/14\/glosno-i-charytatywnie\/","title":{"rendered":"G\u0142o\u015bno i charytatywnie"},"content":{"rendered":"<p><strong>\u017bARY | To ju\u017c czwarta impreza motocyklowa w \u017barach, kt\u00f3rej g\u0142\u00f3wnym celem by\u0142o pomaganie. Tym razem pieni\u0105dze zbierano dla dw\u00f3jki chorych dzieciak\u00f3w &#8211; Mii i Romka.<\/strong><\/p>\n<p>&#8211; \u017baranie i motocykli\u015bci spisali si\u0119 na medal, nawet nie s\u0105dzi\u0142am, \u017ce pojawi si\u0119 tak du\u017co motocykli i ludzi &#8211; m\u00f3wi Izabela Klimas Nieka\u0142o. &#8211; Zwa\u017cywszy na pogod\u0119, koronawirusa i okres urlopowy.<\/p>\n<p>Upa\u0142 niedzielny, 9 sierpnia, rzeczywi\u015bcie by\u0142 doskwieraj\u0105cy. Pomimo tego, motocykli\u015bci, kt\u00f3rzy dla w\u0142asnego bezpiecze\u0144stwa musz\u0105 ubiera\u0107 si\u0119 raczej konkretnie, i dla kt\u00f3rych jazda w tak wysokich temperaturach nie stanowi szczytu komfortu podr\u00f3\u017cowania, na \u017carskim Rynku stawili si\u0119 w bardzo licznej grupie. Bo motocykli\u015bci tak ju\u017c maj\u0105. Czasem wystarczy jedno has\u0142o i odzew jest natychmiastowy.<br \/>\nA efekt? Tego dnia zebrano niemal\u017ce 20 tysi\u0119cy z\u0142otych. Niew\u0105tpliwie, warto by\u0142o. <strong>ATB<\/strong><\/p>\n<figure id=\"attachment_15618\" aria-describedby=\"caption-attachment-15618\" style=\"width: 640px\" class=\"wp-caption aligncenter\"><img loading=\"lazy\" decoding=\"async\" class=\"size-large wp-image-15618\" src=\"http:\/\/moja24.pl\/wp-content\/uploads\/2021\/01\/2020_08_09_10445-1024x682.jpg\" alt=\"\" width=\"640\" height=\"426\" srcset=\"https:\/\/moja24.pl\/wp-content\/uploads\/2021\/01\/2020_08_09_10445-1024x682.jpg 1024w, https:\/\/moja24.pl\/wp-content\/uploads\/2021\/01\/2020_08_09_10445-300x200.jpg 300w, https:\/\/moja24.pl\/wp-content\/uploads\/2021\/01\/2020_08_09_10445-768x512.jpg 768w, https:\/\/moja24.pl\/wp-content\/uploads\/2021\/01\/2020_08_09_10445-1536x1024.jpg 1536w, https:\/\/moja24.pl\/wp-content\/uploads\/2021\/01\/2020_08_09_10445-696x464.jpg 696w, https:\/\/moja24.pl\/wp-content\/uploads\/2021\/01\/2020_08_09_10445-1068x712.jpg 1068w, https:\/\/moja24.pl\/wp-content\/uploads\/2021\/01\/2020_08_09_10445-630x420.jpg 630w, https:\/\/moja24.pl\/wp-content\/uploads\/2021\/01\/2020_08_09_10445-450x300.jpg 450w, https:\/\/moja24.pl\/wp-content\/uploads\/2021\/01\/2020_08_09_10445.jpg 2000w\" sizes=\"auto, (max-width: 640px) 100vw, 640px\" \/><figcaption id=\"caption-attachment-15618\" class=\"wp-caption-text\">fot. Andrzej Buczy\u0144ski<\/figcaption><\/figure>\n<figure id=\"attachment_15617\" aria-describedby=\"caption-attachment-15617\" style=\"width: 640px\" class=\"wp-caption aligncenter\"><img loading=\"lazy\" decoding=\"async\" class=\"size-large wp-image-15617\" src=\"http:\/\/moja24.pl\/wp-content\/uploads\/2021\/01\/2020_08_09_10439-1024x683.jpg\" alt=\"\" width=\"640\" height=\"427\" srcset=\"https:\/\/moja24.pl\/wp-content\/uploads\/2021\/01\/2020_08_09_10439-1024x683.jpg 1024w, https:\/\/moja24.pl\/wp-content\/uploads\/2021\/01\/2020_08_09_10439-300x200.jpg 300w, https:\/\/moja24.pl\/wp-content\/uploads\/2021\/01\/2020_08_09_10439-768x512.jpg 768w, https:\/\/moja24.pl\/wp-content\/uploads\/2021\/01\/2020_08_09_10439-1536x1024.jpg 1536w, https:\/\/moja24.pl\/wp-content\/uploads\/2021\/01\/2020_08_09_10439-2048x1366.jpg 2048w, https:\/\/moja24.pl\/wp-content\/uploads\/2021\/01\/2020_08_09_10439-696x464.jpg 696w, https:\/\/moja24.pl\/wp-content\/uploads\/2021\/01\/2020_08_09_10439-1068x712.jpg 1068w, https:\/\/moja24.pl\/wp-content\/uploads\/2021\/01\/2020_08_09_10439-630x420.jpg 630w, https:\/\/moja24.pl\/wp-content\/uploads\/2021\/01\/2020_08_09_10439-450x300.jpg 450w\" sizes=\"auto, (max-width: 640px) 100vw, 640px\" \/><figcaption id=\"caption-attachment-15617\" class=\"wp-caption-text\">fot. Andrzej Buczy\u0144ski<\/figcaption><\/figure>\n","protected":false},"excerpt":{"rendered":"<p>\u017bARY | To ju\u017c czwarta impreza motocyklowa w \u017barach, kt\u00f3rej g\u0142\u00f3wnym celem by\u0142o pomaganie. Tym razem pieni\u0105dze zbierano dla dw\u00f3jki chorych dzieciak\u00f3w &#8211; Mii i Romka. &#8211; \u017baranie i motocykli\u015bci spisali si\u0119 na medal, nawet nie s\u0105dzi\u0142am, \u017ce pojawi si\u0119 tak du\u017co motocykli i ludzi &#8211; m\u00f3wi Izabela Klimas Nieka\u0142o. &#8211; Zwa\u017cywszy na pogod\u0119, koronawirusa [&hellip;]<\/p>\n","protected":false},"author":4,"featured_media":15616,"comment_status":"closed","ping_status":"closed","sticky":false,"template":"","format":"standard","meta":{"_monsterinsights_skip_tracking":false,"_monsterinsights_sitenote_active":false,"_monsterinsights_sitenote_note":"","_monsterinsights_sitenote_category":0,"footnotes":""},"categories":[20,28],"tags":[2082,66],"class_list":["post-15615","post","type-post","status-publish","format-standard","has-post-thumbnail","hentry","category-informacje","category-wiadomosci","tag-izabela-klimas-niekalo","tag-zary"],"_links":{"self":[{"href":"https:\/\/moja24.pl\/index.php\/wp-json\/wp\/v2\/posts\/15615","targetHints":{"allow":["GET"]}}],"collection":[{"href":"https:\/\/moja24.pl\/index.php\/wp-json\/wp\/v2\/posts"}],"about":[{"href":"https:\/\/moja24.pl\/index.php\/wp-json\/wp\/v2\/types\/post"}],"author":[{"embeddable":true,"href":"https:\/\/moja24.pl\/index.php\/wp-json\/wp\/v2\/users\/4"}],"replies":[{"embeddable":true,"href":"https:\/\/moja24.pl\/index.php\/wp-json\/wp\/v2\/comments?post=15615"}],"version-history":[{"count":1,"href":"https:\/\/moja24.pl\/index.php\/wp-json\/wp\/v2\/posts\/15615\/revisions"}],"predecessor-version":[{"id":15619,"href":"https:\/\/moja24.pl\/index.php\/wp-json\/wp\/v2\/posts\/15615\/revisions\/15619"}],"wp:featuredmedia":[{"embeddable":true,"href":"https:\/\/moja24.pl\/index.php\/wp-json\/wp\/v2\/media\/15616"}],"wp:attachment":[{"href":"https:\/\/moja24.pl\/index.php\/wp-json\/wp\/v2\/media?parent=15615"}],"wp:term":[{"taxonomy":"category","embeddable":true,"href":"https:\/\/moja24.pl\/index.php\/wp-json\/wp\/v2\/categories?post=15615"},{"taxonomy":"post_tag","embeddable":true,"href":"https:\/\/moja24.pl\/index.php\/wp-json\/wp\/v2\/tags?post=15615"}],"curies":[{"name":"wp","href":"https:\/\/api.w.org\/{rel}","templated":true}]}}