{"id":15642,"date":"2020-08-21T23:28:09","date_gmt":"2020-08-21T21:28:09","guid":{"rendered":"http:\/\/moja24.pl\/?p=15642"},"modified":"2021-01-06T23:42:18","modified_gmt":"2021-01-06T22:42:18","slug":"wojskowe-swietowanie","status":"publish","type":"post","link":"https:\/\/moja24.pl\/index.php\/2020\/08\/21\/wojskowe-swietowanie\/","title":{"rendered":"Wojskowe \u015bwi\u0119towanie"},"content":{"rendered":"<p><strong>\u017bARY | Obchody \u015awi\u0119ta Wojska Polskiego w 100. Rocznic\u0119 Bitwy Warszawskiej <\/strong><br \/>\n<strong>trwa\u0142y kilka dni i mia\u0142y bardzo r\u00f3\u017cny charakter.<\/strong><\/p>\n<p>Najbardziej uroczysta cz\u0119\u015b\u0107 obchod\u00f3w mia\u0142a miejsce 13 sierpnia na terenie 105. Kresowego Szpitala Wojskowego. Przeprowadzona zosta\u0142a zgodnie z ceremonia\u0142em wojskowym Si\u0142 Zbrojnych RP, a uczestniczyli w niej mi\u0119dzy innymi wojewoda lubuski i przedstawiciele w\u0142adz samorz\u0105dowych. Ta cz\u0119\u015b\u0107 obchod\u00f3w poprzedzona by\u0142a bardzo interesuj\u0105c\u0105 prelekcj\u0105 o roli wojskowej s\u0142u\u017cby zdrowia, przygotowan\u0105 przez dr. Zbigniewa i Krzysztofa Kopoci\u0144skich.<\/p>\n<p>W sobot\u0119, 15 sierpnia, w kilku miejscach miasta, mi\u0119dzy innymi przy ko\u015bciele \u015bw. J\u00f3zefa Oblubie\u0144ca i na cmentarzu komunalnym, sk\u0142adane by\u0142y wi\u0105zanki kwiat\u00f3w i zapalane znicze.<br \/>\nW niedziel\u0119 natomiast wszyscy zgromadzeni przy pawilonie muzycznym w parku miejskim przy Al. Jana Paw\u0142a II mogli pos\u0142ucha\u0107 o historii Cudu nad Wis\u0142\u0105 w formie rozmowy pomi\u0119dzy Piotrem Zachmytem, pracownikiem \u017carskiego muzeum a m\u0142odym laureatem konkursu historycznego Jakubem Kossowskim. Na koniec wyst\u0105pi\u0142y Siostry Massier w towarzystwie Mariusz Massiera. Koncert patriotyczny by\u0142 ostatnim punktem tegorocznych obchod\u00f3w. <strong>ATB<\/strong><\/p>\n<figure id=\"attachment_15644\" aria-describedby=\"caption-attachment-15644\" style=\"width: 640px\" class=\"wp-caption aligncenter\"><img loading=\"lazy\" decoding=\"async\" class=\"size-large wp-image-15644\" src=\"http:\/\/moja24.pl\/wp-content\/uploads\/2021\/01\/2020_08_13_10800-1024x682.jpg\" alt=\"\" width=\"640\" height=\"426\" srcset=\"https:\/\/moja24.pl\/wp-content\/uploads\/2021\/01\/2020_08_13_10800-1024x682.jpg 1024w, https:\/\/moja24.pl\/wp-content\/uploads\/2021\/01\/2020_08_13_10800-300x200.jpg 300w, https:\/\/moja24.pl\/wp-content\/uploads\/2021\/01\/2020_08_13_10800-768x512.jpg 768w, https:\/\/moja24.pl\/wp-content\/uploads\/2021\/01\/2020_08_13_10800-1536x1024.jpg 1536w, https:\/\/moja24.pl\/wp-content\/uploads\/2021\/01\/2020_08_13_10800-696x464.jpg 696w, https:\/\/moja24.pl\/wp-content\/uploads\/2021\/01\/2020_08_13_10800-1068x712.jpg 1068w, https:\/\/moja24.pl\/wp-content\/uploads\/2021\/01\/2020_08_13_10800-630x420.jpg 630w, https:\/\/moja24.pl\/wp-content\/uploads\/2021\/01\/2020_08_13_10800-450x300.jpg 450w, https:\/\/moja24.pl\/wp-content\/uploads\/2021\/01\/2020_08_13_10800.jpg 2000w\" sizes=\"auto, (max-width: 640px) 100vw, 640px\" \/><figcaption id=\"caption-attachment-15644\" class=\"wp-caption-text\">dr n. med. Zbigniew Kopoci\u0144ski. fot. Andrzej Buczy\u0144ski<\/figcaption><\/figure>\n<p><strong>Fragment prelekcji \u201eZ karabinem i torb\u0105 sanitarn\u0105 na ramieniu &#8211; \u017co\u0142nierze spod znaku Eskulapa na kresowych rubie\u017cach Rzeczypospolitej\u201d<\/strong><br \/>\n<em>&#8211; Zar\u00f3wno w latach dwudziestych, jak i obecnie, nasi prze\u0142o\u017ceni, zar\u00f3wno cywilni, jak i wojskowi, nie do ko\u0144ca doceniaj\u0105 wysi\u0142ek polskiej, wojskowej s\u0142u\u017cby zdrowia. Dlatego trzeba przypomnie\u0107 wielkie dokonania naszych poprzednik\u00f3w z lat dwudziestych w dziele odzyskania i utrzymania niepodleg\u0142o\u015bci. <\/em><br \/>\n<em>Na terenach Kres\u00f3w Wschodnich toczy\u0142y si\u0119 dzia\u0142ania wojenne pierwszej wojny \u015bwiatowej i w zwi\u0105zku z tym by\u0142y one zrujnowane, ograbione i zniszczone do granic mo\u017cliwo\u015bci. Nie dzia\u0142a\u0142y tam \u017cadne instytucje, w zwi\u0105zku z tym realn\u0105 si\u0142\u0105, je\u015bli chodzi o s\u0142u\u017cb\u0119 zdrowia, by\u0142a wy\u0142\u0105cznie wojskowa s\u0142u\u017cba zdrowia. W Bitwie Warszawskiej, w kt\u00f3rej odniesiono wielki sukces militarny, r\u00f3wnie\u017c wielkie zwyci\u0119stwo odnios\u0142a wojskowa s\u0142u\u017cba zdrowia. Bior\u0105c pod uwag\u0119 straty odniesione przez wojsko polskie w 1920 roku, to zabici i ranni byli tylko niewielk\u0105 cz\u0119\u015bci\u0105 og\u00f3lnych strat wojska polskiego. Najwi\u0119ksze straty by\u0142y spowodowane przez epidemie gro\u017anych chor\u00f3b zaka\u017anych. W tym czasie ze wschodu, wraz z dzia\u0142aniami wojennymi, przychodzi\u0142y niezwykle \u015bmiertelne choroby. Wspomn\u0119 tylko, \u017ce na tyfus w latach 1919-1921 zmar\u0142o prawie 2,5 miliona ludzi w samej Rosji. Do tego dochodzi jeszcze dur brzuszny, czerwonka, ospa, cholera, grypa hiszpanka, a nawet d\u017cuma. Wszystko to pcha\u0142o si\u0119 ze wschodu na tereny naszych ziem centralnych. <\/em><br \/>\n<em>Wojskowa s\u0142u\u017cba zdrowia postawi\u0142a kordon sanitarny, p\u00f3\u017aniej wsparty przez cywiln\u0105 s\u0142u\u017cb\u0119 zdrowia, ale na obszarze frontowym dzia\u0142a\u0142a tylko s\u0142u\u017cba wojskowa. Trzeba pami\u0119ta\u0107, \u017ce w\u00f3wczas nie by\u0142o jeszcze antybiotyk\u00f3w. Ka\u017cdy kontakt z osob\u0105 chor\u0105 na tyfus dla osoby o niewielkim nawet os\u0142abieniu odporno\u015bci oznacza\u0142 \u015bmier\u0107. Na Kresach Wschodnich wymiera\u0142y ca\u0142e miejscowo\u015bci. W zwi\u0105zku z tym polscy pracownicy wojskowej s\u0142u\u017cby zdrowia &#8211; lekarze, piel\u0119gniarki, sanitariusze, noszowi &#8211; mieli pe\u0142n\u0105 \u015bwiadomo\u015b\u0107, \u017ce udzielaj\u0105c pomocy naszym \u017co\u0142nierzom i ludno\u015bci cywilnej, ryzykuj\u0105 w\u0142asnym \u017cyciem. Tysi\u0105ce naszych pracownik\u00f3w odda\u0142o \u017cycie w czasie wojny 20. roku. Nikt o tym nie pami\u0119ta.<\/em><br \/>\n<em>Takie por\u00f3wnanie si\u0119 nasuwa. O ksi\u0119dzu Ignacym Skorupce, wspania\u0142ym kapelanie, kt\u00f3ry wraz z \u017co\u0142nierzami poszed\u0142 w b\u00f3j i straci\u0142 \u017cycie, wie ca\u0142a Polska. Ale prawie nikt nie jest w stanie poda\u0107 imi\u0119 i nazwisko jakiego\u015b polskiego lekarza, kt\u00f3ry straci\u0142 \u017cycie na Kresach, ratuj\u0105c \u017cycie drugiego cz\u0142owieka. Tymczasem zmar\u0142o tam tysi\u0105ce ludzi. \u017bo\u0142nierze umierali od stopnia pu\u0142kownika do szeregowego. Od komendanta szpitala do prostego sanitariusza, czy noszowego.<\/em><br \/>\n<em>Generalnie polskiej wojskowej s\u0142u\u017cbie zdrowia uda\u0142o si\u0119 zatrzyma\u0107 te epidemie i nie zosta\u0142y one zawleczone w g\u0142\u0105b Polski i dalej na zach\u00f3d, co jest wielk\u0105 wiktori\u0105 po heroicznej bitwie. Dziwi fakt, \u017ce my sami nie upominamy si\u0119 o t\u0105 pami\u0119\u0107. Moim zdaniem przewy\u017csza to nawet zwyci\u0119stwo militarne. Gdyby\u015bmy przegrali Bitw\u0119 Warszawsk\u0105 i stracili niepodleg\u0142o\u015b\u0107, to nie dosz\u0142oby przynajmniej do biologicznego unicestwienia Polski. Te epidemie mog\u0142yby to spowodowa\u0107.<\/em><\/p>\n<figure id=\"attachment_15646\" aria-describedby=\"caption-attachment-15646\" style=\"width: 640px\" class=\"wp-caption aligncenter\"><img loading=\"lazy\" decoding=\"async\" class=\"size-large wp-image-15646\" src=\"http:\/\/moja24.pl\/wp-content\/uploads\/2021\/01\/2020_08_15_11098-1024x682.jpg\" alt=\"\" width=\"640\" height=\"426\" srcset=\"https:\/\/moja24.pl\/wp-content\/uploads\/2021\/01\/2020_08_15_11098-1024x682.jpg 1024w, https:\/\/moja24.pl\/wp-content\/uploads\/2021\/01\/2020_08_15_11098-300x200.jpg 300w, https:\/\/moja24.pl\/wp-content\/uploads\/2021\/01\/2020_08_15_11098-768x512.jpg 768w, https:\/\/moja24.pl\/wp-content\/uploads\/2021\/01\/2020_08_15_11098-1536x1024.jpg 1536w, https:\/\/moja24.pl\/wp-content\/uploads\/2021\/01\/2020_08_15_11098-696x464.jpg 696w, https:\/\/moja24.pl\/wp-content\/uploads\/2021\/01\/2020_08_15_11098-1068x712.jpg 1068w, https:\/\/moja24.pl\/wp-content\/uploads\/2021\/01\/2020_08_15_11098-630x420.jpg 630w, https:\/\/moja24.pl\/wp-content\/uploads\/2021\/01\/2020_08_15_11098-450x300.jpg 450w, https:\/\/moja24.pl\/wp-content\/uploads\/2021\/01\/2020_08_15_11098.jpg 2000w\" sizes=\"auto, (max-width: 640px) 100vw, 640px\" \/><figcaption id=\"caption-attachment-15646\" class=\"wp-caption-text\">Przy ko\u015bciele \u015bw. J\u00f3zefa fot. Andrzej Buczy\u0144ski<\/figcaption><\/figure>\n<figure id=\"attachment_15647\" aria-describedby=\"caption-attachment-15647\" style=\"width: 640px\" class=\"wp-caption aligncenter\"><img loading=\"lazy\" decoding=\"async\" class=\"size-large wp-image-15647\" src=\"http:\/\/moja24.pl\/wp-content\/uploads\/2021\/01\/2020_08_16_11674-1024x682.jpg\" alt=\"\" width=\"640\" height=\"426\" srcset=\"https:\/\/moja24.pl\/wp-content\/uploads\/2021\/01\/2020_08_16_11674-1024x682.jpg 1024w, https:\/\/moja24.pl\/wp-content\/uploads\/2021\/01\/2020_08_16_11674-300x200.jpg 300w, https:\/\/moja24.pl\/wp-content\/uploads\/2021\/01\/2020_08_16_11674-768x512.jpg 768w, https:\/\/moja24.pl\/wp-content\/uploads\/2021\/01\/2020_08_16_11674-1536x1024.jpg 1536w, https:\/\/moja24.pl\/wp-content\/uploads\/2021\/01\/2020_08_16_11674-696x464.jpg 696w, https:\/\/moja24.pl\/wp-content\/uploads\/2021\/01\/2020_08_16_11674-1068x712.jpg 1068w, https:\/\/moja24.pl\/wp-content\/uploads\/2021\/01\/2020_08_16_11674-630x420.jpg 630w, https:\/\/moja24.pl\/wp-content\/uploads\/2021\/01\/2020_08_16_11674-450x300.jpg 450w, https:\/\/moja24.pl\/wp-content\/uploads\/2021\/01\/2020_08_16_11674.jpg 2000w\" sizes=\"auto, (max-width: 640px) 100vw, 640px\" \/><figcaption id=\"caption-attachment-15647\" class=\"wp-caption-text\">Piotr Zachmyt i Jakub Kossowski. fot. Andrzej Buczy\u0144ski<\/figcaption><\/figure>\n<figure id=\"attachment_15643\" aria-describedby=\"caption-attachment-15643\" style=\"width: 640px\" class=\"wp-caption aligncenter\"><img loading=\"lazy\" decoding=\"async\" class=\"size-large wp-image-15643\" src=\"http:\/\/moja24.pl\/wp-content\/uploads\/2021\/01\/2020_08_16_11739-1024x682.jpg\" alt=\"\" width=\"640\" height=\"426\" srcset=\"https:\/\/moja24.pl\/wp-content\/uploads\/2021\/01\/2020_08_16_11739-1024x682.jpg 1024w, https:\/\/moja24.pl\/wp-content\/uploads\/2021\/01\/2020_08_16_11739-300x200.jpg 300w, https:\/\/moja24.pl\/wp-content\/uploads\/2021\/01\/2020_08_16_11739-768x512.jpg 768w, https:\/\/moja24.pl\/wp-content\/uploads\/2021\/01\/2020_08_16_11739-1536x1024.jpg 1536w, https:\/\/moja24.pl\/wp-content\/uploads\/2021\/01\/2020_08_16_11739-696x464.jpg 696w, https:\/\/moja24.pl\/wp-content\/uploads\/2021\/01\/2020_08_16_11739-1068x712.jpg 1068w, https:\/\/moja24.pl\/wp-content\/uploads\/2021\/01\/2020_08_16_11739-630x420.jpg 630w, https:\/\/moja24.pl\/wp-content\/uploads\/2021\/01\/2020_08_16_11739-450x300.jpg 450w, https:\/\/moja24.pl\/wp-content\/uploads\/2021\/01\/2020_08_16_11739.jpg 2000w\" sizes=\"auto, (max-width: 640px) 100vw, 640px\" \/><figcaption id=\"caption-attachment-15643\" class=\"wp-caption-text\">Koncert patriotyczny. fot. Andrzej Buczy\u0144ski<\/figcaption><\/figure>\n","protected":false},"excerpt":{"rendered":"<p>\u017bARY | Obchody \u015awi\u0119ta Wojska Polskiego w 100. Rocznic\u0119 Bitwy Warszawskiej trwa\u0142y kilka dni i mia\u0142y bardzo r\u00f3\u017cny charakter. Najbardziej uroczysta cz\u0119\u015b\u0107 obchod\u00f3w mia\u0142a miejsce 13 sierpnia na terenie 105. Kresowego Szpitala Wojskowego. Przeprowadzona zosta\u0142a zgodnie z ceremonia\u0142em wojskowym Si\u0142 Zbrojnych RP, a uczestniczyli w niej mi\u0119dzy innymi wojewoda lubuski i przedstawiciele w\u0142adz samorz\u0105dowych. Ta [&hellip;]<\/p>\n","protected":false},"author":4,"featured_media":15645,"comment_status":"closed","ping_status":"closed","sticky":false,"template":"","format":"standard","meta":{"_monsterinsights_skip_tracking":false,"_monsterinsights_sitenote_active":false,"_monsterinsights_sitenote_note":"","_monsterinsights_sitenote_category":0,"footnotes":""},"categories":[20,28],"tags":[2086,2059,2087,66,2085],"class_list":["post-15642","post","type-post","status-publish","format-standard","has-post-thumbnail","hentry","category-informacje","category-wiadomosci","tag-105-kresowy-szpital-wojskowy","tag-muzeum","tag-siostry-massier","tag-zary","tag-zbigniew-kopocinski"],"_links":{"self":[{"href":"https:\/\/moja24.pl\/index.php\/wp-json\/wp\/v2\/posts\/15642","targetHints":{"allow":["GET"]}}],"collection":[{"href":"https:\/\/moja24.pl\/index.php\/wp-json\/wp\/v2\/posts"}],"about":[{"href":"https:\/\/moja24.pl\/index.php\/wp-json\/wp\/v2\/types\/post"}],"author":[{"embeddable":true,"href":"https:\/\/moja24.pl\/index.php\/wp-json\/wp\/v2\/users\/4"}],"replies":[{"embeddable":true,"href":"https:\/\/moja24.pl\/index.php\/wp-json\/wp\/v2\/comments?post=15642"}],"version-history":[{"count":1,"href":"https:\/\/moja24.pl\/index.php\/wp-json\/wp\/v2\/posts\/15642\/revisions"}],"predecessor-version":[{"id":15648,"href":"https:\/\/moja24.pl\/index.php\/wp-json\/wp\/v2\/posts\/15642\/revisions\/15648"}],"wp:featuredmedia":[{"embeddable":true,"href":"https:\/\/moja24.pl\/index.php\/wp-json\/wp\/v2\/media\/15645"}],"wp:attachment":[{"href":"https:\/\/moja24.pl\/index.php\/wp-json\/wp\/v2\/media?parent=15642"}],"wp:term":[{"taxonomy":"category","embeddable":true,"href":"https:\/\/moja24.pl\/index.php\/wp-json\/wp\/v2\/categories?post=15642"},{"taxonomy":"post_tag","embeddable":true,"href":"https:\/\/moja24.pl\/index.php\/wp-json\/wp\/v2\/tags?post=15642"}],"curies":[{"name":"wp","href":"https:\/\/api.w.org\/{rel}","templated":true}]}}