{"id":15727,"date":"2020-09-04T01:57:01","date_gmt":"2020-09-03T23:57:01","guid":{"rendered":"http:\/\/moja24.pl\/?p=15727"},"modified":"2021-01-07T02:00:00","modified_gmt":"2021-01-07T01:00:00","slug":"trener-kadry-sprawdzal-forme","status":"publish","type":"post","link":"https:\/\/moja24.pl\/index.php\/2020\/09\/04\/trener-kadry-sprawdzal-forme\/","title":{"rendered":"Trener kadry sprawdza\u0142 form\u0119"},"content":{"rendered":"<p><strong>SPORTY WALKI | W ramach sportowego zako\u0144czenia wakacji w sobot\u0119, w \u017carskim<\/strong><br \/>\n<strong>parku przy ul. Paderewskiego mo\u017cna by\u0142o obejrze\u0107 walki w ringu z udzia\u0142em bardzo m\u0142odych zawodnik\u00f3w.<\/strong><\/p>\n<p>&#8211; \u201eLee Mini Cup 4\u201d jest to seria turniej\u00f3w mojego autorstwa, skierowana do zawodniczek i zawodnik\u00f3w najm\u0142odszych od 8 do 16 roku \u017cycia &#8211; m\u00f3wi Dawid Polok z \u017barskiego Klubu Sport\u00f3w Walki. &#8211; Dla mnie, jako Trenera Kadry Narodowej Muaythai, jest \u015bwietn\u0105 okazj\u0105 do poszukiwania m\u0142odych talent\u00f3w i przegl\u0105du formy kadrowicz\u00f3w w poszukiwaniu przysz\u0142ych medalist\u00f3w na turnieje mi\u0119dzynarodowe.<\/p>\n<p>W tej edycji odby\u0142o si\u0119 16 pojedynk\u00f3w muaythai, zar\u00f3wno debiutant\u00f3w, jak i aktualnych reprezentant\u00f3w Polski &#8211; uczestnik\u00f3w Mistrzostw \u015awiata i Mistrzostw Europy &#8211; Maciej Herbich, Adam Borowski (Kruk Gym Kalisz), Patrycja Wi\u015bniewska (Legion G\u0142og\u00f3w) czy Bartosz Kula (\u017bKSW).<\/p>\n<p>Najm\u0142odszy uczestnik mia\u0142 8 lat &#8211; Bartosz Kuku\u0142a, a najstarszy 17 lat &#8211; Dawid Burzy\u0144ski. Na co dzie\u0144 trenuj\u0105 w \u017carskim klubie.<br \/>\nW turnieju uczestniczyli zawodnicy z \u0141odzi, Kalisza, G\u0142ogowa, Szprotawy i \u017bar. By\u0142a to r\u00f3wnie\u017c ostatnia okazja startu przed zbli\u017caj\u0105cymi si\u0119 Mistrzostwami Polski Muaythai. <strong>ATB<\/strong><\/p>\n","protected":false},"excerpt":{"rendered":"<p>SPORTY WALKI | W ramach sportowego zako\u0144czenia wakacji w sobot\u0119, w \u017carskim parku przy ul. Paderewskiego mo\u017cna by\u0142o obejrze\u0107 walki w ringu z udzia\u0142em bardzo m\u0142odych zawodnik\u00f3w. &#8211; \u201eLee Mini Cup 4\u201d jest to seria turniej\u00f3w mojego autorstwa, skierowana do zawodniczek i zawodnik\u00f3w najm\u0142odszych od 8 do 16 roku \u017cycia &#8211; m\u00f3wi Dawid Polok z [&hellip;]<\/p>\n","protected":false},"author":4,"featured_media":15728,"comment_status":"closed","ping_status":"closed","sticky":false,"template":"","format":"standard","meta":{"_monsterinsights_skip_tracking":false,"_monsterinsights_sitenote_active":false,"_monsterinsights_sitenote_note":"","_monsterinsights_sitenote_category":0,"footnotes":""},"categories":[20,23,28],"tags":[417,826,1273],"class_list":["post-15727","post","type-post","status-publish","format-standard","has-post-thumbnail","hentry","category-informacje","category-sport","category-wiadomosci","tag-dawid-polok","tag-sporty-walki","tag-zksw"],"_links":{"self":[{"href":"https:\/\/moja24.pl\/index.php\/wp-json\/wp\/v2\/posts\/15727","targetHints":{"allow":["GET"]}}],"collection":[{"href":"https:\/\/moja24.pl\/index.php\/wp-json\/wp\/v2\/posts"}],"about":[{"href":"https:\/\/moja24.pl\/index.php\/wp-json\/wp\/v2\/types\/post"}],"author":[{"embeddable":true,"href":"https:\/\/moja24.pl\/index.php\/wp-json\/wp\/v2\/users\/4"}],"replies":[{"embeddable":true,"href":"https:\/\/moja24.pl\/index.php\/wp-json\/wp\/v2\/comments?post=15727"}],"version-history":[{"count":1,"href":"https:\/\/moja24.pl\/index.php\/wp-json\/wp\/v2\/posts\/15727\/revisions"}],"predecessor-version":[{"id":15729,"href":"https:\/\/moja24.pl\/index.php\/wp-json\/wp\/v2\/posts\/15727\/revisions\/15729"}],"wp:featuredmedia":[{"embeddable":true,"href":"https:\/\/moja24.pl\/index.php\/wp-json\/wp\/v2\/media\/15728"}],"wp:attachment":[{"href":"https:\/\/moja24.pl\/index.php\/wp-json\/wp\/v2\/media?parent=15727"}],"wp:term":[{"taxonomy":"category","embeddable":true,"href":"https:\/\/moja24.pl\/index.php\/wp-json\/wp\/v2\/categories?post=15727"},{"taxonomy":"post_tag","embeddable":true,"href":"https:\/\/moja24.pl\/index.php\/wp-json\/wp\/v2\/tags?post=15727"}],"curies":[{"name":"wp","href":"https:\/\/api.w.org\/{rel}","templated":true}]}}