{"id":15787,"date":"2020-09-18T03:12:32","date_gmt":"2020-09-18T01:12:32","guid":{"rendered":"http:\/\/moja24.pl\/?p=15787"},"modified":"2021-01-07T03:16:29","modified_gmt":"2021-01-07T02:16:29","slug":"bebny-pamiec-i-fotografia","status":"publish","type":"post","link":"https:\/\/moja24.pl\/index.php\/2020\/09\/18\/bebny-pamiec-i-fotografia\/","title":{"rendered":"B\u0119bny, pami\u0119\u0107 i fotografia"},"content":{"rendered":"<p>Gdy czego\u015b zaczyna brakowa\u0107, pojawia si\u0119 t\u0119sknota. Nie istnieje, gdy przyczyna nie wyst\u0119puje, gdy ma si\u0119 to co\u015b na co dzie\u0144.<\/p>\n<p>Nigdy wcze\u015bniej nie wpad\u0142bym na to, \u017ce zat\u0119skni\u0119 za ha\u0142asem. I to nie takim byle jakim, bo produkowanym przez b\u0119bny i tr\u0105bki koszykarskich kibic\u00f3w. Zawsze \u0142eb od tego p\u0119ka\u0142, ale po paru \u0142adnych miesi\u0105cach, troch\u0119 chcia\u0142oby si\u0119 tego p\u0119kania zazna\u0107. Jeszcze momencik. To wr\u00f3ci. Irytacja ha\u0142asem zapewne te\u017c, ale niech w ko\u0144cu pojawi si\u0119 jakakolwiek jej przyczyna..<\/p>\n<p>Pierwszy koszykarski turniej z udzia\u0142em BC Swiss Krono, po latach \u015bwietlnych przerwy, ju\u017c w sobot\u0119. Troch\u0119 inaczej, bo pandemicznie, co drugie krzese\u0142ko b\u0119dzie mo\u017cna zaj\u0105\u0107. Mamy wi\u0119c maksymalnie 150 os\u00f3b na widowni, zamiast 300. Bior\u0105c pod uwag\u0119 popularno\u015b\u0107 tego sportu w \u017barach, mo\u017ce nie wszyscy ch\u0119tni wejd\u0105 na mecze.<\/p>\n<p>Pi\u0142ka no\u017cna ju\u017c dzia\u0142a od jakiego\u015b czasu. M\u00f3j s\u0105siad, emeryt, zadowolony. Chodzi na mecze<br \/>\ni jest pe\u0142en nadziei, \u017ce Promie\u0144 w ko\u0144cu awansuje do czwartej ligi. Wszyscy od dawna o tym m\u00f3wi\u0105, \u017ce temu klubowi awans si\u0119 nale\u017cy. S\u0105siad te\u017c. Ale zawsze co\u015b&#8230; jaka\u015b przeszkoda. Punktu zabrak\u0142o, albo pora\u017cka w ostatnim meczu o wszystko. Same ambicje nie wystarcz\u0105. Awans trzeba wygra\u0107. Nie ma innej drogi.<\/p>\n<p>\u201eMoja droga&#8230;\u201d to tytu\u0142 albumu, kt\u00f3ry powsta\u0142 z inicjatywy \u017carskiego muzeum. S\u0105<br \/>\nw nim fotografie Sybirak\u00f3w. Os\u00f3b, kt\u00f3re by\u0142y tam. Zosta\u0142y zes\u0142ane, lub urodzi\u0142y si\u0119 na &#8211; delikatnie m\u00f3wi\u0105c &#8211; niezbyt go\u015bcinnej ziemi. Dzi\u015b mieszkaj\u0105 w \u017barach i okolicach. Wspominaj\u0105 chwile z dawnych lat. Wspomnienia, kt\u00f3rymi si\u0119 dziel\u0105, s\u0105 po prostu bezcenne. \u017bywy zapis historii. Niekoniecznie taki, jak w podr\u0119cznikach. Prawdziwy, o ile pami\u0119\u0107 nie szwankuje. Bo wiek zaciera niekt\u00f3re wspomnienia. Szczeg\u00f3lnie te z\u0142e. A\u017c prosz\u0105ce si\u0119 o wyparcie z pami\u0119ci.<\/p>\n<p>\u017byj\u0105 po\u015br\u00f3d nas Sybiracy. Niem\u0142odzi ju\u017c \u015bwiadkowie historii. Wartej uwiecznienia.<br \/>\n\u017ba\u0142uj\u0119, \u017ce moi dziadkowie odeszli ju\u017c z tego \u015bwiata, bo pewnie niejedno mogliby jeszcze dzi\u015b mi opowiedzie\u0107. To naturalna kolej rzeczy i powoduje wprawdzie smutek, ale wp\u0142ywu na to raczej si\u0119 nie ma. Szkoda tylko, \u017ce tyle niezwyk\u0142ych wr\u0119cz historii umiera wraz z ich \u015bwiadkami.<\/p>\n<p>Sybiracy s\u0105 w\u015br\u00f3d nas. Ale z czasem odejd\u0105. Tak jak my wszyscy. Mo\u017ce kiedy\u015b kto\u015b napisze zupe\u0142nie inny podr\u0119cznik, a nauczyciele historii b\u0119d\u0105 uczy\u0107 nast\u0119pne pokolenia tego, co w ksi\u0105\u017cce, ale niekoniecznie tego, co si\u0119 naprawd\u0119 wydarzy\u0142o przed laty.<\/p>\n<p>Tak czysto teoretycznie &#8211; wszystko jest mo\u017cliwe. Jednak je\u015bli kto\u015b kiedy\u015b wpadnie na pomys\u0142, \u017ceby wymaza\u0107 z kart historii syberyjski epizod dziej\u00f3w ludzko\u015bci, to przeczy\u0107 temu b\u0119dzie album wydany w\u0142a\u015bnie w \u017barach.<\/p>\n<p>Prastare dziennikarskie powiedzonko m\u00f3wi, \u017ce bez zdj\u0119\u0107 si\u0119 nie liczy. Mo\u017cna napisa\u0107 wszystko, co \u015blina na j\u0119zyk przyniesie, ale je\u015bli nie ma to potwierdzenia na zdj\u0119ciu, budzi\u0107 mo\u017ce w\u0105tpliwo\u015bci. \u017by\u0142y na Ziemi dinozaury? Mo\u017cliwe, ale widzia\u0142 je kto\u015b? Nikt nie widzia\u0142, co te\u017c nie \u015bwiadczy, \u017ce nie istnia\u0142y. Mo\u017ce tylko wygl\u0105da\u0142y nieco inaczej, ni\u017c w filmowym Parku Jurajskim.<\/p>\n<p>Za sto lat b\u0119dzie pro\u015bciej. Za 500 lat jeszcze bardziej. Dzi\u015b prawie ka\u017cdy z nas ma aparat fotograficzny w kieszeni. Taki z funkcj\u0105 telefonowania do innych ludzi. Spora cz\u0119\u015b\u0107 tych przypadkowych nawet \u201epstryk\u00f3w\u201d trafia do internetu, na portale spo\u0142eczno\u015bciowe chocia\u017cby. A jak wiadomo, co raz wpadnie do internetu, to nigdy nie ginie. No chyba, \u017ce kto\u015b kiedy\u015b wy\u0142\u0105czy ca\u0142y internet. Ale wtedy i tak zostanie album \u017carskich Sybirak\u00f3w wydrukowany na papierze.<\/p>\n<p>Historycy przysz\u0142ych pokole\u0144 b\u0119d\u0105 mieli z g\u00f3rki. Jak wygl\u0105da\u0142y \u017bary w 2020 roku? Wiadomo. Fotograficzna dokumentacja jest przeogromna. Dlatego te\u017c warto robi\u0107 zdj\u0119cia.<br \/>\nA gdyby tak Ulrich von Jungingen pstryka\u0142 zdj\u0119cia i kr\u0119ci\u0142 filmiki pod Grunwaldem? Zapewne ka\u017cdy ch\u0119tnie by to dzi\u015b obejrza\u0142.<\/p>\n<p>Dzi\u015b s\u0105 konkursy fotograficzne. Je\u015bli komu\u015b uda si\u0119 akurat zdoby\u0107 nagrod\u0119 g\u0142\u00f3wn\u0105, to fajnie dla tego kogo\u015b. Satysfakcja i pieni\u0105dze na przyk\u0142ad. Ale dla przysz\u0142ych pokole\u0144 to nic innego, jak dokumentacja chwil obecnych. Tym bardziej cenna, \u017ce taka prywatna, nieoficjalna, pokazuj\u0105ca r\u00f3\u017cne aspekty \u017cycia codziennego.<\/p>\n<p>Namawiam wi\u0119c wszystkich i ka\u017cdego z osobna &#8211; r\u00f3bcie zdj\u0119cia. Sobie, bliskim, znajomym, swojej ulicy, zatrzymujcie ulotne chwile. To nie kosztuje.<\/p>\n<p style=\"text-align: right;\"><strong>Andrzej Buczy\u0144ski<\/strong><\/p>\n","protected":false},"excerpt":{"rendered":"<p>Gdy czego\u015b zaczyna brakowa\u0107, pojawia si\u0119 t\u0119sknota. Nie istnieje, gdy przyczyna nie wyst\u0119puje, gdy ma si\u0119 to co\u015b na co dzie\u0144. Nigdy wcze\u015bniej nie wpad\u0142bym na to, \u017ce zat\u0119skni\u0119 za ha\u0142asem. I to nie takim byle jakim, bo produkowanym przez b\u0119bny i tr\u0105bki koszykarskich kibic\u00f3w. Zawsze \u0142eb od tego p\u0119ka\u0142, ale po paru \u0142adnych miesi\u0105cach, [&hellip;]<\/p>\n","protected":false},"author":4,"featured_media":15788,"comment_status":"closed","ping_status":"closed","sticky":false,"template":"","format":"standard","meta":{"_monsterinsights_skip_tracking":false,"_monsterinsights_sitenote_active":false,"_monsterinsights_sitenote_note":"","_monsterinsights_sitenote_category":0,"footnotes":""},"categories":[20,2057,28],"tags":[],"class_list":["post-15787","post","type-post","status-publish","format-standard","has-post-thumbnail","hentry","category-informacje","category-komentarze","category-wiadomosci"],"_links":{"self":[{"href":"https:\/\/moja24.pl\/index.php\/wp-json\/wp\/v2\/posts\/15787","targetHints":{"allow":["GET"]}}],"collection":[{"href":"https:\/\/moja24.pl\/index.php\/wp-json\/wp\/v2\/posts"}],"about":[{"href":"https:\/\/moja24.pl\/index.php\/wp-json\/wp\/v2\/types\/post"}],"author":[{"embeddable":true,"href":"https:\/\/moja24.pl\/index.php\/wp-json\/wp\/v2\/users\/4"}],"replies":[{"embeddable":true,"href":"https:\/\/moja24.pl\/index.php\/wp-json\/wp\/v2\/comments?post=15787"}],"version-history":[{"count":1,"href":"https:\/\/moja24.pl\/index.php\/wp-json\/wp\/v2\/posts\/15787\/revisions"}],"predecessor-version":[{"id":15789,"href":"https:\/\/moja24.pl\/index.php\/wp-json\/wp\/v2\/posts\/15787\/revisions\/15789"}],"wp:featuredmedia":[{"embeddable":true,"href":"https:\/\/moja24.pl\/index.php\/wp-json\/wp\/v2\/media\/15788"}],"wp:attachment":[{"href":"https:\/\/moja24.pl\/index.php\/wp-json\/wp\/v2\/media?parent=15787"}],"wp:term":[{"taxonomy":"category","embeddable":true,"href":"https:\/\/moja24.pl\/index.php\/wp-json\/wp\/v2\/categories?post=15787"},{"taxonomy":"post_tag","embeddable":true,"href":"https:\/\/moja24.pl\/index.php\/wp-json\/wp\/v2\/tags?post=15787"}],"curies":[{"name":"wp","href":"https:\/\/api.w.org\/{rel}","templated":true}]}}