{"id":15811,"date":"2020-09-11T03:39:18","date_gmt":"2020-09-11T01:39:18","guid":{"rendered":"http:\/\/moja24.pl\/?p=15811"},"modified":"2021-01-07T03:42:08","modified_gmt":"2021-01-07T02:42:08","slug":"goscie-bez-punktow","status":"publish","type":"post","link":"https:\/\/moja24.pl\/index.php\/2020\/09\/11\/goscie-bez-punktow\/","title":{"rendered":"Go\u015bcie bez punkt\u00f3w"},"content":{"rendered":"<p><strong>PI\u0141KA NO\u017bNA | Spotkanie pomi\u0119dzy Promieniem \u017bary a beniaminkiem zielonog\u00f3rskiej klasy okr\u0119gowej \u0141KS-em \u0141\u0119knica zapowiada\u0142o si\u0119 bardzo ciekawie. W sobotnie popo\u0142udnie nie tylko dopisa\u0142a pogoda, ale tak\u017ce licznie zebrani kibice na stadionie przy ul. Zwyci\u0119zc\u00f3w 38.<\/strong><\/p>\n<p>Ju\u017c od pierwszych minut meczu wida\u0107 by\u0142o, \u017ce obie dru\u017cyny chc\u0105 zgarn\u0105\u0107 trzy punkty. Niewielk\u0105 przewag\u0119 od samego pocz\u0105tku spotkania mia\u0142 Promie\u0144, ale brakowa\u0142o skuteczno\u015bci. Bardzo dobre minuty zalicza\u0142 Pawe\u0142 Dzikowicz, kt\u00f3ry przed sezonem zosta\u0142 sprowadzony do Promienia z Drzonkowianki Racula. Obie dru\u017cyny w pierwszej po\u0142owie mia\u0142y swoje okazj\u0119, ale nerwowe decyzje powodowa\u0142y, \u017ce podczas pierwszej po\u0142owy nie ogl\u0105dali\u015bmy \u017cadnej bramki. Zaraz po przerwie \u015bwietn\u0105 asyst\u0105 popisa\u0142 si\u0119 Oleh Frankovych, kt\u00f3ry wypu\u015bci\u0142 pi\u0142k\u0119 do Jakuba Ksi\u0119\u017cniaka, a ten w sytuacji sam na sam pokona\u0142 bramkarza go\u015bci Marcina Kozdronia. Ten gol nie pod\u0142ama\u0142 pi\u0142karzy \u0141KS-u \u0141\u0119knica, kt\u00f3rzy d\u0105\u017cyli do wyr\u00f3wnania jednak w dalszym ci\u0105gu zawodzi\u0142a skuteczno\u015b\u0107. Z atakami \u0141KS-u bardzo dobrze radzi\u0142a sobie formacji defensywna Promienia, dzi\u0119ki czemu pi\u0142karze z \u0141\u0119knicy mieli problem z oddaniem strza\u0142u na bramk\u0119 strze\u017con\u0105 przez Manuela Kowalskiego. Przez wi\u0119kszo\u015b\u0107 meczu niewidoczny by\u0142 jeden z najlepszych strzelc\u00f3w go\u015bci Emmanuel Ohagwu. Mimo atak\u00f3w ekipy prowadzonej przez Grzegorza Tychowskiego bramk\u0119 ze sta\u0142ego fragmentu gry zdoby\u0142 Promie\u0144 a strzelcem bramki by\u0142 Oleh Frankovych wykorzystuj\u0105cy \u015bwietne do\u015brodkowanie Jakuba Nowaka z rzutu ro\u017cnego. Ko\u0144c\u00f3wka spotkania to ju\u017c spokojna kontrola wyniku przez gospodarzy i spotkanie ko\u0144czy si\u0119 wynikiem 2:0. Ten wynik sprawi\u0142, \u017ce to Promie\u0144 \u017bary obejmuje pozycj\u0119 wicelidera rozgrywek trac\u0105c jeden punkt do Zorzy Ochla. W nast\u0119pnej kolejce \u0141KS zmierzy si\u0119 u siebie ze Spart\u0105 Grabik, natomiast Promie\u0144 zagra na wyje\u017adzie z Mieszkiem Konotop.<\/p>\n<p style=\"text-align: right;\"><strong>Bartek Olszewski<\/strong><\/p>\n","protected":false},"excerpt":{"rendered":"<p>PI\u0141KA NO\u017bNA | Spotkanie pomi\u0119dzy Promieniem \u017bary a beniaminkiem zielonog\u00f3rskiej klasy okr\u0119gowej \u0141KS-em \u0141\u0119knica zapowiada\u0142o si\u0119 bardzo ciekawie. W sobotnie popo\u0142udnie nie tylko dopisa\u0142a pogoda, ale tak\u017ce licznie zebrani kibice na stadionie przy ul. Zwyci\u0119zc\u00f3w 38. Ju\u017c od pierwszych minut meczu wida\u0107 by\u0142o, \u017ce obie dru\u017cyny chc\u0105 zgarn\u0105\u0107 trzy punkty. Niewielk\u0105 przewag\u0119 od samego pocz\u0105tku [&hellip;]<\/p>\n","protected":false},"author":4,"featured_media":15812,"comment_status":"closed","ping_status":"closed","sticky":false,"template":"","format":"standard","meta":{"_monsterinsights_skip_tracking":false,"_monsterinsights_sitenote_active":false,"_monsterinsights_sitenote_note":"","_monsterinsights_sitenote_category":0,"footnotes":""},"categories":[20,23,28],"tags":[180,1103,182],"class_list":["post-15811","post","type-post","status-publish","format-standard","has-post-thumbnail","hentry","category-informacje","category-sport","category-wiadomosci","tag-lks-leknica","tag-pilka-nozna","tag-promien-zary"],"_links":{"self":[{"href":"https:\/\/moja24.pl\/index.php\/wp-json\/wp\/v2\/posts\/15811","targetHints":{"allow":["GET"]}}],"collection":[{"href":"https:\/\/moja24.pl\/index.php\/wp-json\/wp\/v2\/posts"}],"about":[{"href":"https:\/\/moja24.pl\/index.php\/wp-json\/wp\/v2\/types\/post"}],"author":[{"embeddable":true,"href":"https:\/\/moja24.pl\/index.php\/wp-json\/wp\/v2\/users\/4"}],"replies":[{"embeddable":true,"href":"https:\/\/moja24.pl\/index.php\/wp-json\/wp\/v2\/comments?post=15811"}],"version-history":[{"count":1,"href":"https:\/\/moja24.pl\/index.php\/wp-json\/wp\/v2\/posts\/15811\/revisions"}],"predecessor-version":[{"id":15813,"href":"https:\/\/moja24.pl\/index.php\/wp-json\/wp\/v2\/posts\/15811\/revisions\/15813"}],"wp:featuredmedia":[{"embeddable":true,"href":"https:\/\/moja24.pl\/index.php\/wp-json\/wp\/v2\/media\/15812"}],"wp:attachment":[{"href":"https:\/\/moja24.pl\/index.php\/wp-json\/wp\/v2\/media?parent=15811"}],"wp:term":[{"taxonomy":"category","embeddable":true,"href":"https:\/\/moja24.pl\/index.php\/wp-json\/wp\/v2\/categories?post=15811"},{"taxonomy":"post_tag","embeddable":true,"href":"https:\/\/moja24.pl\/index.php\/wp-json\/wp\/v2\/tags?post=15811"}],"curies":[{"name":"wp","href":"https:\/\/api.w.org\/{rel}","templated":true}]}}