{"id":15839,"date":"2020-09-25T10:23:37","date_gmt":"2020-09-25T08:23:37","guid":{"rendered":"http:\/\/moja24.pl\/?p=15839"},"modified":"2021-01-07T10:27:18","modified_gmt":"2021-01-07T09:27:18","slug":"koniec-przestoju-wznowiono-prace-na-zielonogorskiej","status":"publish","type":"post","link":"https:\/\/moja24.pl\/index.php\/2020\/09\/25\/koniec-przestoju-wznowiono-prace-na-zielonogorskiej\/","title":{"rendered":"Koniec przestoju. Wznowiono prace na Zielonog\u00f3rskiej"},"content":{"rendered":"<p><strong>\u017bARY | Po przesz\u0142o dw\u00f3ch miesi\u0105cach przerwy, wykonawca wr\u00f3ci\u0142 na plac budowy. Prace zn\u00f3w id\u0105 pe\u0142n\u0105 par\u0105.<\/strong><\/p>\n<p>&#8211; Firma Tandem po przerwie dalej realizuje zadanie zwi\u0105zane z przebudow\u0105 ul. Zielonog\u00f3rskiej, a w szczeg\u00f3lno\u015bci z przebudow\u0105 ronda i infrastruktury podziemnej, kt\u00f3ra to w\u0142a\u015bnie spowodowa\u0142a, \u017ce okres inwestycji znacz\u0105co si\u0119 wyd\u0142u\u017cy\u0142 &#8211; m\u00f3wi Rafa\u0142 Fularski, naczelnik wydzia\u0142u infrastruktury technicznej i ochrony \u015brodowiska w \u017carskim ratuszu. &#8211; Zako\u0144czy\u0142a si\u0119 d\u0142ugotrwa\u0142a procedura formalno-prawna uzyskania pozwole\u0144 na budow\u0119, a z wykonawc\u0105 ustalona warto\u015b\u0107 rob\u00f3t dodatkowych. Gdyby nie ten ba\u0142agan pod ziemi\u0105, mo\u017ce ju\u017c by\u015bmy byli po inwestycji, ale lepiej wszystko teraz uporz\u0105dkowa\u0107 i mie\u0107 spok\u00f3j na kolejne lata, ni\u017c p\u00f3\u017aniej rozkopywa\u0107 nowy asfalt &#8211; dodaje naczelnik.<\/p>\n<p>Zmiany w projektach okaza\u0142y si\u0119 konieczne, poniewa\u017c to co by\u0142o na mapach, nie pokrywa\u0142o si\u0119 z tym, co rzeczywi\u015bcie znajdowa\u0142o si\u0119 pod ziemi\u0105. Kana\u0142 deszczowy bieg\u0142 w innym miejscu, ni\u017c na mapach i w r\u00f3\u017cnych opracowaniach. By\u0142 te\u017c cz\u0119\u015bciowo po\u0142\u0105czony z kanalizacj\u0105 sanitarn\u0105 biegn\u0105c\u0105 od strony ulicy My\u015bliwskiej.<\/p>\n<p>Trwaj\u0105 ju\u017c wykopy pod kanalizacj\u0119 deszczow\u0105. Je\u015bli pogoda pozwoli, w ci\u0105gu dw\u00f3ch miesi\u0119cy u\u0142o\u017cona zostanie nawierzchnia asfaltowa na zaprojektowanym prawoskr\u0119cie<br \/>\nz Al. Jana Paw\u0142a II w kierunku ul. Zielonog\u00f3rskiej i puszczenie tam ruchu pojazd\u00f3w, zanim jeszcze ca\u0142e rondo zostanie przebudowane. Ju\u017c to u\u0142atwi kierowcom poruszanie si\u0119 w tej cz\u0119\u015bci miasta. Rondo i poszczeg\u00f3lne zjazdy b\u0119d\u0105 zamykane cz\u0105stkowo, aby utrudnie\u0144 by\u0142o jak najmniej.<\/p>\n<p>U\u0142atwieniem ma by\u0107 te\u017c otwarcie dla ruchu &#8211; prawdopodobnie w przysz\u0142ym tygodniu &#8211; ulicy Pozna\u0144skiej. Jednak pod pewnymi warunkami.<\/p>\n<p>&#8211; Otrzyma\u0142em informacj\u0119, \u017ce starosta zatwierdzi\u0142 projekt czasowej zmiany organizacji ruchu, polegaj\u0105cej na umo\u017cliwieniu skr\u0119tu w ulic\u0119 Pozna\u0144sk\u0105 jedynie samochodom osobowym, z okre\u015blon\u0105 te\u017c wysoko\u015bci\u0105 i tona\u017cem &#8211; m\u00f3wi Rafa\u0142 Fularski. &#8211; Kierowcy musz\u0105 pami\u0119ta\u0107, \u017ce na ulicy Pozna\u0144skiej b\u0119d\u0105 znajdowa\u0107 si\u0119 w strefie ruchu, czyli pierwsze\u0144stwo b\u0119dzie mia\u0142 pieszy i to jest nadrz\u0119dna zasada.<\/p>\n<p>Wa\u017cne, by kieruj\u0105cy pojazdami stosowali si\u0119 bezwzgl\u0119dnie do znak\u00f3w, kt\u00f3re zostan\u0105 tam ustawione. Ludzie przyzwyczaili si\u0119, \u017ce auta nie je\u017cd\u017c\u0105 ulic\u0105 Pozna\u0144sk\u0105. Trzeba b\u0119dzie bardzo uwa\u017ca\u0107 na spacerowicz\u00f3w, rowerzyst\u00f3w, a przede wszystkim na biegaj\u0105ce dzieci. Bezpiecze\u0144stwo jest wa\u017cniejsze, ni\u017c skr\u00f3t dla aut.<\/p>\n<p>Przejazd ulic\u0105 Pozna\u0144sk\u0105 zostanie ponownie zamkni\u0119ty wraz z umo\u017cliwieniem zjazdu z Al. Jana Paw\u0142a II w ul. Zielonog\u00f3rsk\u0105.<\/p>\n<p><strong>Du\u017ce inwestycje<\/strong><br \/>\nTrwaj\u0105 przygotowania do remontu ulicy Staszica. Bez odcinka pomi\u0119dzy ulic\u0105 Ludow\u0105 a Zielonog\u00f3rsk\u0105 ze wzgl\u0119du na brak zgody na wycink\u0119 drzew. Lubuski Wojew\u00f3dzki Konserwator Zabytk\u00f3w wyrazi\u0142 zgod\u0119 na wyci\u0119cie 5 drzew, a na 17 pozosta\u0142ych nie. To w \u017caden spos\u00f3b nie za\u0142atwia sprawy. Przetarg ma by\u0107 og\u0142oszony jeszcze w tym roku i jak dobrze p\u00f3jdzie, umowa z wykonawc\u0105 b\u0119dzie podpisana jeszcze w tym roku.<br \/>\nUrz\u0119dnicy chc\u0105 te\u017c og\u0142osi\u0107 przetarg na przebudow\u0119 ca\u0142kowicie zamkni\u0119tego wiaduktu w Kunicach. Obiekt zostanie rozebrany i wykonany od nowa.<\/p>\n<p>Miasto otrzyma\u0142o te\u017c dofinansowanie z Funduszu Dr\u00f3g Samorz\u0105dowych na remont ulic Sarniej i Dziewina. Mo\u017cna si\u0119 spodziewa\u0107, \u017ce przetarg na t\u0105 inwestycj\u0119 tak\u017ce b\u0119dzie og\u0142oszony jeszcze w tym roku.<\/p>\n<p>To tematy do sko\u0144czenia na rok przysz\u0142y. Wiadukt w Kunicach mo\u017ce powsta\u0107 nawet w 2022 roku. Tymczasem nied\u0142ugo ma si\u0119 zako\u0144czy\u0107 przebudowa ulicy Kujawskiej. Prawdopodobnie b\u0119dzie to koniec listopada.<\/p>\n<p>A z mniejszych inwestycji &#8211; r\u00f3wnie\u017c w listopadzie mog\u0105 zosta\u0107 ju\u017c zamontowane odmierzacze czasu sygnalizacji \u015bwietlnej na dw\u00f3ch skrzy\u017cowaniach ulic &#8211; Legionist\u00f3w<br \/>\nz Artylerzyst\u00f3w oraz Artylerzyst\u00f3w z U\u0142a\u0144sk\u0105.<\/p>\n<p style=\"text-align: right;\"><strong>Andrzej Buczy\u0144ski<\/strong><\/p>\n","protected":false},"excerpt":{"rendered":"<p>\u017bARY | Po przesz\u0142o dw\u00f3ch miesi\u0105cach przerwy, wykonawca wr\u00f3ci\u0142 na plac budowy. Prace zn\u00f3w id\u0105 pe\u0142n\u0105 par\u0105. &#8211; Firma Tandem po przerwie dalej realizuje zadanie zwi\u0105zane z przebudow\u0105 ul. Zielonog\u00f3rskiej, a w szczeg\u00f3lno\u015bci z przebudow\u0105 ronda i infrastruktury podziemnej, kt\u00f3ra to w\u0142a\u015bnie spowodowa\u0142a, \u017ce okres inwestycji znacz\u0105co si\u0119 wyd\u0142u\u017cy\u0142 &#8211; m\u00f3wi Rafa\u0142 Fularski, naczelnik wydzia\u0142u [&hellip;]<\/p>\n","protected":false},"author":4,"featured_media":15840,"comment_status":"closed","ping_status":"closed","sticky":false,"template":"","format":"standard","meta":{"_monsterinsights_skip_tracking":false,"_monsterinsights_sitenote_active":false,"_monsterinsights_sitenote_note":"","_monsterinsights_sitenote_category":0,"footnotes":""},"categories":[20,28],"tags":[2008,66,1444],"class_list":["post-15839","post","type-post","status-publish","format-standard","has-post-thumbnail","hentry","category-informacje","category-wiadomosci","tag-rafal-fularski","tag-zary","tag-zielonogorska"],"_links":{"self":[{"href":"https:\/\/moja24.pl\/index.php\/wp-json\/wp\/v2\/posts\/15839","targetHints":{"allow":["GET"]}}],"collection":[{"href":"https:\/\/moja24.pl\/index.php\/wp-json\/wp\/v2\/posts"}],"about":[{"href":"https:\/\/moja24.pl\/index.php\/wp-json\/wp\/v2\/types\/post"}],"author":[{"embeddable":true,"href":"https:\/\/moja24.pl\/index.php\/wp-json\/wp\/v2\/users\/4"}],"replies":[{"embeddable":true,"href":"https:\/\/moja24.pl\/index.php\/wp-json\/wp\/v2\/comments?post=15839"}],"version-history":[{"count":1,"href":"https:\/\/moja24.pl\/index.php\/wp-json\/wp\/v2\/posts\/15839\/revisions"}],"predecessor-version":[{"id":15841,"href":"https:\/\/moja24.pl\/index.php\/wp-json\/wp\/v2\/posts\/15839\/revisions\/15841"}],"wp:featuredmedia":[{"embeddable":true,"href":"https:\/\/moja24.pl\/index.php\/wp-json\/wp\/v2\/media\/15840"}],"wp:attachment":[{"href":"https:\/\/moja24.pl\/index.php\/wp-json\/wp\/v2\/media?parent=15839"}],"wp:term":[{"taxonomy":"category","embeddable":true,"href":"https:\/\/moja24.pl\/index.php\/wp-json\/wp\/v2\/categories?post=15839"},{"taxonomy":"post_tag","embeddable":true,"href":"https:\/\/moja24.pl\/index.php\/wp-json\/wp\/v2\/tags?post=15839"}],"curies":[{"name":"wp","href":"https:\/\/api.w.org\/{rel}","templated":true}]}}