{"id":15848,"date":"2020-09-25T10:33:29","date_gmt":"2020-09-25T08:33:29","guid":{"rendered":"http:\/\/moja24.pl\/?p=15848"},"modified":"2021-01-07T10:36:00","modified_gmt":"2021-01-07T09:36:00","slug":"najwazniejsze-jest-rondo","status":"publish","type":"post","link":"https:\/\/moja24.pl\/index.php\/2020\/09\/25\/najwazniejsze-jest-rondo\/","title":{"rendered":"Najwa\u017cniejsze jest rondo"},"content":{"rendered":"<p><strong>\u017bARY | Starostwo szykuje si\u0119 do przebudowy drogi powiatowej &#8211; ulicy Artylerzyst\u00f3w oraz zmiany rodzaju skrzy\u017cowania ulic Lotnik\u00f3w, Artylerzyst\u00f3w i Broni Pancernej na rondo.<\/strong><\/p>\n<p>O potrzebie powstania ronda w tym miejscu m\u00f3wi\u0142o si\u0119 ju\u017c od dawna. Wyjazd z ulic podporz\u0105dkowanych zawsze by\u0142 problematyczny. Zdarza\u0142y si\u0119 kolizje. Zamkni\u0119cie sklepu Tesco nieco z\u0142agodzi\u0142o sytuacj\u0119, ale nie za\u0142atwi\u0142o definitywnie sprawy.<\/p>\n<p>Starostwo ma gotow\u0105 dokumentacj\u0119. Projekt zak\u0142ada, opr\u00f3cz ronda, budow\u0119 \u015bcie\u017cek rowerowych na remontowanym odcinku. Konieczna jest jednak wycinka drzew. Bez tego inwestycja nie b\u0119dzie realizowana. Nikt nie zrobi chodnika, czy \u015bcie\u017cki rowerowej z drzewem po\u015brodku. W sprawie usuni\u0119cia drzew starostwo zwr\u00f3ci\u0142o si\u0119 do wojew\u00f3dzkiego konserwatora zabytk\u00f3w. W wymaganym terminie nie przysz\u0142a \u017cadna odmowna decyzja, uznano wi\u0119c ten fakt za milcz\u0105c\u0105 zgod\u0119. Jednak przeciwko takiej wycince protestuje Eko-Lubusz.<\/p>\n<p>&#8211; Planowana inwestycja jest zasadna, konieczna, poprawia bezpiecze\u0144stwo, skomunikowanie, roz\u0142aduje korki &#8211; m\u00f3wi starosta \u017carski J\u00f3zef Radzion. &#8211; Z wielkim b\u00f3lem robimy te inwestycje, gdzie konieczne s\u0105 usuni\u0119cia pewnych drzew, ale zawsze w formie rekompensaty nasadzamy nowe.<\/p>\n<p>Ekolodzy zaproponowali, aby rozwa\u017cy\u0107 przesadzenie drzew. O ile jednak taka operacja by\u0142aby bezkolizyjne mo\u017cliwa w szczerym polu, pomijaj\u0105c same jej koszty, to w \u015bcis\u0142ej miejskiej zabudowie trudno sobie wyobrazi\u0107 wykop o promieniu &#8211; dajmy na to &#8211; pi\u0119ciometrowym, w zale\u017cno\u015bci od systemu korzeniowego du\u017cego drzewa.<\/p>\n<p>W dodatku w s\u0105siedztwie istniej\u0105cych budynk\u00f3w i prywatnych posesji. Ale starostwo sprawdzi, czy takie mo\u017cliwo\u015bci w og\u00f3le s\u0105 i ile to mog\u0142oby kosztowa\u0107.<br \/>\nPrawdopodobnie sko\u0144czy si\u0119 jednak na wycince.<\/p>\n<p>Same roboty nie rusz\u0105 jednak tak szybko. W przysz\u0142ym roku powiat ma zamiar sk\u0142ada\u0107 wniosek o dofinansowanie do tej inwestycji ze \u015brodk\u00f3w zewn\u0119trznych. Z w\u0142asnego bud\u017cetu tego nie zrealizuje. Najszybciej wi\u0119c przebudowa ulicy Artylerzyst\u00f3w oraz budowa ronda mo\u017ce si\u0119 zacz\u0105\u0107 dopiero w 2022 roku.<\/p>\n<p style=\"text-align: right;\"><strong>Andrzej Buczy\u0144ski<\/strong><\/p>\n","protected":false},"excerpt":{"rendered":"<p>\u017bARY | Starostwo szykuje si\u0119 do przebudowy drogi powiatowej &#8211; ulicy Artylerzyst\u00f3w oraz zmiany rodzaju skrzy\u017cowania ulic Lotnik\u00f3w, Artylerzyst\u00f3w i Broni Pancernej na rondo. O potrzebie powstania ronda w tym miejscu m\u00f3wi\u0142o si\u0119 ju\u017c od dawna. Wyjazd z ulic podporz\u0105dkowanych zawsze by\u0142 problematyczny. Zdarza\u0142y si\u0119 kolizje. Zamkni\u0119cie sklepu Tesco nieco z\u0142agodzi\u0142o sytuacj\u0119, ale nie za\u0142atwi\u0142o [&hellip;]<\/p>\n","protected":false},"author":4,"featured_media":15849,"comment_status":"closed","ping_status":"closed","sticky":false,"template":"","format":"standard","meta":{"_monsterinsights_skip_tracking":false,"_monsterinsights_sitenote_active":false,"_monsterinsights_sitenote_note":"","_monsterinsights_sitenote_category":0,"footnotes":""},"categories":[20,28],"tags":[1627,66],"class_list":["post-15848","post","type-post","status-publish","format-standard","has-post-thumbnail","hentry","category-informacje","category-wiadomosci","tag-jozef-radzion","tag-zary"],"_links":{"self":[{"href":"https:\/\/moja24.pl\/index.php\/wp-json\/wp\/v2\/posts\/15848","targetHints":{"allow":["GET"]}}],"collection":[{"href":"https:\/\/moja24.pl\/index.php\/wp-json\/wp\/v2\/posts"}],"about":[{"href":"https:\/\/moja24.pl\/index.php\/wp-json\/wp\/v2\/types\/post"}],"author":[{"embeddable":true,"href":"https:\/\/moja24.pl\/index.php\/wp-json\/wp\/v2\/users\/4"}],"replies":[{"embeddable":true,"href":"https:\/\/moja24.pl\/index.php\/wp-json\/wp\/v2\/comments?post=15848"}],"version-history":[{"count":1,"href":"https:\/\/moja24.pl\/index.php\/wp-json\/wp\/v2\/posts\/15848\/revisions"}],"predecessor-version":[{"id":15850,"href":"https:\/\/moja24.pl\/index.php\/wp-json\/wp\/v2\/posts\/15848\/revisions\/15850"}],"wp:featuredmedia":[{"embeddable":true,"href":"https:\/\/moja24.pl\/index.php\/wp-json\/wp\/v2\/media\/15849"}],"wp:attachment":[{"href":"https:\/\/moja24.pl\/index.php\/wp-json\/wp\/v2\/media?parent=15848"}],"wp:term":[{"taxonomy":"category","embeddable":true,"href":"https:\/\/moja24.pl\/index.php\/wp-json\/wp\/v2\/categories?post=15848"},{"taxonomy":"post_tag","embeddable":true,"href":"https:\/\/moja24.pl\/index.php\/wp-json\/wp\/v2\/tags?post=15848"}],"curies":[{"name":"wp","href":"https:\/\/api.w.org\/{rel}","templated":true}]}}