{"id":15865,"date":"2020-09-25T10:52:28","date_gmt":"2020-09-25T08:52:28","guid":{"rendered":"http:\/\/moja24.pl\/?p=15865"},"modified":"2021-01-07T10:54:44","modified_gmt":"2021-01-07T09:54:44","slug":"wiktoria-druga","status":"publish","type":"post","link":"https:\/\/moja24.pl\/index.php\/2020\/09\/25\/wiktoria-druga\/","title":{"rendered":"Wiktoria druga"},"content":{"rendered":"<p><strong>SPORTY WALKI | W dniach 18-20 wrze\u015bnia w Starachowicach odby\u0142y si\u0119 Mistrzostwa Polski <\/strong><strong>w Kickboxingu w formule Low Kick, kt\u00f3rych organizatorem by\u0142 Polski Zwi\u0105zek Kickboxingu. W tym mistrzowskim wydarzeniu wzi\u0119\u0142o udzia\u0142 350. zawodnik\u00f3w i zawodniczek z 92. klub\u00f3w z ca\u0142ej Polski.<\/strong><\/p>\n<p>\u017barski Klub Sport\u00f3w Walki reprezentowa\u0142y dwie zawodniczki. W kategorii junior starszy +70kg Wiktoria \u015awi\u0105tkiewicz, po \u015bwietnej wygranej w p\u00f3\u0142finale ju\u017c w pierwszej rundzie, w finale ulega na punkty i ko\u0144czy mistrzostwa na drugim miejscu podium.<br \/>\nW kategorii junior starszy &#8211; 60kg w \u0107wier\u0107finale Laura Derej spotka\u0142a si\u0119 z p\u00f3\u017aniejsz\u0105 finalistk\u0105. Po dw\u00f3ch rundach przewagi zabrak\u0142o wyko\u0144czenia i w trzeciej rundzie straci\u0142a ca\u0142\u0105 zdobyt\u0105 przewag\u0119, ostatecznie przegrywaj\u0105c na punkty.<\/p>\n<p>&#8211; Sama formu\u0142a Low Kick nie jest dla nas preferowan\u0105, a start potraktowali\u015bmy jako przetarcie po d\u0142ugiej przerwie &#8211; komentuje trener \u017bKSW Dawid Polok. &#8211; Same mistrzostwa, w kt\u00f3rych uczestniczy\u0142o najwi\u0119cej zawodnik\u00f3w w historii tych zawod\u00f3w, sta\u0142y na bardzo wysokim poziomie tym bardziej cieszy medal wywalczony przez Wiki. <strong>PD<\/strong><\/p>\n","protected":false},"excerpt":{"rendered":"<p>SPORTY WALKI | W dniach 18-20 wrze\u015bnia w Starachowicach odby\u0142y si\u0119 Mistrzostwa Polski w Kickboxingu w formule Low Kick, kt\u00f3rych organizatorem by\u0142 Polski Zwi\u0105zek Kickboxingu. W tym mistrzowskim wydarzeniu wzi\u0119\u0142o udzia\u0142 350. zawodnik\u00f3w i zawodniczek z 92. klub\u00f3w z ca\u0142ej Polski. \u017barski Klub Sport\u00f3w Walki reprezentowa\u0142y dwie zawodniczki. W kategorii junior starszy +70kg Wiktoria \u015awi\u0105tkiewicz, [&hellip;]<\/p>\n","protected":false},"author":4,"featured_media":15862,"comment_status":"closed","ping_status":"closed","sticky":false,"template":"","format":"standard","meta":{"_monsterinsights_skip_tracking":false,"_monsterinsights_sitenote_active":false,"_monsterinsights_sitenote_note":"","_monsterinsights_sitenote_category":0,"footnotes":""},"categories":[20,23,28],"tags":[417,2076,826,2117,66,1273],"class_list":["post-15865","post","type-post","status-publish","format-standard","has-post-thumbnail","hentry","category-informacje","category-sport","category-wiadomosci","tag-dawid-polok","tag-laura-derej","tag-sporty-walki","tag-wiktoria-swiatkiewicz","tag-zary","tag-zksw"],"_links":{"self":[{"href":"https:\/\/moja24.pl\/index.php\/wp-json\/wp\/v2\/posts\/15865","targetHints":{"allow":["GET"]}}],"collection":[{"href":"https:\/\/moja24.pl\/index.php\/wp-json\/wp\/v2\/posts"}],"about":[{"href":"https:\/\/moja24.pl\/index.php\/wp-json\/wp\/v2\/types\/post"}],"author":[{"embeddable":true,"href":"https:\/\/moja24.pl\/index.php\/wp-json\/wp\/v2\/users\/4"}],"replies":[{"embeddable":true,"href":"https:\/\/moja24.pl\/index.php\/wp-json\/wp\/v2\/comments?post=15865"}],"version-history":[{"count":1,"href":"https:\/\/moja24.pl\/index.php\/wp-json\/wp\/v2\/posts\/15865\/revisions"}],"predecessor-version":[{"id":15866,"href":"https:\/\/moja24.pl\/index.php\/wp-json\/wp\/v2\/posts\/15865\/revisions\/15866"}],"wp:featuredmedia":[{"embeddable":true,"href":"https:\/\/moja24.pl\/index.php\/wp-json\/wp\/v2\/media\/15862"}],"wp:attachment":[{"href":"https:\/\/moja24.pl\/index.php\/wp-json\/wp\/v2\/media?parent=15865"}],"wp:term":[{"taxonomy":"category","embeddable":true,"href":"https:\/\/moja24.pl\/index.php\/wp-json\/wp\/v2\/categories?post=15865"},{"taxonomy":"post_tag","embeddable":true,"href":"https:\/\/moja24.pl\/index.php\/wp-json\/wp\/v2\/tags?post=15865"}],"curies":[{"name":"wp","href":"https:\/\/api.w.org\/{rel}","templated":true}]}}