{"id":15871,"date":"2020-10-02T10:58:20","date_gmt":"2020-10-02T08:58:20","guid":{"rendered":"http:\/\/moja24.pl\/?p=15871"},"modified":"2021-01-07T11:01:18","modified_gmt":"2021-01-07T10:01:18","slug":"rozne-dymy-i-spaliny","status":"publish","type":"post","link":"https:\/\/moja24.pl\/index.php\/2020\/10\/02\/rozne-dymy-i-spaliny\/","title":{"rendered":"R\u00f3\u017cne dymy i spaliny"},"content":{"rendered":"<p>W ostatnich dniach mia\u0142em ju\u017c kilka razy okazj\u0119 zaci\u0105gn\u0105\u0107 si\u0119 t\u0105 wyj\u0105tkow\u0105 woni\u0105 jesieni, zarezerwowan\u0105 dla tej w\u0142a\u015bnie pory roku. Dla zimy te\u017c. W powietrzu da si\u0119 wyczu\u0107, \u017ce sezon grzewczy w\u0142a\u015bnie si\u0119 zacz\u0105\u0142.<\/p>\n<p>Ano tak. Pali si\u0119 w piecach r\u00f3\u017cnymi rzeczami. Wprawdzie funkcjonuj\u0105 dofinansowania do wymiany starych kopciuch\u00f3w na takie bardziej eko, to jednak jeszcze d\u0142ugi proces. Najlepiej by\u0142oby grza\u0107 elektryczno\u015bci\u0105, w dodatku tak\u0105 czerpan\u0105 ze s\u0142o\u0144ca. Trzeba w to jednak troch\u0119 zainwestowa\u0107. Zawsze taniej b\u0119dzie zbiera\u0107 chrust w lesie. \u015amieci te\u017c \u0142atwiej wrzuci\u0107 do pieca, ni\u017c bawi\u0107 si\u0119 w segregowanie. Takie rzeczy ci\u0105gle si\u0119 dziej\u0105. A my, chc\u0105c czy nie, wdychamy tablic\u0119 Mendelejewa. Aby do wiosny. B\u0119dzie przyjemniej odetchn\u0105\u0107.<br \/>\nCoraz wi\u0119cej elektryczno\u015bci mamy te\u017c w pojazdach. Pojawia si\u0119 coraz wi\u0119cej modeli hybrydowych, troch\u0119 spalinowych, a troch\u0119 na pr\u0105d. Kto wie. Mo\u017ce kiedy\u015b kupi\u0119 sobie samoch\u00f3d elektryczny. I o zgrozo, elektryczny motocykl. Trudno to sobie wyobrazi\u0107, puki co, ale wszystko zmierza w tym kierunku. Je\u015bli ju\u017c nawet Harley Davidson wyprodukowa\u0142 elektryczny motocykl, to znaczy \u017ce \u015bwiat si\u0119 ko\u0144czy. A jaki\u015b inny zaczyna. Nie kupi\u0119 tego Harleya. Raz, \u017ce kosztuje prawie 150 tysi\u0119cy z\u0142otych, a dwa &#8211; ma zasi\u0119g nieco ponad 150 km na jednym \u0142adowaniu. Pono\u0107 \u0142aduje si\u0119 w godzin\u0119, ale gdzie to \u0142adowa\u0107?<\/p>\n<p>Dzi\u015b z przyjemno\u015bci\u0105 je\u017cd\u017c\u0119 sobie skuterkiem. Takim o pojemno\u015bci 650 centymetr\u00f3w. Ma on ju\u017c 10 lat i wieczny nie b\u0119dzie. Ale co si\u0119 okazuje? Nowego modelu ju\u017c w Polsce nie kupi\u0119. Japo\u0144czycy wycofali go jaki\u015b czas temu z polskich salon\u00f3w. Nie dlatego, \u017ce kupc\u00f3w brakowa\u0142o. Zmieni\u0142y si\u0119 unijne normy spalin. O jak\u0105\u015b cyferk\u0119 by\u0142o ju\u017c za du\u017co. Znikn\u0119\u0142o te\u017c wiele pi\u0119knych motocykli o wi\u0119kszych pojemno\u015bciach. Mam czasem wra\u017cenie, \u017ce ambicj\u0105 niekt\u00f3rych ludzi jest \u015brubowanie norm. Taki wy\u015bcig. Kto da wi\u0119cej, a w\u0142a\u015bciwie mniej.<br \/>\nAle \u017ceby nie by\u0142o. Nie jestem wrogiem elektryczno\u015bci. Mam elektryczn\u0105 szczoteczk\u0119 do z\u0119b\u00f3w, golark\u0119, komputer mi dzia\u0142a na pr\u0105d, telefon te\u017c. Elektryczno\u015b\u0107 &#8211; czysta ekologiczna energia. Akurat.<\/p>\n<p>Z wie\u017cy widokowej na geo\u015bcie\u017cce \u201eDawna kopalnia Babina\u201d w pobli\u017cu \u0141\u0119knicy wida\u0107<br \/>\nw oddali, po niemieckiej stronie ogromne dymi\u0105ce kominy jednej z elektrowni w\u0119glowych, kt\u00f3rych akurat w okolicy jest kilka. Z tej perspektywy elektryczno\u015b\u0107 nie jest ju\u017c taka ekologiczna. Wymaga spalenia ogromnej ilo\u015bci w\u0119gla brunatnego. Elektrownia J\u00e4nschwalde niedaleko Zasiek &#8211; jak podaje Wikipedia &#8211; by\u0142a w 2007 roku na 4 miejscu w\u015br\u00f3d najwi\u0119kszych trucicieli w ca\u0142ej Unii Europejskiej&#8230;<\/p>\n<p>I kto\u015b tu m\u00f3wi o normach spalin mojego skuterka? I \u017ce mam je\u017adzi\u0107 elektrycznym?<\/p>\n<p style=\"text-align: right;\"><strong>Andrzej Buczy\u0144ski<\/strong><\/p>\n","protected":false},"excerpt":{"rendered":"<p>W ostatnich dniach mia\u0142em ju\u017c kilka razy okazj\u0119 zaci\u0105gn\u0105\u0107 si\u0119 t\u0105 wyj\u0105tkow\u0105 woni\u0105 jesieni, zarezerwowan\u0105 dla tej w\u0142a\u015bnie pory roku. Dla zimy te\u017c. W powietrzu da si\u0119 wyczu\u0107, \u017ce sezon grzewczy w\u0142a\u015bnie si\u0119 zacz\u0105\u0142. Ano tak. Pali si\u0119 w piecach r\u00f3\u017cnymi rzeczami. Wprawdzie funkcjonuj\u0105 dofinansowania do wymiany starych kopciuch\u00f3w na takie bardziej eko, to jednak [&hellip;]<\/p>\n","protected":false},"author":4,"featured_media":15872,"comment_status":"closed","ping_status":"closed","sticky":false,"template":"","format":"standard","meta":{"_monsterinsights_skip_tracking":false,"_monsterinsights_sitenote_active":false,"_monsterinsights_sitenote_note":"","_monsterinsights_sitenote_category":0,"footnotes":""},"categories":[20,2057,28],"tags":[],"class_list":["post-15871","post","type-post","status-publish","format-standard","has-post-thumbnail","hentry","category-informacje","category-komentarze","category-wiadomosci"],"_links":{"self":[{"href":"https:\/\/moja24.pl\/index.php\/wp-json\/wp\/v2\/posts\/15871","targetHints":{"allow":["GET"]}}],"collection":[{"href":"https:\/\/moja24.pl\/index.php\/wp-json\/wp\/v2\/posts"}],"about":[{"href":"https:\/\/moja24.pl\/index.php\/wp-json\/wp\/v2\/types\/post"}],"author":[{"embeddable":true,"href":"https:\/\/moja24.pl\/index.php\/wp-json\/wp\/v2\/users\/4"}],"replies":[{"embeddable":true,"href":"https:\/\/moja24.pl\/index.php\/wp-json\/wp\/v2\/comments?post=15871"}],"version-history":[{"count":1,"href":"https:\/\/moja24.pl\/index.php\/wp-json\/wp\/v2\/posts\/15871\/revisions"}],"predecessor-version":[{"id":15873,"href":"https:\/\/moja24.pl\/index.php\/wp-json\/wp\/v2\/posts\/15871\/revisions\/15873"}],"wp:featuredmedia":[{"embeddable":true,"href":"https:\/\/moja24.pl\/index.php\/wp-json\/wp\/v2\/media\/15872"}],"wp:attachment":[{"href":"https:\/\/moja24.pl\/index.php\/wp-json\/wp\/v2\/media?parent=15871"}],"wp:term":[{"taxonomy":"category","embeddable":true,"href":"https:\/\/moja24.pl\/index.php\/wp-json\/wp\/v2\/categories?post=15871"},{"taxonomy":"post_tag","embeddable":true,"href":"https:\/\/moja24.pl\/index.php\/wp-json\/wp\/v2\/tags?post=15871"}],"curies":[{"name":"wp","href":"https:\/\/api.w.org\/{rel}","templated":true}]}}