{"id":15877,"date":"2020-10-02T11:04:03","date_gmt":"2020-10-02T09:04:03","guid":{"rendered":"http:\/\/moja24.pl\/?p=15877"},"modified":"2021-01-07T11:08:51","modified_gmt":"2021-01-07T10:08:51","slug":"ruch-wokol-zamku","status":"publish","type":"post","link":"https:\/\/moja24.pl\/index.php\/2020\/10\/02\/ruch-wokol-zamku\/","title":{"rendered":"Ruch wok\u00f3\u0142 zamku"},"content":{"rendered":"<p><strong>\u017bARY | Dziura na wschodniej stronie pa\u0142acowego dachu zosta\u0142a ju\u017c za\u0142atana. Ostatnio postawiono rusztowania na \u015bcianie po\u0142udniowej. A co z wie\u017c\u0105 zamkow\u0105?<\/strong><\/p>\n<p>Rusztowania ustawiono w zwi\u0105zku z nakazem konserwatorskim, aby zabezpieczy\u0107 herby Erdmanna II Promnitza i jego ma\u0142\u017conki. Za te prace odpowiadaj\u0105 w\u0142a\u015bciciele pa\u0142acu.<br \/>\nMiasto, kt\u00f3re jest w\u0142a\u015bcicielem zamku, wykona\u0142o niedawno pod\u015bwietlenie.<\/p>\n<p>&#8211; Jest to element jak gdyby eksponuj\u0105cy sam zamek, ale przede wszystkim dzi\u0119ki temu mniej jest ludzi \u201ezwiedzaj\u0105cych\u201d obiekt &#8211; m\u00f3wi Ireneusz Brzezi\u0144ski, naczelnik wydzia\u0142u polityki gospodarczej i promocji w \u017carskim ratuszu. &#8211; Teren wok\u00f3\u0142 zamku b\u0119dziemy jeszcze porz\u0105dkowa\u0107 jesieni\u0105, do wycinki s\u0105 te\u017c jeszcze dwa drzewa, kt\u00f3re bezpo\u015brednio zagra\u017caj\u0105 zabytkowi.<\/p>\n<p>Trwaj\u0105 przygotowania do og\u0142oszenia konkursu na koncepcj\u0119 zagospodarowania zamku, kt\u00f3rej efektem b\u0119dzie kompleksowy projekt. Ma to pokaza\u0107 na przyk\u0142ad, gdzie zlokalizowa\u0107 windy, czy te\u017c, jak rozwi\u0105za\u0107 problem stromych schod\u00f3w.<\/p>\n<p>Tymczasem trwaj\u0105 prace dotycz\u0105ce usuni\u0119cia skutk\u00f3w po\u017caru wie\u017cy z pa\u017adziernika ubieg\u0142ego roku. Nadz\u00f3r nad nimi sprawuje Stowarzyszenie \u201eRegion \u0141u\u017cyce\u201d, kt\u00f3re opiekuje si\u0119 zamkiem i prowadzi tam obecnie r\u00f3\u017cne prace porz\u0105dkowe.<\/p>\n<p style=\"text-align: right;\"><strong>Andrzej Buczy\u0144ski<\/strong><\/p>\n<figure id=\"attachment_15879\" aria-describedby=\"caption-attachment-15879\" style=\"width: 640px\" class=\"wp-caption aligncenter\"><img loading=\"lazy\" decoding=\"async\" class=\"size-large wp-image-15879\" src=\"http:\/\/moja24.pl\/wp-content\/uploads\/2021\/01\/Arkadiusz-Gutka-1024x682.jpg\" alt=\"\" width=\"640\" height=\"426\" srcset=\"https:\/\/moja24.pl\/wp-content\/uploads\/2021\/01\/Arkadiusz-Gutka-1024x682.jpg 1024w, https:\/\/moja24.pl\/wp-content\/uploads\/2021\/01\/Arkadiusz-Gutka-300x200.jpg 300w, https:\/\/moja24.pl\/wp-content\/uploads\/2021\/01\/Arkadiusz-Gutka-768x512.jpg 768w, https:\/\/moja24.pl\/wp-content\/uploads\/2021\/01\/Arkadiusz-Gutka-1536x1024.jpg 1536w, https:\/\/moja24.pl\/wp-content\/uploads\/2021\/01\/Arkadiusz-Gutka-696x464.jpg 696w, https:\/\/moja24.pl\/wp-content\/uploads\/2021\/01\/Arkadiusz-Gutka-1068x712.jpg 1068w, https:\/\/moja24.pl\/wp-content\/uploads\/2021\/01\/Arkadiusz-Gutka-630x420.jpg 630w, https:\/\/moja24.pl\/wp-content\/uploads\/2021\/01\/Arkadiusz-Gutka-450x300.jpg 450w, https:\/\/moja24.pl\/wp-content\/uploads\/2021\/01\/Arkadiusz-Gutka.jpg 2000w\" sizes=\"auto, (max-width: 640px) 100vw, 640px\" \/><figcaption id=\"caption-attachment-15879\" class=\"wp-caption-text\">fot. Andrzej Buczy\u0144ski<\/figcaption><\/figure>\n<p><strong>Arkadiusz Gutka, Stowarzyszenie \u201eRegion \u0141u\u017cyce&#8221;<\/strong><br \/>\n<em>&#8211; Wykonawca remontu wie\u017cy sprawdzi\u0142 ju\u017c wymiary na placu budowy i dzia\u0142a. Ca\u0142y czas pozostaje jeden problem do rozwi\u0105zania. Nie da si\u0119 prawdopodobnie postawi\u0107 jednego du\u017cego elementu w ca\u0142o\u015bci, czyli b\u0119bna konstrukcyjnego, poniewa\u017c d\u017awigi, kt\u00f3re mog\u0105 to zrobi\u0107, trac\u0105 no\u015bno\u015b\u0107, im bardziej si\u0119 wychylaj\u0105, a nie ma mo\u017cliwo\u015bci, by podjecha\u0107 pod sam\u0105 wie\u017c\u0119. D\u017awig, kt\u00f3ry m\u00f3g\u0142by przyjecha\u0107 z Wroc\u0142awia, po wychyleniu w stron\u0119 wie\u017cy, b\u0119dzie mia\u0142 no\u015bno\u015b\u0107 zaledwie 250 kg, a tyle wa\u017cy jedna belka konstrukcji. Prawdopodobnie wi\u0119c ca\u0142a konstrukcja zostanie wykonana w warsztacie, potem rozebrana i z\u0142o\u017cona ponownie ju\u017c na miejscu.<\/em><br \/>\n<em>Rusztowa\u0144 wok\u00f3\u0142 wie\u017cy jeszcze nie zobaczymy, dop\u00f3ki firma nie wykona konstrukcji. Rusztowania kosztuj\u0105, a dzi\u015b jeszcze nie s\u0105 potrzebne. Zostan\u0105 rozstawione, gdy konstrukcja b\u0119dzie gotowa do monta\u017cu. Staramy si\u0119, aby wszystkie prace zosta\u0142y zako\u0144czone do 15 grudnia, bo taki mamy termin z ministerstwa.<\/em><br \/>\n<em>Jest ju\u017c gotowa praca magisterska dw\u00f3ch dziewczyn &#8211; jednej z \u017bar, a drugiej z Gubina, kt\u00f3ra dotyczy rewitalizacji zamku i pa\u0142acu, terenu przyleg\u0142ego, \u0142\u0105czenie z odbudow\u0105 uje\u017cd\u017calni. Chcemy j\u0105 zaprezentowa\u0107 w po\u0142owie pa\u017adziernika, mniej wi\u0119cej w rocznic\u0119 po\u017caru wie\u017cy.<\/em><br \/>\n<em>Ca\u0142y czas prowadzimy r\u00f3\u017cne prace na zamku, kt\u00f3re s\u0105 konieczne, aby mo\u017cna by\u0142o ten zabytek pokazywa\u0107 na szersz\u0105 skal\u0119. Trzeba pozabezpiecza\u0107 r\u00f3\u017cne dziury, chcemy oszkli\u0107 okna. Ludzie b\u0119d\u0105 mogli zobaczy\u0107, \u017ce zamek jest coraz bardziej posprz\u0105tany. Wie\u017ca <\/em><br \/>\n<em>i dach b\u0119d\u0105 naprawione, a jak wstawimy szyby w okna, to obiekt b\u0119dzie ju\u017c zamkni\u0119ty tak, aby woda si\u0119 tam nie la\u0142a i wiatr ju\u017c nie hula\u0142. Ju\u017c przyjecha\u0142y pierwsze okna.<\/em><br \/>\n<em>Ca\u0142y zamek b\u0119dzie te\u017c skanowany w 3D. Jest to konieczne do prac projektowych i konserwatorskich. To te\u017c b\u0119dzie wykonane do ko\u0144ca roku.<\/em><\/p>\n","protected":false},"excerpt":{"rendered":"<p>\u017bARY | Dziura na wschodniej stronie pa\u0142acowego dachu zosta\u0142a ju\u017c za\u0142atana. Ostatnio postawiono rusztowania na \u015bcianie po\u0142udniowej. A co z wie\u017c\u0105 zamkow\u0105? Rusztowania ustawiono w zwi\u0105zku z nakazem konserwatorskim, aby zabezpieczy\u0107 herby Erdmanna II Promnitza i jego ma\u0142\u017conki. Za te prace odpowiadaj\u0105 w\u0142a\u015bciciele pa\u0142acu. Miasto, kt\u00f3re jest w\u0142a\u015bcicielem zamku, wykona\u0142o niedawno pod\u015bwietlenie. &#8211; Jest to [&hellip;]<\/p>\n","protected":false},"author":4,"featured_media":15878,"comment_status":"closed","ping_status":"closed","sticky":false,"template":"","format":"standard","meta":{"_monsterinsights_skip_tracking":false,"_monsterinsights_sitenote_active":false,"_monsterinsights_sitenote_note":"","_monsterinsights_sitenote_category":0,"footnotes":""},"categories":[20,28],"tags":[2118,1704,66],"class_list":["post-15877","post","type-post","status-publish","format-standard","has-post-thumbnail","hentry","category-informacje","category-wiadomosci","tag-arkadiusz-gutka","tag-zamek","tag-zary"],"_links":{"self":[{"href":"https:\/\/moja24.pl\/index.php\/wp-json\/wp\/v2\/posts\/15877","targetHints":{"allow":["GET"]}}],"collection":[{"href":"https:\/\/moja24.pl\/index.php\/wp-json\/wp\/v2\/posts"}],"about":[{"href":"https:\/\/moja24.pl\/index.php\/wp-json\/wp\/v2\/types\/post"}],"author":[{"embeddable":true,"href":"https:\/\/moja24.pl\/index.php\/wp-json\/wp\/v2\/users\/4"}],"replies":[{"embeddable":true,"href":"https:\/\/moja24.pl\/index.php\/wp-json\/wp\/v2\/comments?post=15877"}],"version-history":[{"count":1,"href":"https:\/\/moja24.pl\/index.php\/wp-json\/wp\/v2\/posts\/15877\/revisions"}],"predecessor-version":[{"id":15880,"href":"https:\/\/moja24.pl\/index.php\/wp-json\/wp\/v2\/posts\/15877\/revisions\/15880"}],"wp:featuredmedia":[{"embeddable":true,"href":"https:\/\/moja24.pl\/index.php\/wp-json\/wp\/v2\/media\/15878"}],"wp:attachment":[{"href":"https:\/\/moja24.pl\/index.php\/wp-json\/wp\/v2\/media?parent=15877"}],"wp:term":[{"taxonomy":"category","embeddable":true,"href":"https:\/\/moja24.pl\/index.php\/wp-json\/wp\/v2\/categories?post=15877"},{"taxonomy":"post_tag","embeddable":true,"href":"https:\/\/moja24.pl\/index.php\/wp-json\/wp\/v2\/tags?post=15877"}],"curies":[{"name":"wp","href":"https:\/\/api.w.org\/{rel}","templated":true}]}}