{"id":15884,"date":"2020-10-02T11:11:42","date_gmt":"2020-10-02T09:11:42","guid":{"rendered":"http:\/\/moja24.pl\/?p=15884"},"modified":"2021-01-07T11:13:53","modified_gmt":"2021-01-07T10:13:53","slug":"ukrywal-sie-15-lat","status":"publish","type":"post","link":"https:\/\/moja24.pl\/index.php\/2020\/10\/02\/ukrywal-sie-15-lat\/","title":{"rendered":"Ukrywa\u0142 si\u0119 15 lat"},"content":{"rendered":"<p><strong>POWIAT \u017bARSKI | Policjanci kryminalni z lubskiego komisariatu w wyniku intensywnych dzia\u0142a\u0144 ustalili miejsce przebywania i zatrzymali m\u0119\u017cczyzn\u0119 poszukiwanego trzema listami go\u0144czymi. 52-latek, kt\u00f3ry ukrywa\u0142 si\u0119 przed wymiarem sprawiedliwo\u015bci za granic\u0105. Po 15 latach wr\u00f3ci\u0142 do kraju i trafi\u0142 za kratki na kilkana\u015bcie miesi\u0119cy.<\/strong><\/p>\n<p>Policjanci s\u0142u\u017cby kryminalnej prowadz\u0105 szereg dzia\u0142a\u0144 mi\u0119dzy innymi operacyjnych. Dzi\u0119ki nim poszukiwani, kt\u00f3rzy ukrywaj\u0105 si\u0119 przez d\u0142ugi czas, zazwyczaj za granic\u0105 naszego kraju, trafiaj\u0105 finalnie za kraty. Podobnie by\u0142o w przypadku poszukiwanego trzema listami go\u0144czymi, aktualnie 52-letniego mieszka\u0144ca powiatu \u017carskiego. M\u0119\u017cczyzna wyjecha\u0142 za granic\u0119, gdzie ukrywa\u0142 si\u0119 przez 15 lat. Funkcjonariusze kryminalni z lubskiego komisariatu nie odpu\u015bcili, wykonuj\u0105c szereg dzia\u0142a\u0144 zmierzaj\u0105cych w konsekwencji do zatrzymania poszukiwanego. W sobot\u0119, 26 wrze\u015bnia, zatrzymali m\u0119\u017cczyzn\u0119, kt\u00f3ry po 15 latach przyjecha\u0142 do Polski i przebywa\u0142 w wynaj\u0119tym mieszkaniu, zupe\u0142nie nie podobny do osoby sprzed kilkunastu lat. Nie nacieszy\u0142 si\u0119 d\u0142ugo wolno\u015bci\u0105 w kraju, z komisariatu trafi\u0142 do zak\u0142adu karnego, gdzie sp\u0119dzi kilkana\u015bcie miesi\u0119cy za kradzie\u017ce i kradzie\u017ce z w\u0142amaniem.<\/p>\n<p style=\"text-align: right;\"><strong>oprac. kom. Aneta Berestecka<\/strong><\/p>\n","protected":false},"excerpt":{"rendered":"<p>POWIAT \u017bARSKI | Policjanci kryminalni z lubskiego komisariatu w wyniku intensywnych dzia\u0142a\u0144 ustalili miejsce przebywania i zatrzymali m\u0119\u017cczyzn\u0119 poszukiwanego trzema listami go\u0144czymi. 52-latek, kt\u00f3ry ukrywa\u0142 si\u0119 przed wymiarem sprawiedliwo\u015bci za granic\u0105. Po 15 latach wr\u00f3ci\u0142 do kraju i trafi\u0142 za kratki na kilkana\u015bcie miesi\u0119cy. Policjanci s\u0142u\u017cby kryminalnej prowadz\u0105 szereg dzia\u0142a\u0144 mi\u0119dzy innymi operacyjnych. Dzi\u0119ki nim [&hellip;]<\/p>\n","protected":false},"author":4,"featured_media":15885,"comment_status":"closed","ping_status":"closed","sticky":false,"template":"","format":"standard","meta":{"_monsterinsights_skip_tracking":false,"_monsterinsights_sitenote_active":false,"_monsterinsights_sitenote_note":"","_monsterinsights_sitenote_category":0,"footnotes":""},"categories":[20,28,21],"tags":[1119,32],"class_list":["post-15884","post","type-post","status-publish","format-standard","has-post-thumbnail","hentry","category-informacje","category-wiadomosci","category-wypadki-przypadki","tag-policja","tag-powiat-zarski"],"_links":{"self":[{"href":"https:\/\/moja24.pl\/index.php\/wp-json\/wp\/v2\/posts\/15884","targetHints":{"allow":["GET"]}}],"collection":[{"href":"https:\/\/moja24.pl\/index.php\/wp-json\/wp\/v2\/posts"}],"about":[{"href":"https:\/\/moja24.pl\/index.php\/wp-json\/wp\/v2\/types\/post"}],"author":[{"embeddable":true,"href":"https:\/\/moja24.pl\/index.php\/wp-json\/wp\/v2\/users\/4"}],"replies":[{"embeddable":true,"href":"https:\/\/moja24.pl\/index.php\/wp-json\/wp\/v2\/comments?post=15884"}],"version-history":[{"count":1,"href":"https:\/\/moja24.pl\/index.php\/wp-json\/wp\/v2\/posts\/15884\/revisions"}],"predecessor-version":[{"id":15886,"href":"https:\/\/moja24.pl\/index.php\/wp-json\/wp\/v2\/posts\/15884\/revisions\/15886"}],"wp:featuredmedia":[{"embeddable":true,"href":"https:\/\/moja24.pl\/index.php\/wp-json\/wp\/v2\/media\/15885"}],"wp:attachment":[{"href":"https:\/\/moja24.pl\/index.php\/wp-json\/wp\/v2\/media?parent=15884"}],"wp:term":[{"taxonomy":"category","embeddable":true,"href":"https:\/\/moja24.pl\/index.php\/wp-json\/wp\/v2\/categories?post=15884"},{"taxonomy":"post_tag","embeddable":true,"href":"https:\/\/moja24.pl\/index.php\/wp-json\/wp\/v2\/tags?post=15884"}],"curies":[{"name":"wp","href":"https:\/\/api.w.org\/{rel}","templated":true}]}}