{"id":15890,"date":"2020-10-02T11:16:55","date_gmt":"2020-10-02T09:16:55","guid":{"rendered":"http:\/\/moja24.pl\/?p=15890"},"modified":"2021-01-07T11:20:34","modified_gmt":"2021-01-07T10:20:34","slug":"pokazy-i-drogie-kupowanie","status":"publish","type":"post","link":"https:\/\/moja24.pl\/index.php\/2020\/10\/02\/pokazy-i-drogie-kupowanie\/","title":{"rendered":"Pokazy i drogie kupowanie"},"content":{"rendered":"<p><strong>Fa\u0142szywy pretekst spotkania, nieistniej\u0105ce nagrody i rzekome promocje \u2013 takie techniki stosuje sp\u00f3\u0142ka Swiss-Med ze St\u0119szewa, by zwabi\u0107 konsument\u00f3w na pokazy handlowe <\/strong><strong>i sprzeda\u0107 im produkty po zawy\u017conych cenach. Prezes UOKiK Tomasz Chr\u00f3stny na\u0142o\u017cy\u0142 na Swiss-Med ponad 1,6 mln z\u0142 kary. Wszcz\u0105\u0142 tak\u017ce post\u0119powanie wyja\u015bniaj\u0105ce wobec firmy Eneda, na kt\u00f3rej praktyki podczas pokaz\u00f3w skar\u017c\u0105 si\u0119 konsumenci.<\/strong><\/p>\n<p>Debata o zdrowym stylu \u017cycia, podczas kt\u00f3rej ka\u017cda przyby\u0142a para dostanie wielofunkcyjny, automatyczny ekspres do kawy \u2013 takie obietnice zawiera\u0142y zaproszenia od Swiss-Med sp. z o. o. sp. k. ze St\u0119szewa. W rzeczywisto\u015bci by\u0142a prezentacja i sprzeda\u017c produkt\u00f3w, a prezent okazywa\u0142 si\u0119 kawiark\u0105 lub ekspresem przelewowym o warto\u015bci co najwy\u017cej kilkudziesi\u0119ciu z\u0142otych. Podczas pokaz\u00f3w Swiss-Med kusi\u0142 te\u017c \u201ewyj\u0105tkowymi promocjami\u201d \u2013 np. zestaw z po\u015bciel\u0105 we\u0142nian\u0105 i 5 innymi urz\u0105dzeniami takimi jak odkurzacz czy mata masuj\u0105ca oferowa\u0142 za 10,5 tys. z\u0142, podczas gdy produkty te kupowane osobno rzekomo mia\u0142y kosztowa\u0107 ponad 45 tys. z\u0142.<\/p>\n<p>Firma prowadzi\u0142a jednak sprzeda\u017c wy\u0142\u0105cznie w zestawach, a ich ceny by\u0142y sztywno ustalone w cenniku znanym tylko handlowcom i by\u0142y r\u00f3wne w\u0142a\u015bnie fikcyjnym cenom promocyjnym. Ceny pojedynczych produkt\u00f3w umieszczono jedynie na stronie internetowej, za pomoc\u0105 kt\u00f3rej nie mo\u017cna by\u0142o dokona\u0107 zakup\u00f3w; ponadto by\u0142y wielokrotnie zawy\u017cone w stosunku do cen rynkowych.<\/p>\n<p>&#8211; Za nieuczciwe praktyki rynkowe &#8211; wprowadzanie konsument\u00f3w w b\u0142\u0105d, obiecywanie im nieistniej\u0105cych korzy\u015bci \u2013 na\u0142o\u017cy\u0142em na sp\u00f3\u0142k\u0119 Swiss-Med kar\u0119 finansow\u0105 w wysoko\u015bci 1,6 mln z\u0142. Nie ma mojej zgody na manipulowanie konsumentami, oferowanie im za 10 tys. z\u0142 produkt\u00f3w, kt\u00f3re na rynku mogliby kupi\u0107 za u\u0142amek tej kwoty i jeszcze przedstawianie tego jako wyj\u0105tkowej okazji. Takie praktyki s\u0105 absolutnie bezprawne i krzywdz\u0105ce dla konsument\u00f3w. Nie ma mowy o jakiejkolwiek tolerancji czy taryfie ulgowej dla nieuczciwych przedsi\u0119biorc\u00f3w organizuj\u0105cych pokazy handlowe &#8211; zapowiada Tomasz Chr\u00f3stny, Prezes Urz\u0119du Ochrony Konkurencji i Konsument\u00f3w.<\/p>\n<p>Opr\u00f3cz na\u0142o\u017cenia na Swiss-Med kary ponad 1,6 mln z\u0142 (1.654.961 z\u0142) Prezes UOKiK nakaza\u0142 sp\u00f3\u0142ce natychmiastowe zaprzestanie stosowania kwestionowanych praktyk i poinformowanie poszkodowanych konsument\u00f3w o decyzji. To kolejna ju\u017c w ostatnim czasie wysoka kara za pokazy \u2013 w lipcu Tomasz Chr\u00f3stny na\u0142o\u017cy\u0142 na firm\u0119 Comfort Med+ sankcje w wysoko\u015bci ponad 3,5 mln z\u0142.<\/p>\n<p>W toku jest jeszcze ok. 10 post\u0119powa\u0144 dotycz\u0105cych nieuczciwych praktyk podczas pokaz\u00f3w handlowych. We wrze\u015bniu Prezes UOKiK wszcz\u0105\u0142 kolejne \u2013 na razie wyja\u015bniaj\u0105ce \u2013 wobec sp\u00f3\u0142ki Eneda z Poznania. Nale\u017cy ona do grupy sp\u00f3\u0142ek powi\u0105zanych ze sob\u0105 osobowo np. Housefire, kt\u00f3rymi UOKiK od wielu lat si\u0119 interesowa\u0142 i o dzia\u0142aniach kt\u00f3rych zawiadamia\u0142 prokuratur\u0119. Jak wynika z sygna\u0142\u00f3w konsumenckich, Eneda organizuje spotkania pod pretekstem uruchomienia projektu \u201eBezpieczne wakacje\u201d, kt\u00f3ry ma na celu ratowanie polskiej turystyki. Uczestnicy skar\u017c\u0105 si\u0119, \u017ce Eneda obiecywa\u0142a im bon turystyczny na 3-dniowy pobyt z wy\u017cywieniem i wszystkimi atrakcjami w polskim hotelu, tymczasem uprawnia\u0142 on jedynie do zni\u017cek. Na spotkaniu \u2013 wbrew zapowiedziom organizatora &#8211; odby\u0142a si\u0119 natomiast prezentacja produkt\u00f3w takich jak garnki i materace. By\u0142o te\u017c losowanie \u201enagr\u00f3d\u201d, za kt\u00f3re jednak \u2013 jak twierdzi konsumentka \u2013 trzeba by\u0142o zap\u0142aci\u0107. Podczas post\u0119powania wyja\u015bniaj\u0105cego Prezes UOKiK wst\u0119pnie zweryfikuje, czy s\u0105 podstawy do postawienia sp\u00f3\u0142ce Eneda zarzut\u00f3w naruszania zbiorowych interes\u00f3w konsument\u00f3w. W takim przypadku przedsi\u0119biorcy mog\u0142aby grozi\u0107 kara do 10 proc. obrot\u00f3w.<\/p>\n<p><strong>Porady dla konsument\u00f3w<\/strong><br \/>\nSeniorze, je\u015bli zosta\u0142e\u015b zwabiony na pokaz handlowy i nam\u00f3wiony na zakup prezentowanych produkt\u00f3w, pami\u0119taj, \u017ce mo\u017cesz w ci\u0105gu 14 dni odst\u0105pi\u0107 od umowy. Wystarczy\u0107, \u017ce wy\u015blesz do firmy stosowny formularz, kt\u00f3ry mo\u017cesz pobra\u0107 ze strony prawakonsumenta.uokik.gov.pl. Nie musisz podawa\u0107 powodu rezygnacji, nie poniesiesz te\u017c koszt\u00f3w \u2013 poza op\u0142at\u0105 za odes\u0142anie zakup\u00f3w. Po bezp\u0142atn\u0105 porad\u0119 prawn\u0105 zadzwo\u0144 pod numer infolinii konsumenckiej 801 440 220 lub 22 290 89 16, albo napisz e-maila na adres: porady@dlakonsumentow.pl. Pomoc\u0105 s\u0142u\u017c\u0105 te\u017c rzecznicy konsument\u00f3w, kt\u00f3rzy dzia\u0142aj\u0105 w ka\u017cdym powiecie.<\/p>\n<p style=\"text-align: right;\"><strong>\u017ar\u00f3d\u0142o: UOKiK<\/strong><\/p>\n","protected":false},"excerpt":{"rendered":"<p>Fa\u0142szywy pretekst spotkania, nieistniej\u0105ce nagrody i rzekome promocje \u2013 takie techniki stosuje sp\u00f3\u0142ka Swiss-Med ze St\u0119szewa, by zwabi\u0107 konsument\u00f3w na pokazy handlowe i sprzeda\u0107 im produkty po zawy\u017conych cenach. Prezes UOKiK Tomasz Chr\u00f3stny na\u0142o\u017cy\u0142 na Swiss-Med ponad 1,6 mln z\u0142 kary. Wszcz\u0105\u0142 tak\u017ce post\u0119powanie wyja\u015bniaj\u0105ce wobec firmy Eneda, na kt\u00f3rej praktyki podczas pokaz\u00f3w skar\u017c\u0105 si\u0119 [&hellip;]<\/p>\n","protected":false},"author":4,"featured_media":15891,"comment_status":"closed","ping_status":"closed","sticky":false,"template":"","format":"standard","meta":{"_monsterinsights_skip_tracking":false,"_monsterinsights_sitenote_active":false,"_monsterinsights_sitenote_note":"","_monsterinsights_sitenote_category":0,"footnotes":""},"categories":[20,2056,28],"tags":[],"class_list":["post-15890","post","type-post","status-publish","format-standard","has-post-thumbnail","hentry","category-informacje","category-porady","category-wiadomosci"],"_links":{"self":[{"href":"https:\/\/moja24.pl\/index.php\/wp-json\/wp\/v2\/posts\/15890","targetHints":{"allow":["GET"]}}],"collection":[{"href":"https:\/\/moja24.pl\/index.php\/wp-json\/wp\/v2\/posts"}],"about":[{"href":"https:\/\/moja24.pl\/index.php\/wp-json\/wp\/v2\/types\/post"}],"author":[{"embeddable":true,"href":"https:\/\/moja24.pl\/index.php\/wp-json\/wp\/v2\/users\/4"}],"replies":[{"embeddable":true,"href":"https:\/\/moja24.pl\/index.php\/wp-json\/wp\/v2\/comments?post=15890"}],"version-history":[{"count":1,"href":"https:\/\/moja24.pl\/index.php\/wp-json\/wp\/v2\/posts\/15890\/revisions"}],"predecessor-version":[{"id":15892,"href":"https:\/\/moja24.pl\/index.php\/wp-json\/wp\/v2\/posts\/15890\/revisions\/15892"}],"wp:featuredmedia":[{"embeddable":true,"href":"https:\/\/moja24.pl\/index.php\/wp-json\/wp\/v2\/media\/15891"}],"wp:attachment":[{"href":"https:\/\/moja24.pl\/index.php\/wp-json\/wp\/v2\/media?parent=15890"}],"wp:term":[{"taxonomy":"category","embeddable":true,"href":"https:\/\/moja24.pl\/index.php\/wp-json\/wp\/v2\/categories?post=15890"},{"taxonomy":"post_tag","embeddable":true,"href":"https:\/\/moja24.pl\/index.php\/wp-json\/wp\/v2\/tags?post=15890"}],"curies":[{"name":"wp","href":"https:\/\/api.w.org\/{rel}","templated":true}]}}