{"id":15893,"date":"2020-10-02T11:20:37","date_gmt":"2020-10-02T09:20:37","guid":{"rendered":"http:\/\/moja24.pl\/?p=15893"},"modified":"2021-01-07T11:24:03","modified_gmt":"2021-01-07T10:24:03","slug":"dobry-poczatek-sezonu-bc-swiss-krono-zary","status":"publish","type":"post","link":"https:\/\/moja24.pl\/index.php\/2020\/10\/02\/dobry-poczatek-sezonu-bc-swiss-krono-zary\/","title":{"rendered":"Dobry pocz\u0105tek sezonu BC Swiss Krono \u017bary"},"content":{"rendered":"<p>KOSZYK\u00d3WKA | W meczu inauguruj\u0105cym drugoligowe zmagania koszykarskie m\u0119\u017cczyzn, \u017carski klub przed w\u0142asn\u0105 publiczno\u015bci\u0105 podejmowa\u0142 dru\u017cyn\u0119 KS Kosz Pleszew. Gospodarze wygrali to spotkanie z konkretn\u0105 przewag\u0105 punktow\u0105 97:67.<\/p>\n<p>Trener BC Swiss Krono \u017bary \u0141ukasz Rubczy\u0144ski ostro\u017cnie podchodzi\u0142 do tego spotkania, nie lekcewa\u017c\u0105c przeciwnika z Pleszewa. Okaza\u0142o si\u0119 jednak, \u017ce ko\u0144cowy rezultat tego meczu udokumentowa\u0142 wyra\u017anie przewag\u0119 jego podopiecznych.<br \/>\nKibice, kt\u00f3rzy g\u0142o\u015bnym dopingiem zagrzewali swoich do walki, nie mieli absolutnie \u017cadnych powod\u00f3w do narzeka\u0144. Obejrzeli ciekawe widowisko sportowe, a co najwa\u017cniejsze, zako\u0144czone zwyci\u0119stwem W przerwie spotkania prezes klubu Tomasz Ostrowski nagrodzi\u0142 Kamila Porzy\u0144skiego, autora has\u0142a \u201ePoczuj \u017bar Koszyk\u00f3wki, kt\u00f3re zwyci\u0119\u017cy\u0142o w konkursie na has\u0142o klubowe w sezonie 2020\/2021.<br \/>\nA na \u017carskim parkiecie 26 wrze\u015bnia cenne punkty zdobywali: Mariusz Ma\u0142achowski (19), Artur Busz (16), Grzegorz Kukie\u0142ka (15), Wojciech Dymi\u0144ski (11), Jakub Der (11), Nikodem Sirijatowicz (11), Kamil Olejnik (4), Kacper Reczy\u0144ski (3), Miko\u0142aj Simi\u0144ski (2), Micha\u0142 Simi\u0144ski (2), Adam Forysiuk (2), Dariusz Kalinowski (1). <strong>ATB<\/strong><\/p>\n<figure id=\"attachment_15894\" aria-describedby=\"caption-attachment-15894\" style=\"width: 640px\" class=\"wp-caption aligncenter\"><img loading=\"lazy\" decoding=\"async\" class=\"size-large wp-image-15894\" src=\"http:\/\/moja24.pl\/wp-content\/uploads\/2021\/01\/IMG_7828-1024x682.jpg\" alt=\"\" width=\"640\" height=\"426\" srcset=\"https:\/\/moja24.pl\/wp-content\/uploads\/2021\/01\/IMG_7828-1024x682.jpg 1024w, https:\/\/moja24.pl\/wp-content\/uploads\/2021\/01\/IMG_7828-300x200.jpg 300w, https:\/\/moja24.pl\/wp-content\/uploads\/2021\/01\/IMG_7828-768x512.jpg 768w, https:\/\/moja24.pl\/wp-content\/uploads\/2021\/01\/IMG_7828-1536x1024.jpg 1536w, https:\/\/moja24.pl\/wp-content\/uploads\/2021\/01\/IMG_7828-696x464.jpg 696w, https:\/\/moja24.pl\/wp-content\/uploads\/2021\/01\/IMG_7828-1068x712.jpg 1068w, https:\/\/moja24.pl\/wp-content\/uploads\/2021\/01\/IMG_7828-630x420.jpg 630w, https:\/\/moja24.pl\/wp-content\/uploads\/2021\/01\/IMG_7828-450x300.jpg 450w, https:\/\/moja24.pl\/wp-content\/uploads\/2021\/01\/IMG_7828.jpg 2000w\" sizes=\"auto, (max-width: 640px) 100vw, 640px\" \/><figcaption id=\"caption-attachment-15894\" class=\"wp-caption-text\">fot. Andrzej Buczy\u0144ski<\/figcaption><\/figure>\n","protected":false},"excerpt":{"rendered":"<p>KOSZYK\u00d3WKA | W meczu inauguruj\u0105cym drugoligowe zmagania koszykarskie m\u0119\u017cczyzn, \u017carski klub przed w\u0142asn\u0105 publiczno\u015bci\u0105 podejmowa\u0142 dru\u017cyn\u0119 KS Kosz Pleszew. Gospodarze wygrali to spotkanie z konkretn\u0105 przewag\u0105 punktow\u0105 97:67. Trener BC Swiss Krono \u017bary \u0141ukasz Rubczy\u0144ski ostro\u017cnie podchodzi\u0142 do tego spotkania, nie lekcewa\u017c\u0105c przeciwnika z Pleszewa. Okaza\u0142o si\u0119 jednak, \u017ce ko\u0144cowy rezultat tego meczu udokumentowa\u0142 wyra\u017anie [&hellip;]<\/p>\n","protected":false},"author":4,"featured_media":15895,"comment_status":"closed","ping_status":"closed","sticky":false,"template":"","format":"standard","meta":{"_monsterinsights_skip_tracking":false,"_monsterinsights_sitenote_active":false,"_monsterinsights_sitenote_note":"","_monsterinsights_sitenote_category":0,"footnotes":""},"categories":[20,23,28],"tags":[2091,1091,66],"class_list":["post-15893","post","type-post","status-publish","format-standard","has-post-thumbnail","hentry","category-informacje","category-sport","category-wiadomosci","tag-bc-swiss-krono-zary","tag-koszykowka","tag-zary"],"_links":{"self":[{"href":"https:\/\/moja24.pl\/index.php\/wp-json\/wp\/v2\/posts\/15893","targetHints":{"allow":["GET"]}}],"collection":[{"href":"https:\/\/moja24.pl\/index.php\/wp-json\/wp\/v2\/posts"}],"about":[{"href":"https:\/\/moja24.pl\/index.php\/wp-json\/wp\/v2\/types\/post"}],"author":[{"embeddable":true,"href":"https:\/\/moja24.pl\/index.php\/wp-json\/wp\/v2\/users\/4"}],"replies":[{"embeddable":true,"href":"https:\/\/moja24.pl\/index.php\/wp-json\/wp\/v2\/comments?post=15893"}],"version-history":[{"count":1,"href":"https:\/\/moja24.pl\/index.php\/wp-json\/wp\/v2\/posts\/15893\/revisions"}],"predecessor-version":[{"id":15896,"href":"https:\/\/moja24.pl\/index.php\/wp-json\/wp\/v2\/posts\/15893\/revisions\/15896"}],"wp:featuredmedia":[{"embeddable":true,"href":"https:\/\/moja24.pl\/index.php\/wp-json\/wp\/v2\/media\/15895"}],"wp:attachment":[{"href":"https:\/\/moja24.pl\/index.php\/wp-json\/wp\/v2\/media?parent=15893"}],"wp:term":[{"taxonomy":"category","embeddable":true,"href":"https:\/\/moja24.pl\/index.php\/wp-json\/wp\/v2\/categories?post=15893"},{"taxonomy":"post_tag","embeddable":true,"href":"https:\/\/moja24.pl\/index.php\/wp-json\/wp\/v2\/tags?post=15893"}],"curies":[{"name":"wp","href":"https:\/\/api.w.org\/{rel}","templated":true}]}}