{"id":15909,"date":"2020-10-02T11:42:48","date_gmt":"2020-10-02T09:42:48","guid":{"rendered":"http:\/\/moja24.pl\/?p=15909"},"modified":"2021-01-07T11:44:51","modified_gmt":"2021-01-07T10:44:51","slug":"wicemistrzowie-i-inne-sukcesy","status":"publish","type":"post","link":"https:\/\/moja24.pl\/index.php\/2020\/10\/02\/wicemistrzowie-i-inne-sukcesy\/","title":{"rendered":"Wicemistrzowie i inne sukcesy"},"content":{"rendered":"<p><strong>LEKKOATLETYKA | W S\u0142upsku zako\u0144czy\u0142y si\u0119 Mistrzostwa Polski m\u0142odzik\u00f3w <\/strong><br \/>\n<strong>w lekkoatletyce.<\/strong><\/p>\n<p>Ogromy sukces odnios\u0142a sztafeta 4&#215;100 ch\u0142opc\u00f3w, kt\u00f3ra zdoby\u0142a wicemistrzostwo Polski poprawiaj\u0105c rekord wojew\u00f3dztwa lubuskiego o prawie 1 s. \u2013 44,96 s. Ch\u0142opcy pobiegli w sk\u0142adzie: Fabian De\u0107, Kacper Mysiorek, Jakub Szako\u0142a i Szymon Mac. W rzucie dyskiem<br \/>\ni m\u0142otem wyst\u0105pi\u0142a Kinga Pecyna. Pomimo kontuzji stopy Kinga w rzucie dyskiem zaj\u0119\u0142a 8. miejsce z wynikiem 35,54, a w rzucie m\u0142otem uplasowa\u0142a si\u0119 na 10. pozycji &#8211; 38,09 m. W konkursie w skoku wzwy\u017c Kacper Mysiorek pokona\u0142 poprzeczk\u0119 zawieszon\u0105 na 1,75 m i zaj\u0105\u0142 10. miejsce. W biegu na 1000 m z przeszkodami na 9. miejscu by\u0142a Emilia Fabiszewska \u2013 3,27,44 s. W biegach indywidualnych na 100 m bardzo dobrze spisa\u0142 si\u0119 Jakub Szako\u0142a, kt\u00f3ry uzyska\u0142 rekord \u017cyciowy 11,56 s i zaj\u0105\u0142 12. miejsce, a jego kolega Szymon Mac z wynikiem 11,86 s. by\u0142 na 26. miejscu. W pchni\u0119ciu kul\u0105 Julia Pietrusiak by\u0142a 17. z wynikiem 10,16 m, a na 9. miejscu z wynikiem 10,37 m zmagania w wieloskoku uko\u0144czy\u0142a Blanca Salamon.<\/p>\n<p style=\"text-align: right;\"><strong>\u017ar\u00f3d\u0142o: Agros \u017bary<\/strong><\/p>\n","protected":false},"excerpt":{"rendered":"<p>LEKKOATLETYKA | W S\u0142upsku zako\u0144czy\u0142y si\u0119 Mistrzostwa Polski m\u0142odzik\u00f3w w lekkoatletyce. Ogromy sukces odnios\u0142a sztafeta 4&#215;100 ch\u0142opc\u00f3w, kt\u00f3ra zdoby\u0142a wicemistrzostwo Polski poprawiaj\u0105c rekord wojew\u00f3dztwa lubuskiego o prawie 1 s. \u2013 44,96 s. Ch\u0142opcy pobiegli w sk\u0142adzie: Fabian De\u0107, Kacper Mysiorek, Jakub Szako\u0142a i Szymon Mac. W rzucie dyskiem i m\u0142otem wyst\u0105pi\u0142a Kinga Pecyna. Pomimo kontuzji [&hellip;]<\/p>\n","protected":false},"author":4,"featured_media":15910,"comment_status":"closed","ping_status":"closed","sticky":false,"template":"","format":"standard","meta":{"_monsterinsights_skip_tracking":false,"_monsterinsights_sitenote_active":false,"_monsterinsights_sitenote_note":"","_monsterinsights_sitenote_category":0,"footnotes":""},"categories":[20,23,28],"tags":[346,1065,66],"class_list":["post-15909","post","type-post","status-publish","format-standard","has-post-thumbnail","hentry","category-informacje","category-sport","category-wiadomosci","tag-agros","tag-lekkoatletyka","tag-zary"],"_links":{"self":[{"href":"https:\/\/moja24.pl\/index.php\/wp-json\/wp\/v2\/posts\/15909","targetHints":{"allow":["GET"]}}],"collection":[{"href":"https:\/\/moja24.pl\/index.php\/wp-json\/wp\/v2\/posts"}],"about":[{"href":"https:\/\/moja24.pl\/index.php\/wp-json\/wp\/v2\/types\/post"}],"author":[{"embeddable":true,"href":"https:\/\/moja24.pl\/index.php\/wp-json\/wp\/v2\/users\/4"}],"replies":[{"embeddable":true,"href":"https:\/\/moja24.pl\/index.php\/wp-json\/wp\/v2\/comments?post=15909"}],"version-history":[{"count":1,"href":"https:\/\/moja24.pl\/index.php\/wp-json\/wp\/v2\/posts\/15909\/revisions"}],"predecessor-version":[{"id":15911,"href":"https:\/\/moja24.pl\/index.php\/wp-json\/wp\/v2\/posts\/15909\/revisions\/15911"}],"wp:featuredmedia":[{"embeddable":true,"href":"https:\/\/moja24.pl\/index.php\/wp-json\/wp\/v2\/media\/15910"}],"wp:attachment":[{"href":"https:\/\/moja24.pl\/index.php\/wp-json\/wp\/v2\/media?parent=15909"}],"wp:term":[{"taxonomy":"category","embeddable":true,"href":"https:\/\/moja24.pl\/index.php\/wp-json\/wp\/v2\/categories?post=15909"},{"taxonomy":"post_tag","embeddable":true,"href":"https:\/\/moja24.pl\/index.php\/wp-json\/wp\/v2\/tags?post=15909"}],"curies":[{"name":"wp","href":"https:\/\/api.w.org\/{rel}","templated":true}]}}