{"id":15923,"date":"2020-10-09T11:55:57","date_gmt":"2020-10-09T09:55:57","guid":{"rendered":"http:\/\/moja24.pl\/?p=15923"},"modified":"2021-01-07T11:59:59","modified_gmt":"2021-01-07T10:59:59","slug":"nowy-kosciol-teraz-zbiorka-na-dach","status":"publish","type":"post","link":"https:\/\/moja24.pl\/index.php\/2020\/10\/09\/nowy-kosciol-teraz-zbiorka-na-dach\/","title":{"rendered":"Nowy ko\u015bci\u00f3\u0142. Teraz zbi\u00f3rka na dach"},"content":{"rendered":"<p><strong>GMINA \u017bARY | Z roku na rok Grabik staje si\u0119 miejscowo\u015bci\u0105 coraz bardziej atrakcyjn\u0105. Jest <\/strong><strong>tam du\u017ca szko\u0142a z dobr\u0105 infrastruktur\u0105 sportow\u0105. Obok boisko z nie tak dawno wybudowan\u0105 bie\u017cni\u0105 lekkoatletyczn\u0105. Jest przedszkole gminne. Powstaj\u0105 nowe domy, budowane cho\u0107by przez tych, kt\u00f3rzy chc\u0105 si\u0119 przenie\u015b\u0107 z miasta w spokojniejsze okolice. <\/strong><strong>Mieszka\u0144cy zapragn\u0119li te\u017c mie\u0107 sw\u00f3j ko\u015bci\u00f3\u0142.<\/strong><\/p>\n<p>Budowa ruszy\u0142a. Systemem gospodarczym. Fundamenty po\u015bwi\u0119cone by\u0142y jesieni\u0105 ubieg\u0142ego roku. Cz\u0119\u015b\u0107 mur\u00f3w ju\u017c stoi. Ale post\u0119p prac uzale\u017cniony jest przede wszystkim od funduszy na ten cel. A te z kolei pochodz\u0105 przede wszystkim od samych mieszka\u0144c\u00f3w. Pomagaj\u0105 te\u017c r\u00f3\u017cne firmy i instytucje, przekazuj\u0105c cho\u0107by materia\u0142y potrzebne do budowy.<br \/>\nW Grabiku ko\u015bcio\u0142a nie by\u0142o. Nie ma wi\u0119c czego odbudowywa\u0107, trzeba postawi\u0107 nowy obiekt. Okazuje si\u0119, \u017ce pomys\u0142 nie jest traki ca\u0142kiem nowy, cho\u0107 pozwolenie na budow\u0119 wydane by\u0142o w 2019 roku. Plac pod budow\u0119 ko\u015bcio\u0142a po\u015bwi\u0119cony zosta\u0142 przez biskupa Paw\u0142a Soch\u0119 ju\u017c do\u015b\u0107 dawno, bo w 2011 roku.<\/p>\n<p>&#8211; S\u0105 instytucje, kt\u00f3re czasem dopomog\u0105, ale generalnie inwestycja realizowana jest ze sk\u0142adek wiernych &#8211; m\u00f3wi proboszcz Krzysztof Kwa\u015bnik z parafii Naj\u015bwi\u0119tszego Serca Pana Jezusa w \u017barach, dla kt\u00f3rej ko\u015bci\u00f3\u0142 w Grabiku b\u0119dzie fili\u0105. &#8211; Skarbnicy zbieraj\u0105 od os\u00f3b, kt\u00f3re zadeklarowa\u0142y tak\u0105 ch\u0119\u0107, po 10 z\u0142otych miesi\u0119cznie, poza tym taca z niekt\u00f3rych mszy \u015bw. oraz przy wi\u0119kszych uroczysto\u015bciach ko\u015bcielnych, r\u00f3wnie\u017c przeznaczana jest na budow\u0119 ko\u015bcio\u0142a.<\/p>\n<p>W niedziel\u0119, 4 pa\u017adziernika, przy \u017carskim ko\u015bciele farnym zorganizowano festyn parafialny z my\u015bl\u0105 o zbi\u00f3rce pieni\u0119dzy na dach ko\u015bcio\u0142a.<\/p>\n<p>Wiele os\u00f3b i instytucji podesz\u0142o do tego wydarzenia z otwartymi sercami. Mo\u017cna by\u0142o kupi\u0107 \u015bwie\u017ce pierogi, mn\u00f3stwo ciast, by\u0142a groch\u00f3wka z kuchni polowej. Pojawi\u0142 si\u0119 pojazd wojskowy, karetka i w\u00f3z stra\u017cacki. By\u0142o stoisko nadle\u015bnictwa i Ekoszko\u0142a z ZZO w Marszowie. Imprez\u0119 wspar\u0142y te\u017c samorz\u0105dy lokalne. Przyjechali motocykli\u015bci. Zespo\u0142y gra\u0142y za darmo. Przysz\u0142o te\u017c przede wszystkim sporo mieszka\u0144c\u00f3w, aby wesprze\u0107 budow\u0119 ko\u015bcio\u0142a w Grabiku.<\/p>\n<p>&#8211; Uda\u0142o si\u0119 zebra\u0107 oko\u0142o 16 tysi\u0119cy z\u0142otych na dach z czego bardzo si\u0119 cieszymy &#8211; m\u00f3wi proboszcz Kwa\u015bnik. &#8211; Ale do potrzebnej kwoty pozosta\u0142o jeszcze sporo.<\/p>\n<p>I tak, krok za krokiem, powoli powstaje budynek ko\u015bcio\u0142a, w kt\u00f3rym b\u0119dzie te\u017c salka do spotka\u0144. B\u0119dzie r\u00f3wnie\u017c kaplica przedpogrzebowej, z racji bezpo\u015bredniego s\u0105siedztwa z cmentarzem. Najwa\u017cniejsze, \u017ce sami mieszka\u0144cy chc\u0105 tego ko\u015bcio\u0142a i sami przekazuj\u0105 \u015brodki na ten cel, bo tak\u0105 czuj\u0105 potrzeb\u0119.<\/p>\n<p>A \u015bwi\u0105tynia przyda si\u0119 te\u017c osobom starszym, dla kt\u00f3rych wyjazd do \u017bar jest czasem trudny.<br \/>\nDzi\u015b za wcze\u015bnie jeszcze, by m\u00f3wi\u0107, kiedy odb\u0119dzie si\u0119 pierwsze nabo\u017ce\u0144stwo w nowej \u015bwi\u0105tyni. Proboszcz ma nadziej\u0119, \u017ce jeszcze w tym roku wszystkie mury b\u0119d\u0105 ju\u017c sta\u0142y. Ale pracy do wykonania zostanie jeszcze sporo.<\/p>\n<p style=\"text-align: right;\"><strong>Andrzej Buczy\u0144ski<\/strong><\/p>\n<figure id=\"attachment_15924\" aria-describedby=\"caption-attachment-15924\" style=\"width: 640px\" class=\"wp-caption aligncenter\"><img loading=\"lazy\" decoding=\"async\" class=\"size-large wp-image-15924\" src=\"http:\/\/moja24.pl\/wp-content\/uploads\/2021\/01\/2020_10_04_17216-1024x682.jpg\" alt=\"\" width=\"640\" height=\"426\" srcset=\"https:\/\/moja24.pl\/wp-content\/uploads\/2021\/01\/2020_10_04_17216-1024x682.jpg 1024w, https:\/\/moja24.pl\/wp-content\/uploads\/2021\/01\/2020_10_04_17216-300x200.jpg 300w, https:\/\/moja24.pl\/wp-content\/uploads\/2021\/01\/2020_10_04_17216-768x512.jpg 768w, https:\/\/moja24.pl\/wp-content\/uploads\/2021\/01\/2020_10_04_17216-1536x1024.jpg 1536w, https:\/\/moja24.pl\/wp-content\/uploads\/2021\/01\/2020_10_04_17216-696x464.jpg 696w, https:\/\/moja24.pl\/wp-content\/uploads\/2021\/01\/2020_10_04_17216-1068x712.jpg 1068w, https:\/\/moja24.pl\/wp-content\/uploads\/2021\/01\/2020_10_04_17216-630x420.jpg 630w, https:\/\/moja24.pl\/wp-content\/uploads\/2021\/01\/2020_10_04_17216-450x300.jpg 450w, https:\/\/moja24.pl\/wp-content\/uploads\/2021\/01\/2020_10_04_17216.jpg 2000w\" sizes=\"auto, (max-width: 640px) 100vw, 640px\" \/><figcaption id=\"caption-attachment-15924\" class=\"wp-caption-text\">Festyn parafialny i zbi\u00f3rka funduszy na dach nowego ko\u015bcio\u0142a. fot. Andrzej Buczy\u0144ski<\/figcaption><\/figure>\n","protected":false},"excerpt":{"rendered":"<p>GMINA \u017bARY | Z roku na rok Grabik staje si\u0119 miejscowo\u015bci\u0105 coraz bardziej atrakcyjn\u0105. Jest tam du\u017ca szko\u0142a z dobr\u0105 infrastruktur\u0105 sportow\u0105. Obok boisko z nie tak dawno wybudowan\u0105 bie\u017cni\u0105 lekkoatletyczn\u0105. Jest przedszkole gminne. Powstaj\u0105 nowe domy, budowane cho\u0107by przez tych, kt\u00f3rzy chc\u0105 si\u0119 przenie\u015b\u0107 z miasta w spokojniejsze okolice. Mieszka\u0144cy zapragn\u0119li te\u017c mie\u0107 sw\u00f3j [&hellip;]<\/p>\n","protected":false},"author":4,"featured_media":15925,"comment_status":"closed","ping_status":"closed","sticky":false,"template":"","format":"standard","meta":{"_monsterinsights_skip_tracking":false,"_monsterinsights_sitenote_active":false,"_monsterinsights_sitenote_note":"","_monsterinsights_sitenote_category":0,"footnotes":""},"categories":[20,28],"tags":[269,1460,2124],"class_list":["post-15923","post","type-post","status-publish","format-standard","has-post-thumbnail","hentry","category-informacje","category-wiadomosci","tag-gmina-zary","tag-grabik","tag-krzysztof-kwasnik"],"_links":{"self":[{"href":"https:\/\/moja24.pl\/index.php\/wp-json\/wp\/v2\/posts\/15923","targetHints":{"allow":["GET"]}}],"collection":[{"href":"https:\/\/moja24.pl\/index.php\/wp-json\/wp\/v2\/posts"}],"about":[{"href":"https:\/\/moja24.pl\/index.php\/wp-json\/wp\/v2\/types\/post"}],"author":[{"embeddable":true,"href":"https:\/\/moja24.pl\/index.php\/wp-json\/wp\/v2\/users\/4"}],"replies":[{"embeddable":true,"href":"https:\/\/moja24.pl\/index.php\/wp-json\/wp\/v2\/comments?post=15923"}],"version-history":[{"count":1,"href":"https:\/\/moja24.pl\/index.php\/wp-json\/wp\/v2\/posts\/15923\/revisions"}],"predecessor-version":[{"id":15926,"href":"https:\/\/moja24.pl\/index.php\/wp-json\/wp\/v2\/posts\/15923\/revisions\/15926"}],"wp:featuredmedia":[{"embeddable":true,"href":"https:\/\/moja24.pl\/index.php\/wp-json\/wp\/v2\/media\/15925"}],"wp:attachment":[{"href":"https:\/\/moja24.pl\/index.php\/wp-json\/wp\/v2\/media?parent=15923"}],"wp:term":[{"taxonomy":"category","embeddable":true,"href":"https:\/\/moja24.pl\/index.php\/wp-json\/wp\/v2\/categories?post=15923"},{"taxonomy":"post_tag","embeddable":true,"href":"https:\/\/moja24.pl\/index.php\/wp-json\/wp\/v2\/tags?post=15923"}],"curies":[{"name":"wp","href":"https:\/\/api.w.org\/{rel}","templated":true}]}}