{"id":15942,"date":"2020-10-09T12:15:08","date_gmt":"2020-10-09T10:15:08","guid":{"rendered":"http:\/\/moja24.pl\/?p=15942"},"modified":"2021-01-07T12:18:10","modified_gmt":"2021-01-07T11:18:10","slug":"sztafety-powiatowe","status":"publish","type":"post","link":"https:\/\/moja24.pl\/index.php\/2020\/10\/09\/sztafety-powiatowe\/","title":{"rendered":"Sztafety powiatowe"},"content":{"rendered":"<p><strong>SPORT SZKOLNY | 7 pa\u017adziernika na \u017carskiej Syrenie odby\u0142y si\u0119 zawody szczebla powiatowego w sztafetowych biegach prze\u0142ajowych.<\/strong><\/p>\n<p>Najlepsze szko\u0142y zosta\u0142y zakwalifikowane do udzia\u0142u w Mistrzostwach Wojew\u00f3dztwa, kt\u00f3re odb\u0119d\u0105 si\u0119 15 pa\u017adziernika w Babimo\u015bcie.<br \/>\nKlasyfikacja ko\u0144cowa przedstawia si\u0119 nast\u0119puj\u0105co:<br \/>\n<strong>Grupa m\u0142odsza (rocznik 2008 i m\u0142odsi)<\/strong><br \/>\nDziewcz\u0119ta:<br \/>\n1 miejsce &#8211; Szko\u0142a Podstawowa nr 5 im. Polskich Noblist\u00f3w w \u017barach<br \/>\n2 miejsce &#8211; Zesp\u00f3\u0142 Szkolno-Przedszkolny z Oddzia\u0142ami Integracyjnymi w \u017barach<br \/>\n3 miejsce &#8211; Szko\u0142a Podstawowa nr 1 w \u017barach<br \/>\nCh\u0142opcy:<br \/>\n1 miejsce &#8211; Szko\u0142a Podstawowa nr 8 w \u017barach<br \/>\n2 miejsce &#8211; Szko\u0142a Podstawowa nr 1 w \u017barach<br \/>\n3 miejsce &#8211; Szko\u0142a Podstawowa nr 5 im. Polskich Noblist\u00f3w w \u017barach<br \/>\n<strong>Grupa starsza (roczniki 2006-07)<\/strong><br \/>\nDziewcz\u0119ta:<br \/>\n1 miejsce &#8211; Szko\u0142a Podstawowa nr 5 im. Polskich Noblist\u00f3w w \u017barach<br \/>\n2 miejsce &#8211; Szko\u0142a Podstawowa nr 1 w \u017barach<br \/>\n3 miejsce &#8211; Szko\u0142a Podstawowa nr 10 w \u017barach<br \/>\nCh\u0142opcy:<br \/>\n1 miejsce &#8211; Szko\u0142a Podstawowa nr 8 w \u017barach<br \/>\n2 miejsce &#8211; Szko\u0142a Podstawowa nr 5 im. Polskich Noblist\u00f3w w \u017barach<br \/>\n3 miejsce &#8211; Szko\u0142a Podstawowa nr 10 w \u017barach. <strong>ATB<\/strong><\/p>\n","protected":false},"excerpt":{"rendered":"<p>SPORT SZKOLNY | 7 pa\u017adziernika na \u017carskiej Syrenie odby\u0142y si\u0119 zawody szczebla powiatowego w sztafetowych biegach prze\u0142ajowych. Najlepsze szko\u0142y zosta\u0142y zakwalifikowane do udzia\u0142u w Mistrzostwach Wojew\u00f3dztwa, kt\u00f3re odb\u0119d\u0105 si\u0119 15 pa\u017adziernika w Babimo\u015bcie. Klasyfikacja ko\u0144cowa przedstawia si\u0119 nast\u0119puj\u0105co: Grupa m\u0142odsza (rocznik 2008 i m\u0142odsi) Dziewcz\u0119ta: 1 miejsce &#8211; Szko\u0142a Podstawowa nr 5 im. Polskich Noblist\u00f3w [&hellip;]<\/p>\n","protected":false},"author":4,"featured_media":15943,"comment_status":"closed","ping_status":"closed","sticky":false,"template":"","format":"standard","meta":{"_monsterinsights_skip_tracking":false,"_monsterinsights_sitenote_active":false,"_monsterinsights_sitenote_note":"","_monsterinsights_sitenote_category":0,"footnotes":""},"categories":[20,23,28],"tags":[2126,66],"class_list":["post-15942","post","type-post","status-publish","format-standard","has-post-thumbnail","hentry","category-informacje","category-sport","category-wiadomosci","tag-sport-szkolny","tag-zary"],"_links":{"self":[{"href":"https:\/\/moja24.pl\/index.php\/wp-json\/wp\/v2\/posts\/15942","targetHints":{"allow":["GET"]}}],"collection":[{"href":"https:\/\/moja24.pl\/index.php\/wp-json\/wp\/v2\/posts"}],"about":[{"href":"https:\/\/moja24.pl\/index.php\/wp-json\/wp\/v2\/types\/post"}],"author":[{"embeddable":true,"href":"https:\/\/moja24.pl\/index.php\/wp-json\/wp\/v2\/users\/4"}],"replies":[{"embeddable":true,"href":"https:\/\/moja24.pl\/index.php\/wp-json\/wp\/v2\/comments?post=15942"}],"version-history":[{"count":1,"href":"https:\/\/moja24.pl\/index.php\/wp-json\/wp\/v2\/posts\/15942\/revisions"}],"predecessor-version":[{"id":15944,"href":"https:\/\/moja24.pl\/index.php\/wp-json\/wp\/v2\/posts\/15942\/revisions\/15944"}],"wp:featuredmedia":[{"embeddable":true,"href":"https:\/\/moja24.pl\/index.php\/wp-json\/wp\/v2\/media\/15943"}],"wp:attachment":[{"href":"https:\/\/moja24.pl\/index.php\/wp-json\/wp\/v2\/media?parent=15942"}],"wp:term":[{"taxonomy":"category","embeddable":true,"href":"https:\/\/moja24.pl\/index.php\/wp-json\/wp\/v2\/categories?post=15942"},{"taxonomy":"post_tag","embeddable":true,"href":"https:\/\/moja24.pl\/index.php\/wp-json\/wp\/v2\/tags?post=15942"}],"curies":[{"name":"wp","href":"https:\/\/api.w.org\/{rel}","templated":true}]}}