{"id":15977,"date":"2020-10-16T12:54:43","date_gmt":"2020-10-16T10:54:43","guid":{"rendered":"http:\/\/moja24.pl\/?p=15977"},"modified":"2021-01-07T13:18:57","modified_gmt":"2021-01-07T12:18:57","slug":"szybko-znalezli","status":"publish","type":"post","link":"https:\/\/moja24.pl\/index.php\/2020\/10\/16\/szybko-znalezli\/","title":{"rendered":"Szybko znale\u017ali"},"content":{"rendered":"<p><strong>POWIAT \u017bARSKI | M\u0119\u017cczyzna, kt\u00f3ry chcia\u0142 odebra\u0107 sobie \u017cycie, zabra\u0142 11-kilogramow\u0105 butl\u0119 z gazem, wsiad\u0142 do zaparkowanego przed domem samochodu i odkr\u0119ci\u0142 kurek. Po chwili wybieg\u0142 z samochodu w kierunku lasu. Szukali go policjanci z lubskiego komisariatu oraz funkcjonariusze stra\u017cy po\u017carnej. Na szcz\u0119\u015bcie wszystko sko\u0144czy\u0142o si\u0119 dobrze. M\u0119\u017cczyzna zosta\u0142 odnaleziony przez policjant\u00f3w i trafi\u0142 pod specjalistyczn\u0105 opiek\u0119 medyczn\u0105.<\/strong><\/p>\n<p>W poniedzia\u0142ek, 12 pa\u017adziernika, do dy\u017curnego lubskiego komisariatu wp\u0142yn\u0119\u0142o zg\u0142oszenie o m\u0119\u017cczy\u017anie, kt\u00f3ry chce odebra\u0107 sobie \u017cycie. Rodzina 50-latka za po\u015brednictwem numeru 112 poinformowa\u0142a, \u017ce chwil\u0119 wcze\u015bniej zabra\u0142 on 11-kilogramow\u0105 butl\u0119 z gazem i wsiad\u0142 do zaparkowanego przed domem samochodu. By\u0142 tak zdesperowany, \u017ce odkr\u0119ci\u0142 zaw\u00f3r. Na szcz\u0119\u015bcie w por\u0119 zareagowali cz\u0142onkowie rodziny i nie dosz\u0142o do tragedii. M\u0119\u017cczyzna uciek\u0142 jednak z samochodu kieruj\u0105c si\u0119 w stron\u0119 pobliskiego lasu.<\/p>\n<p>W jednostce zosta\u0142 og\u0142oszony alarm. Policjanci pe\u0142ni\u0105cy s\u0142u\u017cb\u0119, a tak\u017ce ci kt\u00f3rzy w tym dniu mieli wolne, stawili si\u0119 w jednostce. Rozpocz\u0119\u0142a si\u0119 akcja poszukiwawcza. Do funkcjonariuszy do\u0142\u0105czyli r\u00f3wnie\u017c stra\u017cacy z Jednostki Ratowniczo-Ga\u015bniczej w Lubsku oraz stra\u017cacy &#8211; ochotnicy z Bieniowa, Lubanic, Starej Wody, G\u00f3rzyna i Jasienia. Cel by\u0142 jeden &#8211; jak najszybciej odnale\u017a\u0107 zaginionego, kt\u00f3ry mia\u0142 my\u015bli samob\u00f3jcze. Do dzia\u0142a\u0144 zaanga\u017cowano r\u00f3wnie\u017c przewodnika wraz z psem tropi\u0105cym z o\u015bciennej jednostki.<br \/>\nPrzeczesywano tereny le\u015bne, miejscowo\u015b\u0107, w kt\u00f3rej mieszka\u0142 i pobliskie drogi dojazdowe.<\/p>\n<p>Dzia\u0142ania zako\u0144czy\u0142y si\u0119 szcz\u0119\u015bliwie. Dzi\u0119ki dobrej koordynacji dzia\u0142a\u0144 i szybkiej reakcji na zg\u0142oszenie, po dw\u00f3ch i p\u00f3\u0142 godziny grupa w sk\u0142adzie: dzielnicowy, dy\u017curny, kt\u00f3ry w czasie wolnym stawi\u0142 si\u0119 na alarm oraz przewodnik z psem, odnale\u017ali 50-latka ca\u0142ego i zdrowego. M\u0119\u017cczyzna zosta\u0142 przekazany pod specjalistyczn\u0105 opiek\u0119 medyczn\u0105. Policjanci zawsze bardzo powa\u017cnie i profesjonalnie podchodz\u0105 do tego typu zg\u0142osze\u0144, gdzie zagro\u017cone jest \u017cycie ludzkie.<\/p>\n<p style=\"text-align: right;\"><strong>kom. Aneta Berestecka<\/strong><\/p>\n","protected":false},"excerpt":{"rendered":"<p>POWIAT \u017bARSKI | M\u0119\u017cczyzna, kt\u00f3ry chcia\u0142 odebra\u0107 sobie \u017cycie, zabra\u0142 11-kilogramow\u0105 butl\u0119 z gazem, wsiad\u0142 do zaparkowanego przed domem samochodu i odkr\u0119ci\u0142 kurek. Po chwili wybieg\u0142 z samochodu w kierunku lasu. Szukali go policjanci z lubskiego komisariatu oraz funkcjonariusze stra\u017cy po\u017carnej. Na szcz\u0119\u015bcie wszystko sko\u0144czy\u0142o si\u0119 dobrze. M\u0119\u017cczyzna zosta\u0142 odnaleziony przez policjant\u00f3w i trafi\u0142 pod [&hellip;]<\/p>\n","protected":false},"author":4,"featured_media":15978,"comment_status":"closed","ping_status":"closed","sticky":false,"template":"","format":"standard","meta":{"_monsterinsights_skip_tracking":false,"_monsterinsights_sitenote_active":false,"_monsterinsights_sitenote_note":"","_monsterinsights_sitenote_category":0,"footnotes":""},"categories":[20,28,21],"tags":[1479,32],"class_list":["post-15977","post","type-post","status-publish","format-standard","has-post-thumbnail","hentry","category-informacje","category-wiadomosci","category-wypadki-przypadki","tag-lubuska-policja","tag-powiat-zarski"],"_links":{"self":[{"href":"https:\/\/moja24.pl\/index.php\/wp-json\/wp\/v2\/posts\/15977","targetHints":{"allow":["GET"]}}],"collection":[{"href":"https:\/\/moja24.pl\/index.php\/wp-json\/wp\/v2\/posts"}],"about":[{"href":"https:\/\/moja24.pl\/index.php\/wp-json\/wp\/v2\/types\/post"}],"author":[{"embeddable":true,"href":"https:\/\/moja24.pl\/index.php\/wp-json\/wp\/v2\/users\/4"}],"replies":[{"embeddable":true,"href":"https:\/\/moja24.pl\/index.php\/wp-json\/wp\/v2\/comments?post=15977"}],"version-history":[{"count":1,"href":"https:\/\/moja24.pl\/index.php\/wp-json\/wp\/v2\/posts\/15977\/revisions"}],"predecessor-version":[{"id":15979,"href":"https:\/\/moja24.pl\/index.php\/wp-json\/wp\/v2\/posts\/15977\/revisions\/15979"}],"wp:featuredmedia":[{"embeddable":true,"href":"https:\/\/moja24.pl\/index.php\/wp-json\/wp\/v2\/media\/15978"}],"wp:attachment":[{"href":"https:\/\/moja24.pl\/index.php\/wp-json\/wp\/v2\/media?parent=15977"}],"wp:term":[{"taxonomy":"category","embeddable":true,"href":"https:\/\/moja24.pl\/index.php\/wp-json\/wp\/v2\/categories?post=15977"},{"taxonomy":"post_tag","embeddable":true,"href":"https:\/\/moja24.pl\/index.php\/wp-json\/wp\/v2\/tags?post=15977"}],"curies":[{"name":"wp","href":"https:\/\/api.w.org\/{rel}","templated":true}]}}