{"id":15980,"date":"2020-10-16T13:18:59","date_gmt":"2020-10-16T11:18:59","guid":{"rendered":"http:\/\/moja24.pl\/?p=15980"},"modified":"2021-01-07T13:21:42","modified_gmt":"2021-01-07T12:21:42","slug":"wystawa-w-lunie","status":"publish","type":"post","link":"https:\/\/moja24.pl\/index.php\/2020\/10\/16\/wystawa-w-lunie\/","title":{"rendered":"Wystawa w Lunie"},"content":{"rendered":"<p><strong>\u017bARY | Zako\u0144czy\u0142y si\u0119 29. Mi\u0119dzynarodowe Plenerowe Spotkania ze Sztuk\u0105 \u017b\u2019Art 2020.<\/strong><\/p>\n<p>Tegoroczne, ze wzgl\u0119du na sytuacj\u0119 epidemiczn\u0105, nieco inne, z mniejszym rozmachem, ni\u017c w latach ubieg\u0142ych. Niemniej jednak, mieszka\u0144cy \u017bar i okolic mieli okazj\u0119 uczestniczy\u0107 w kilku ciekawych wydarzeniach kulturalnych.<\/p>\n<p>Ostatni\u0105 pozycj\u0105 programu by\u0142o spotkanie ze znanym re\u017cyserem i scenografem Leszkiem M\u0105dzikiem, po\u0142\u0105czone z projekcj\u0105 filmu \u201eOkno Pami\u0119ci\u201d oraz wernisa\u017cem wystawy fotograficznej. Wydarzenie zosta\u0142o zorganizowane 9 pa\u017adziernika w \u017carskiej Lunie. Wybitny tw\u00f3rca polskiego teatru uhonorowany zosta\u0142 medalem pami\u0105tkowym, kt\u00f3ry wr\u0119czy\u0142 mu wiceburmistrz \u017bar Olaf Napi\u00f3rkowski. Wystawa fotografii Leszka M\u0105dzika pozostanie<br \/>\nw Ma\u0142ej Galerii \u017carskiej Luny przy ulicy Okrzei 35 a\u017c do ko\u0144ca grudnia tego roku.<br \/>\nW przysz\u0142ym roku \u017carskie spotkania ze sztuk\u0105 obchodzi\u0107 b\u0119d\u0105 sw\u00f3j jubileusz trzydziestolecia. Trudno dzi\u015b jeszcze planowa\u0107, jak\u0105 przybior\u0105 form\u0119.<\/p>\n<p>&#8211; Mam nadziej\u0119, \u017ce w 2021 roku jubileuszowe 30. \u017bART Mi\u0119dzynarodowe Plenerowe Spotkania ze Sztuk\u0105, odb\u0119d\u0105 si\u0119 w pe\u0142nym artystycznym wyrazie, uwzgl\u0119dniaj\u0105cym r\u00f3\u017cne dyscypliny sztuki, satysfakcjonuj\u0105cym mieszka\u0144c\u00f3w miasta \u017bary, przyzwyczajonych do wysokiej kultury w przestrzeniach naszego miasta &#8211; podsumowa\u0142 dyrektor \u017barskiego Domu Kultury Roman Krzywotulski. <strong>ATB<\/strong><\/p>\n","protected":false},"excerpt":{"rendered":"<p>\u017bARY | Zako\u0144czy\u0142y si\u0119 29. Mi\u0119dzynarodowe Plenerowe Spotkania ze Sztuk\u0105 \u017b\u2019Art 2020. Tegoroczne, ze wzgl\u0119du na sytuacj\u0119 epidemiczn\u0105, nieco inne, z mniejszym rozmachem, ni\u017c w latach ubieg\u0142ych. Niemniej jednak, mieszka\u0144cy \u017bar i okolic mieli okazj\u0119 uczestniczy\u0107 w kilku ciekawych wydarzeniach kulturalnych. Ostatni\u0105 pozycj\u0105 programu by\u0142o spotkanie ze znanym re\u017cyserem i scenografem Leszkiem M\u0105dzikiem, po\u0142\u0105czone z [&hellip;]<\/p>\n","protected":false},"author":4,"featured_media":15981,"comment_status":"closed","ping_status":"closed","sticky":false,"template":"","format":"standard","meta":{"_monsterinsights_skip_tracking":false,"_monsterinsights_sitenote_active":false,"_monsterinsights_sitenote_note":"","_monsterinsights_sitenote_category":0,"footnotes":""},"categories":[20,25,28],"tags":[2131,785,66,169],"class_list":["post-15980","post","type-post","status-publish","format-standard","has-post-thumbnail","hentry","category-informacje","category-kultura-i-rozrywka","category-wiadomosci","tag-leszek-madzik","tag-roman-krzywotulski","tag-zary","tag-zdk"],"_links":{"self":[{"href":"https:\/\/moja24.pl\/index.php\/wp-json\/wp\/v2\/posts\/15980","targetHints":{"allow":["GET"]}}],"collection":[{"href":"https:\/\/moja24.pl\/index.php\/wp-json\/wp\/v2\/posts"}],"about":[{"href":"https:\/\/moja24.pl\/index.php\/wp-json\/wp\/v2\/types\/post"}],"author":[{"embeddable":true,"href":"https:\/\/moja24.pl\/index.php\/wp-json\/wp\/v2\/users\/4"}],"replies":[{"embeddable":true,"href":"https:\/\/moja24.pl\/index.php\/wp-json\/wp\/v2\/comments?post=15980"}],"version-history":[{"count":1,"href":"https:\/\/moja24.pl\/index.php\/wp-json\/wp\/v2\/posts\/15980\/revisions"}],"predecessor-version":[{"id":15982,"href":"https:\/\/moja24.pl\/index.php\/wp-json\/wp\/v2\/posts\/15980\/revisions\/15982"}],"wp:featuredmedia":[{"embeddable":true,"href":"https:\/\/moja24.pl\/index.php\/wp-json\/wp\/v2\/media\/15981"}],"wp:attachment":[{"href":"https:\/\/moja24.pl\/index.php\/wp-json\/wp\/v2\/media?parent=15980"}],"wp:term":[{"taxonomy":"category","embeddable":true,"href":"https:\/\/moja24.pl\/index.php\/wp-json\/wp\/v2\/categories?post=15980"},{"taxonomy":"post_tag","embeddable":true,"href":"https:\/\/moja24.pl\/index.php\/wp-json\/wp\/v2\/tags?post=15980"}],"curies":[{"name":"wp","href":"https:\/\/api.w.org\/{rel}","templated":true}]}}