{"id":15997,"date":"2020-10-16T13:37:58","date_gmt":"2020-10-16T11:37:58","guid":{"rendered":"http:\/\/moja24.pl\/?p=15997"},"modified":"2021-01-07T13:39:34","modified_gmt":"2021-01-07T12:39:34","slug":"lekkie-medale","status":"publish","type":"post","link":"https:\/\/moja24.pl\/index.php\/2020\/10\/16\/lekkie-medale\/","title":{"rendered":"Lekkie medale"},"content":{"rendered":"<p><strong>LEKKOATLETYKA | W ubieg\u0142ym tygodniu w Zielonej G\u00f3rze i w S\u0142ubicach odby\u0142y si\u0119 Mistrzostwa Wojew\u00f3dztwa Lubuskiego U14, U16, U18 i U20.<\/strong><\/p>\n<p>W tym roku ze wzgl\u0119du na koronawirusa wiele szk\u00f3\u0142 zrezygnowa\u0142o z udzia\u0142u w Lubuskiej Olimpiadzie M\u0142odzie\u017cy. W Zielonej G\u00f3rze jedyn\u0105 nasz\u0105 reprezentantk\u0105 by\u0142a Ada Wasilewskia, kt\u00f3ra zaj\u0119\u0142a 3. miejsce w biegu na 300 m \u2013 48,35 s. W S\u0142ubicach w\u015br\u00f3d junior\u00f3w m\u0142odszych wyst\u0105pili: Natalia Gielicz zdoby\u0142a z\u0142oty medal w biegu na 200 m \u2013 28,54 s, i srebrny w biegu na 100 m \u2013 13,58 s, natomiast Marcin Jung wygra\u0142 skok wzwy\u017c z wynikiem 1,78 m i r\u00f3wnie\u017c najlepszy okaza\u0142 si\u0119 w biegu na 200 m. -24,01 s. W\u015br\u00f3d m\u0142odzik\u00f3w Jakub Szako\u0142a zwyci\u0119\u017cy\u0142 w biegu na 100 m z bardzo dobrym wynikiem 11,49 s, by\u0142 on te\u017c trzeci w biegu na 300 m. \u2013 40,78 s.<br \/>\nFabian De\u0107 triumfowa\u0142 natomiast w biegu na 300 m z wynikiem 39,24 i by\u0142 drugi na 100 m 12,05 s., a zatem w dw\u00f3ch biegach, dwie \u017cyci\u00f3wki. Emilia Fabiszewska zdoby\u0142a z\u0142oty medal w samotnym biegu na 1000 m z czasem 3,28,07 s. Laura Nowacka r\u00f3wnie\u017c by\u0142a najlepsza, ale w biegu na 600 m \u2013 1,58,90 s. Oliwia Szyma\u0144ska w biegu na 100 m wywalczy\u0142a srebrny medal z czasem 13,37 s. Dziewcz\u0119ta biegn\u0105ce w sztafecie 4&#215;100 m ze SP nr 8 zdoby\u0142y srebrne medale &#8211; Ficygowska, Morawska, Marciniak, Naskrent &#8211; 57,63 s.<\/p>\n<p style=\"text-align: right;\"><strong>ATB (\u017ar\u00f3d\u0142o: Agros \u017bary)<\/strong><\/p>\n","protected":false},"excerpt":{"rendered":"<p>LEKKOATLETYKA | W ubieg\u0142ym tygodniu w Zielonej G\u00f3rze i w S\u0142ubicach odby\u0142y si\u0119 Mistrzostwa Wojew\u00f3dztwa Lubuskiego U14, U16, U18 i U20. W tym roku ze wzgl\u0119du na koronawirusa wiele szk\u00f3\u0142 zrezygnowa\u0142o z udzia\u0142u w Lubuskiej Olimpiadzie M\u0142odzie\u017cy. W Zielonej G\u00f3rze jedyn\u0105 nasz\u0105 reprezentantk\u0105 by\u0142a Ada Wasilewskia, kt\u00f3ra zaj\u0119\u0142a 3. miejsce w biegu na 300 m [&hellip;]<\/p>\n","protected":false},"author":4,"featured_media":15994,"comment_status":"closed","ping_status":"closed","sticky":false,"template":"","format":"standard","meta":{"_monsterinsights_skip_tracking":false,"_monsterinsights_sitenote_active":false,"_monsterinsights_sitenote_note":"","_monsterinsights_sitenote_category":0,"footnotes":""},"categories":[1],"tags":[346,1065,66],"class_list":["post-15997","post","type-post","status-publish","format-standard","has-post-thumbnail","hentry","category-bez-kategorii","tag-agros","tag-lekkoatletyka","tag-zary"],"_links":{"self":[{"href":"https:\/\/moja24.pl\/index.php\/wp-json\/wp\/v2\/posts\/15997","targetHints":{"allow":["GET"]}}],"collection":[{"href":"https:\/\/moja24.pl\/index.php\/wp-json\/wp\/v2\/posts"}],"about":[{"href":"https:\/\/moja24.pl\/index.php\/wp-json\/wp\/v2\/types\/post"}],"author":[{"embeddable":true,"href":"https:\/\/moja24.pl\/index.php\/wp-json\/wp\/v2\/users\/4"}],"replies":[{"embeddable":true,"href":"https:\/\/moja24.pl\/index.php\/wp-json\/wp\/v2\/comments?post=15997"}],"version-history":[{"count":1,"href":"https:\/\/moja24.pl\/index.php\/wp-json\/wp\/v2\/posts\/15997\/revisions"}],"predecessor-version":[{"id":15998,"href":"https:\/\/moja24.pl\/index.php\/wp-json\/wp\/v2\/posts\/15997\/revisions\/15998"}],"wp:featuredmedia":[{"embeddable":true,"href":"https:\/\/moja24.pl\/index.php\/wp-json\/wp\/v2\/media\/15994"}],"wp:attachment":[{"href":"https:\/\/moja24.pl\/index.php\/wp-json\/wp\/v2\/media?parent=15997"}],"wp:term":[{"taxonomy":"category","embeddable":true,"href":"https:\/\/moja24.pl\/index.php\/wp-json\/wp\/v2\/categories?post=15997"},{"taxonomy":"post_tag","embeddable":true,"href":"https:\/\/moja24.pl\/index.php\/wp-json\/wp\/v2\/tags?post=15997"}],"curies":[{"name":"wp","href":"https:\/\/api.w.org\/{rel}","templated":true}]}}