{"id":16041,"date":"2020-11-06T18:23:35","date_gmt":"2020-11-06T17:23:35","guid":{"rendered":"http:\/\/moja24.pl\/?p=16041"},"modified":"2021-01-07T18:31:16","modified_gmt":"2021-01-07T17:31:16","slug":"nowoczesna-i-coraz-bardziej-potrzebna-pomoc-spoleczna","status":"publish","type":"post","link":"https:\/\/moja24.pl\/index.php\/2020\/11\/06\/nowoczesna-i-coraz-bardziej-potrzebna-pomoc-spoleczna\/","title":{"rendered":"Nowoczesna i coraz bardziej potrzebna pomoc spo\u0142eczna"},"content":{"rendered":"<p><strong>\u017bARY | Ko\u0144czy si\u0119 drugi etap prac polegaj\u0105cych na dostosowaniu budynku po szkole przy ul. Parkowej do potrzeb Miejskiego O\u015brodka Pomocy Spo\u0142ecznej.<\/strong><\/p>\n<p>Prace podzielono na trzy etapy. Zaplanowano, aby wszystkie us\u0142ugi, jakie oferuje MOPS, skupi\u0107 w jednym miejscu. W wyniku reformy o\u015bwiatowej i likwidacji gimnazj\u00f3w, Szko\u0142a Podstawowa nr 3, wchodz\u0105ca w sk\u0142ad Zespo\u0142u Szkolno-Przedszkolnego, zosta\u0142a przeniesiona do lepszej siedziby przy ul. Broni Pancernej, gdzie wcze\u015bniej funkcjonowa\u0142o Gimnazjum nr 2. Do zagospodarowania zosta\u0142 wi\u0119c budynek w \u015bcis\u0142ym centrum miasta, o dobrej infrastrukturze i po\u0142o\u017ceniu, ale troch\u0119 zaniedbany.<\/p>\n<p>&#8211; Widzimy potrzeb\u0119 zmiany nastawienia pomocy spo\u0142ecznej do kierunk\u00f3w, w jakich zmienia si\u0119 nasze spo\u0142ecze\u0144stwo i chodzi tu przede wszystkim o demografi\u0119, czyli tendencj\u0119 do starzenia si\u0119 spo\u0142ecze\u0144stwa &#8211; m\u00f3wi wiceburmistrz \u017bar Olaf Napi\u00f3rkowski. &#8211; Zgodnie z prognozami statystycznymi, w 2050 roku b\u0119dzie w Polsce a\u017c oko\u0142o 30 procent os\u00f3b powy\u017cej 65. roku \u017cycia, niestety te\u017c b\u0119dziemy najstarszym spo\u0142ecze\u0144stwem w Unii Europejskiej.<\/p>\n<p>Do tej pory zazwyczaj Miejski O\u015brodek Pomocy Spo\u0142ecznej kojarzy\u0142 si\u0119 z instytucj\u0105 stworzon\u0105 do pomagania biednym. Ta instytucja b\u0119dzie jednak w coraz wi\u0119kszym stopniu zajmowa\u0107 si\u0119 pomoc\u0105 ludziom starszym w ich codziennym funkcjonowaniu.<\/p>\n<p>&#8211; Robimy to ju\u017c od jakiego\u015b czasu, a te zmiany lokalowe maj\u0105 w tym pom\u00f3c &#8211; m\u00f3wi Olaf Napi\u00f3rkowski. &#8211; W pierwszym etapie przenie\u015bli\u015bmy na ul. Parkow\u0105 Dzienny Dom Wsparcia, kt\u00f3ry z dwiema innymi instytucjami &#8211; \u015arodowiskowym Domem Samopomocy i Warsztatami Terapii Zaj\u0119ciowej &#8211; mie\u015bci\u0142 si\u0119 wcze\u015bniej w budynku dawnego przedszkola przy ul. Bohater\u00f3w Getta. Tam ju\u017c brakowa\u0142o miejsca. Robimy obecnie remont i polepszymy te warunki. Dzienny Dom Wsparcia, kt\u00f3ry obecnie nazywa si\u0119 Senior+, funkcjonuje ju\u017c od roku przy ul. Parkowej. My\u015bl\u0119, \u017ce nasi seniorzy maj\u0105 tam znacznie lepsze warunki. Mamy te\u017c w tym budynku sal\u0119 gimnastyczn\u0105, przy wykorzystaniu kt\u00f3rej b\u0119dziemy chcieli prowadzi\u0107 ca\u0142y szereg zaj\u0119\u0107 ruchowych dla senior\u00f3w. Niekoniecznie tylko dla tych os\u00f3b, kt\u00f3re otrzymuj\u0105 pomoc z MOPS-u. Prowadzone tam te\u017c b\u0119d\u0105 r\u00f3\u017cne szkolenia, kursy, czy spotkania w formie pogadanek, kt\u00f3re maj\u0105 pomaga\u0107 osobom starszym w codziennym funkcjonowaniu w spo\u0142ecze\u0144stwie &#8211; wyja\u015bnia Olaf Napi\u00f3rkowski.<\/p>\n<p>Ko\u0144czony obecnie drugi etap prac przy ul. Parkowej polega na dostosowaniu obiektu do potrzeb os\u00f3b niepe\u0142nosprawnych. Wykonano podjazdy, windy, toalety. Uruchomiona zostanie te\u017c cz\u0119\u015b\u0107 obiektu zwi\u0105zana z prowadzeniem sto\u0142\u00f3wki dla os\u00f3b ubogich. Od przysz\u0142ego roku zostanie ona przeniesiona z ul. Okrzei na Parkow\u0105. B\u0119dzie tu te\u017c wypo\u017cyczalnia sprz\u0119tu rehabilitacyjnego.<\/p>\n<p>R\u00f3wnie\u017c w przysz\u0142ym roku do nowej siedziby przeniesie si\u0119 filia MOPS, znajduj\u0105ca si\u0119 dzi\u015b przy ul. Okrzei. Wraz z tym, opuszczony budynek przy ul. Okrzei najprawdopodobniej zostanie wyznaczony do sprzeda\u017cy.<\/p>\n<p>Trzeci etap to przeniesienie g\u0142\u00f3wnej obecnie siedziby Miejskiego O\u015brodka Pomocy Spo\u0142ecznej z ulicy Doma\u0144skiego na Parkow\u0105. Zgodnie z za\u0142o\u017ceniami ca\u0142ego projektu ma to nast\u0105pi\u0107 w 2022 roku.<\/p>\n<p>&#8211; To bardzo du\u017cy projekt, na kt\u00f3ry staramy si\u0119 pozyskiwa\u0107 \u015brodki zewn\u0119trzne &#8211; m\u00f3wi Olaf Napi\u00f3rkowski. &#8211; Do tej pory uda\u0142o nam si\u0119 uzyska\u0107 dofinansowanie z Pa\u0144stwowego Funduszu Rehabilitacji Os\u00f3b Niepe\u0142nosprawnych, a tak\u017ce z funduszy wojewody.<\/p>\n<p style=\"text-align: right;\"><strong>Andrzej Buczy\u0144ski<\/strong><\/p>\n<figure id=\"attachment_16043\" aria-describedby=\"caption-attachment-16043\" style=\"width: 640px\" class=\"wp-caption aligncenter\"><img loading=\"lazy\" decoding=\"async\" class=\"size-large wp-image-16043\" src=\"http:\/\/moja24.pl\/wp-content\/uploads\/2021\/01\/20201106a-1024x683.jpg\" alt=\"\" width=\"640\" height=\"427\" srcset=\"https:\/\/moja24.pl\/wp-content\/uploads\/2021\/01\/20201106a-1024x683.jpg 1024w, https:\/\/moja24.pl\/wp-content\/uploads\/2021\/01\/20201106a-300x200.jpg 300w, https:\/\/moja24.pl\/wp-content\/uploads\/2021\/01\/20201106a-768x512.jpg 768w, https:\/\/moja24.pl\/wp-content\/uploads\/2021\/01\/20201106a-1536x1024.jpg 1536w, https:\/\/moja24.pl\/wp-content\/uploads\/2021\/01\/20201106a-696x464.jpg 696w, https:\/\/moja24.pl\/wp-content\/uploads\/2021\/01\/20201106a-1068x712.jpg 1068w, https:\/\/moja24.pl\/wp-content\/uploads\/2021\/01\/20201106a-630x420.jpg 630w, https:\/\/moja24.pl\/wp-content\/uploads\/2021\/01\/20201106a-450x300.jpg 450w, https:\/\/moja24.pl\/wp-content\/uploads\/2021\/01\/20201106a.jpg 1944w\" sizes=\"auto, (max-width: 640px) 100vw, 640px\" \/><figcaption id=\"caption-attachment-16043\" class=\"wp-caption-text\">fot. UM \u017bary<\/figcaption><\/figure>\n","protected":false},"excerpt":{"rendered":"<p>\u017bARY | Ko\u0144czy si\u0119 drugi etap prac polegaj\u0105cych na dostosowaniu budynku po szkole przy ul. Parkowej do potrzeb Miejskiego O\u015brodka Pomocy Spo\u0142ecznej. Prace podzielono na trzy etapy. Zaplanowano, aby wszystkie us\u0142ugi, jakie oferuje MOPS, skupi\u0107 w jednym miejscu. W wyniku reformy o\u015bwiatowej i likwidacji gimnazj\u00f3w, Szko\u0142a Podstawowa nr 3, wchodz\u0105ca w sk\u0142ad Zespo\u0142u Szkolno-Przedszkolnego, zosta\u0142a [&hellip;]<\/p>\n","protected":false},"author":4,"featured_media":16042,"comment_status":"closed","ping_status":"closed","sticky":false,"template":"","format":"standard","meta":{"_monsterinsights_skip_tracking":false,"_monsterinsights_sitenote_active":false,"_monsterinsights_sitenote_note":"","_monsterinsights_sitenote_category":0,"footnotes":""},"categories":[20,28],"tags":[2136,87,66],"class_list":["post-16041","post","type-post","status-publish","format-standard","has-post-thumbnail","hentry","category-informacje","category-wiadomosci","tag-mops","tag-olaf-napiorkowski","tag-zary"],"_links":{"self":[{"href":"https:\/\/moja24.pl\/index.php\/wp-json\/wp\/v2\/posts\/16041","targetHints":{"allow":["GET"]}}],"collection":[{"href":"https:\/\/moja24.pl\/index.php\/wp-json\/wp\/v2\/posts"}],"about":[{"href":"https:\/\/moja24.pl\/index.php\/wp-json\/wp\/v2\/types\/post"}],"author":[{"embeddable":true,"href":"https:\/\/moja24.pl\/index.php\/wp-json\/wp\/v2\/users\/4"}],"replies":[{"embeddable":true,"href":"https:\/\/moja24.pl\/index.php\/wp-json\/wp\/v2\/comments?post=16041"}],"version-history":[{"count":1,"href":"https:\/\/moja24.pl\/index.php\/wp-json\/wp\/v2\/posts\/16041\/revisions"}],"predecessor-version":[{"id":16044,"href":"https:\/\/moja24.pl\/index.php\/wp-json\/wp\/v2\/posts\/16041\/revisions\/16044"}],"wp:featuredmedia":[{"embeddable":true,"href":"https:\/\/moja24.pl\/index.php\/wp-json\/wp\/v2\/media\/16042"}],"wp:attachment":[{"href":"https:\/\/moja24.pl\/index.php\/wp-json\/wp\/v2\/media?parent=16041"}],"wp:term":[{"taxonomy":"category","embeddable":true,"href":"https:\/\/moja24.pl\/index.php\/wp-json\/wp\/v2\/categories?post=16041"},{"taxonomy":"post_tag","embeddable":true,"href":"https:\/\/moja24.pl\/index.php\/wp-json\/wp\/v2\/tags?post=16041"}],"curies":[{"name":"wp","href":"https:\/\/api.w.org\/{rel}","templated":true}]}}