{"id":16045,"date":"2020-11-06T18:30:52","date_gmt":"2020-11-06T17:30:52","guid":{"rendered":"http:\/\/moja24.pl\/?p=16045"},"modified":"2021-01-07T18:34:35","modified_gmt":"2021-01-07T17:34:35","slug":"skuteczni-w-zatrzymywaniu-poszukiwanych","status":"publish","type":"post","link":"https:\/\/moja24.pl\/index.php\/2020\/11\/06\/skuteczni-w-zatrzymywaniu-poszukiwanych\/","title":{"rendered":"Skuteczni w zatrzymywaniu poszukiwanych"},"content":{"rendered":"<p><strong>POWIAT \u017bARSKI | W \u015brod\u0119 policjanci z \u017carskiej komendy podj\u0119li skuteczne dzia\u0142ania w wyniku, kt\u00f3rych ujawnili pi\u0119\u0107 os\u00f3b ukrywaj\u0105cych si\u0119 przed wymiarem sprawiedliwo\u015bci. Dw\u00f3ch zatrzymanych na ponad rok trafi\u0142o do zak\u0142adu karnego.<\/strong><\/p>\n<p>\u017barscy funkcjonariusze oraz policjanci z lubskiego komisariatu w \u015brod\u0119, 4 listopada, zatrzymali 5 os\u00f3b, kt\u00f3re by\u0142y poszukiwane nakazami doprowadzenia przez S\u0105d. Do\u015bwiadczenie oraz zaanga\u017cowanie policjant\u00f3w w po\u0142\u0105czeniu z szeregiem czynno\u015bci<br \/>\ni ustale\u0144 gwarantuje skuteczno\u015b\u0107 w tym wzgl\u0119dzie. Dzi\u0119ki funkcjonariuszom poszukiwani, kt\u00f3rzy ukrywaj\u0105 si\u0119 przed wymiarem sprawiedliwo\u015bci trafiaj\u0105 za kraty.<br \/>\nTak by\u0142o mi\u0119dzy innymi w przypadku dw\u00f3ch m\u0119\u017cczyzn zatrzymanych w \u015brod\u0119. 47-letni mieszkaniec Lubska poszukiwany nakazem doprowadzenia wydanym przez S\u0105d Rejonowy<br \/>\nw \u017barach na p\u00f3\u0142tora roku trafi\u0142 do zak\u0142adu karnego za pope\u0142nione wcze\u015bniej przest\u0119pstwo<br \/>\nz artyku\u0142u 284 kodeksu karnego, to jest przyw\u0142aszczenie rzeczy. Wolno\u015bci\u0105 przez ponad rok nie nacieszy si\u0119 tak\u017ce zatrzymany w \u015brod\u0119 53-letni mieszkaniec powiatu \u017carskiego, kt\u00f3ry zosta\u0142 doprowadzony do zak\u0142adu karnego. Za kratami posiedzi za kradzie\u017c.<\/p>\n<p style=\"text-align: right;\"><strong>kom. Aneta Berestecka<\/strong><\/p>\n","protected":false},"excerpt":{"rendered":"<p>POWIAT \u017bARSKI | W \u015brod\u0119 policjanci z \u017carskiej komendy podj\u0119li skuteczne dzia\u0142ania w wyniku, kt\u00f3rych ujawnili pi\u0119\u0107 os\u00f3b ukrywaj\u0105cych si\u0119 przed wymiarem sprawiedliwo\u015bci. Dw\u00f3ch zatrzymanych na ponad rok trafi\u0142o do zak\u0142adu karnego. \u017barscy funkcjonariusze oraz policjanci z lubskiego komisariatu w \u015brod\u0119, 4 listopada, zatrzymali 5 os\u00f3b, kt\u00f3re by\u0142y poszukiwane nakazami doprowadzenia przez S\u0105d. Do\u015bwiadczenie oraz [&hellip;]<\/p>\n","protected":false},"author":4,"featured_media":16047,"comment_status":"closed","ping_status":"closed","sticky":false,"template":"","format":"standard","meta":{"_monsterinsights_skip_tracking":false,"_monsterinsights_sitenote_active":false,"_monsterinsights_sitenote_note":"","_monsterinsights_sitenote_category":0,"footnotes":""},"categories":[20,28,21],"tags":[1119,32],"class_list":["post-16045","post","type-post","status-publish","format-standard","has-post-thumbnail","hentry","category-informacje","category-wiadomosci","category-wypadki-przypadki","tag-policja","tag-powiat-zarski"],"_links":{"self":[{"href":"https:\/\/moja24.pl\/index.php\/wp-json\/wp\/v2\/posts\/16045","targetHints":{"allow":["GET"]}}],"collection":[{"href":"https:\/\/moja24.pl\/index.php\/wp-json\/wp\/v2\/posts"}],"about":[{"href":"https:\/\/moja24.pl\/index.php\/wp-json\/wp\/v2\/types\/post"}],"author":[{"embeddable":true,"href":"https:\/\/moja24.pl\/index.php\/wp-json\/wp\/v2\/users\/4"}],"replies":[{"embeddable":true,"href":"https:\/\/moja24.pl\/index.php\/wp-json\/wp\/v2\/comments?post=16045"}],"version-history":[{"count":1,"href":"https:\/\/moja24.pl\/index.php\/wp-json\/wp\/v2\/posts\/16045\/revisions"}],"predecessor-version":[{"id":16048,"href":"https:\/\/moja24.pl\/index.php\/wp-json\/wp\/v2\/posts\/16045\/revisions\/16048"}],"wp:featuredmedia":[{"embeddable":true,"href":"https:\/\/moja24.pl\/index.php\/wp-json\/wp\/v2\/media\/16047"}],"wp:attachment":[{"href":"https:\/\/moja24.pl\/index.php\/wp-json\/wp\/v2\/media?parent=16045"}],"wp:term":[{"taxonomy":"category","embeddable":true,"href":"https:\/\/moja24.pl\/index.php\/wp-json\/wp\/v2\/categories?post=16045"},{"taxonomy":"post_tag","embeddable":true,"href":"https:\/\/moja24.pl\/index.php\/wp-json\/wp\/v2\/tags?post=16045"}],"curies":[{"name":"wp","href":"https:\/\/api.w.org\/{rel}","templated":true}]}}