{"id":16248,"date":"2020-12-04T23:48:35","date_gmt":"2020-12-04T22:48:35","guid":{"rendered":"http:\/\/moja24.pl\/?p=16248"},"modified":"2021-01-08T00:03:20","modified_gmt":"2021-01-07T23:03:20","slug":"medalowy-weekend-zarskiego-agrosu","status":"publish","type":"post","link":"https:\/\/moja24.pl\/index.php\/2020\/12\/04\/medalowy-weekend-zarskiego-agrosu\/","title":{"rendered":"Medalowy weekend \u017carskiego Agrosu"},"content":{"rendered":"<p><strong>ZAPASY | To by\u0142 pracowity weekend w wykonaniu zapa\u015bnik\u00f3w \u017carskiego Agrosu. W dniach 27-29 listopada \u017carscy zapa\u015bnicy rywalizowali o medale na trzech turniejach.<\/strong><\/p>\n<p>Jako, \u017ce kobietom nale\u017cy si\u0119 pierwsze\u0144stwo relacj\u0119 z zawod\u00f3w rozpoczniemy od startu dziewcz\u0105t w Turnieju \u201eNadziei olimpijskich\u201d w Czarnym Borze. Podopieczne trener Julii Gronkowskiej w swoim kolejnym starcie pokaza\u0142y, \u017ce zawsze mo\u017cemy liczy\u0107 na dobre zapasy w ich wykonaniu.<\/p>\n<p>Wracaj\u0105ca do formy Nikola Drozdek zwyci\u0119\u017cy\u0142a w kategorii wagowej do 53 kg kadetek.<br \/>\nW finale pokona\u0142a aktualn\u0105 mistrzyni\u0119 Polski Monik\u0119 Dadas (Cement Gryf Che\u0142m). Nikola zasygnalizowa\u0142a, \u017ce ju\u017c w przysz\u0142ym sezonie walczy\u0107 b\u0119dzie o najwy\u017csze laury nie tylko na krajowej arenie. Kolejny medal \u017carskich kadetek, to srebro w kategorii wagowej do 43 kg Martyny Gabryl. Martyna to ju\u017c uznana zapa\u015bnicza \u201efirma\u201d. Pora\u017cka w walce z Wiktori\u0105 Kamel\u0105 (Cement Gryf Che\u0142m) zostanie nale\u017cycie przeanalizowana i kolejny pojedynek z t\u0105 zawodniczk\u0105 rozstrzygni\u0119ty zostanie na korzy\u015b\u0107 Martyny. W przysz\u0142ym roku Martyna Gabryl ma szans\u0119 dokona\u0107 nie lada wyczynu i zosta\u0107 trzykrotn\u0105 zwyci\u0119\u017cczyni\u0105 Og\u00f3lnopolskiej Olimpiady M\u0142odzie\u017cy. Walcz\u0105ca w kategorii wagowej do 49 kg Wiktoria Niewrz\u0119dowska zaj\u0119\u0142a pi\u0105te miejsce tocz\u0105c dobre pojedynki. Wiktoria na pewno nie powiedzia\u0142a ostatniego s\u0142owa, a zdobyte do\u015bwiadczenia z turnieju w Czarnym Borze b\u0119d\u0105 procentowa\u0107 w przysz\u0142o\u015bci. Ze z\u0142otem turnieju \u201eNadziei olimpijskich\u201d wr\u00f3ci do \u017bar , walcz\u0105ca w kategorii seniorek Oliwia Charchalis. Oliwia w spos\u00f3b zdecydowany i pewny zdominowa\u0142a swoje rywalki w kategorii wagowej do 50 kg.<\/p>\n<p>Powody do zadowolenia maj\u0105 r\u00f3wnie\u017c kadeci i m\u0142odzie\u017cowcy uczestnicz\u0105cy w Mistrzostwach Polski Zrzeszenia LZS. W dniach 27-29 listopada Siedlce go\u015bci\u0142y m\u0142odzik\u00f3w, kadet\u00f3w<br \/>\ni m\u0142odzie\u017cowc\u00f3w stylu klasycznego w zapasach. \u017barski Agros reprezentowany by\u0142 w ka\u017cdej z tych kategorii wiekowych. Debiutuj\u0105cy w tych zawodach w roli trenera ekipy Kamil Nowak, ma powody do zadowolenia. Ekipa wraca z medalami w ka\u017cdej kategorii wiekowej. Zawodnicy stoczyli dobre walki i w ka\u017cdej z nich, jak podkre\u015bla Kamil Nowak, zostawili serce na macie. S\u0142owa podzi\u0119kowa\u0144 nale\u017c\u0105 si\u0119 Sebastianowi B\u0142aszczykowi wspieraj\u0105cemu nasz\u0105 ekip\u0119 podczas zawod\u00f3w.<\/p>\n<figure id=\"attachment_16249\" aria-describedby=\"caption-attachment-16249\" style=\"width: 640px\" class=\"wp-caption aligncenter\"><img loading=\"lazy\" decoding=\"async\" class=\"size-large wp-image-16249\" src=\"http:\/\/moja24.pl\/wp-content\/uploads\/2021\/01\/20201204Bez-nazwy-5-1024x682.jpg\" alt=\"\" width=\"640\" height=\"426\" srcset=\"https:\/\/moja24.pl\/wp-content\/uploads\/2021\/01\/20201204Bez-nazwy-5-1024x682.jpg 1024w, https:\/\/moja24.pl\/wp-content\/uploads\/2021\/01\/20201204Bez-nazwy-5-300x200.jpg 300w, https:\/\/moja24.pl\/wp-content\/uploads\/2021\/01\/20201204Bez-nazwy-5-768x512.jpg 768w, https:\/\/moja24.pl\/wp-content\/uploads\/2021\/01\/20201204Bez-nazwy-5-696x464.jpg 696w, https:\/\/moja24.pl\/wp-content\/uploads\/2021\/01\/20201204Bez-nazwy-5-1068x712.jpg 1068w, https:\/\/moja24.pl\/wp-content\/uploads\/2021\/01\/20201204Bez-nazwy-5-630x420.jpg 630w, https:\/\/moja24.pl\/wp-content\/uploads\/2021\/01\/20201204Bez-nazwy-5-450x300.jpg 450w, https:\/\/moja24.pl\/wp-content\/uploads\/2021\/01\/20201204Bez-nazwy-5.jpg 1499w\" sizes=\"auto, (max-width: 640px) 100vw, 640px\" \/><figcaption id=\"caption-attachment-16249\" class=\"wp-caption-text\">fot. Agros \u017bary<\/figcaption><\/figure>\n<p><strong>Wyniki \u017carskich zapa\u015bnik\u00f3w w Mistrzostwach Polski Zrzeszenia LZS:<\/strong><br \/>\nM\u0142odzicy &#8211; kat. 57 kg VII m. Pawe\u0142 Liberadzki, VIII m. Kamil Szocik. Kategoria wagowa 62 kg &#8211; III m. Wiktor Terpi\u0144ski, kategoria wagowa 68 kg &#8211; III m. Wiktor B\u0142aszczyk.<br \/>\nKadeci &#8211; I miejsce w kategorii wagowej 55 kg &#8211; Gracjan Jedut, V miejsce w kategorii wagowej 65 kg &#8211; Kacper Cymbalik, I miejsce w kategorii wagowej 71 kg &#8211; Micha\u0142 Dulski.<br \/>\nM\u0142odzie\u017cowcy &#8211; I miejsce Igor Krasowski, II miejsce Kamil Nowak (obaj kat. wag. 82 kg).<br \/>\nStart m\u0142odzik\u00f3w, podopiecznych trenera Macieja Korochody w Bielawie, by\u0142 ostatnim z weekendowych start\u00f3w zapa\u015bnik\u00f3w Agrosu. Nadzieje \u017carskiego Agrosu rywalizowa\u0142y 28 listopada w IV Memoriale im. W\u0142adys\u0142awa Stolarczyka. Na starcie Memoria\u0142u stan\u0119li zawodnicy z 14. klub\u00f3w, z wojew\u00f3dztw dolno\u015bl\u0105skiego, wielkopolskiego i lubuskiego. Zawody memoria\u0142u by\u0142y jednocze\u015bnie rzutem Mi\u0119dzywojew\u00f3dzkiej Ligi dzieci i m\u0142odzik\u00f3w w zapasach. Plon startu najm\u0142odszych adept\u00f3w zapas\u00f3w \u017carskiego klubu przedstawia si\u0119 nast\u0119puj\u0105co:<br \/>\nMedale z\u0142ote: Bruno Radwa\u0144ski &#8211; 29 kg, Kacper Nowakowski &#8211; 32 kg, Damian Kaciniel &#8211; 46 kg, Kacper Pecyna &#8211; 50 kg.<br \/>\nMedale srebrne: Tomasz Ma\u015blanka &#8211; 41 kg, Hubert Mleczko &#8211; 52 kg.<br \/>\nMedale br\u0105zowe: Oskar Jedut -35 kg, Krystian Pecyna &#8211; 60 kg, Adam Drzewiecki &#8211; 50 kg<br \/>\nV miejsce wywalczy\u0142 debiutuj\u0105cy w rywalizacji mi\u0119dzywojew\u00f3dzkiej Ligi dzieci i m\u0142odzik\u00f3w Kacper Zieli\u0144ski &#8211; 50 kg. Na VII miejscu sklasyfikowani zostali Sebastian Piego\u0144ski &#8211; 46 kg i Micha\u0142 \u015aliwczy\u0144ski &#8211; 38 kg.<\/p>\n<p>Z postawy najm\u0142odszych reprezentant\u00f3w Agrosu cieszy\u0142 si\u0119 cz\u0142onek Zarz\u0105du Klubu, Mariusz B\u0142aszczyk, kt\u00f3ry aktywnie wspiera\u0142 m\u0142odych zapa\u015bnik\u00f3w podczas turnieju. Trener Maciej Korochoda start okre\u015bla jako \u201eoptymistyczny\u201d. Ch\u0142opcy zaj\u0119li pierwsze miejsce w klasyfikacji dru\u017cynowej dzieci. Udany, bowiem wielu z nich stoczy\u0142o walki na poziomie rokuj\u0105cym sportowy rozw\u00f3j. Trener podkre\u015bla, \u017ce przed m\u0142odymi wilczkami Agrosu jeszcze du\u017co pracy, kt\u00f3r\u0105 &#8211; przyzna\u0107 nale\u017cy &#8211; realizuj\u0105 zgodnie z oczekiwaniami trenera. W planach dzieci i m\u0142odzicy Agrosu maj\u0105 wsp\u00f3lne treningi z zawodnikami naszego wojew\u00f3dztwa. Cykl wsp\u00f3lnych trening\u00f3w chcemy realizowa\u0107 w Gorzowie Wielkopolskim, Kostrzynie i w Lubsku. Kolejny sprawdzian ju\u017c za tydzie\u0144 w Gorzowie Wielkopolskim.<\/p>\n<p>Trenerzy Agrosu zapraszaj\u0105 na zaj\u0119cia treningowe dla pocz\u0105tkuj\u0105cych. Informacje na temat zaj\u0119\u0107 znale\u017a\u0107 mo\u017cna na stronie MLKS Agros \u017bary na facebooku.<\/p>\n<p style=\"text-align: right;\"><strong>\u017ar\u00f3d\u0142o: Agros \u017bary<\/strong><\/p>\n<figure id=\"attachment_16250\" aria-describedby=\"caption-attachment-16250\" style=\"width: 640px\" class=\"wp-caption aligncenter\"><img loading=\"lazy\" decoding=\"async\" class=\"size-large wp-image-16250\" src=\"http:\/\/moja24.pl\/wp-content\/uploads\/2021\/01\/20201204agros1-1024x682.jpg\" alt=\"\" width=\"640\" height=\"426\" srcset=\"https:\/\/moja24.pl\/wp-content\/uploads\/2021\/01\/20201204agros1-1024x682.jpg 1024w, https:\/\/moja24.pl\/wp-content\/uploads\/2021\/01\/20201204agros1-300x200.jpg 300w, https:\/\/moja24.pl\/wp-content\/uploads\/2021\/01\/20201204agros1-768x512.jpg 768w, https:\/\/moja24.pl\/wp-content\/uploads\/2021\/01\/20201204agros1-696x464.jpg 696w, https:\/\/moja24.pl\/wp-content\/uploads\/2021\/01\/20201204agros1-1068x712.jpg 1068w, https:\/\/moja24.pl\/wp-content\/uploads\/2021\/01\/20201204agros1-630x420.jpg 630w, https:\/\/moja24.pl\/wp-content\/uploads\/2021\/01\/20201204agros1-450x300.jpg 450w, https:\/\/moja24.pl\/wp-content\/uploads\/2021\/01\/20201204agros1.jpg 1136w\" sizes=\"auto, (max-width: 640px) 100vw, 640px\" \/><figcaption id=\"caption-attachment-16250\" class=\"wp-caption-text\">fot. Agros \u017bary<\/figcaption><\/figure>\n","protected":false},"excerpt":{"rendered":"<p>ZAPASY | To by\u0142 pracowity weekend w wykonaniu zapa\u015bnik\u00f3w \u017carskiego Agrosu. W dniach 27-29 listopada \u017carscy zapa\u015bnicy rywalizowali o medale na trzech turniejach. Jako, \u017ce kobietom nale\u017cy si\u0119 pierwsze\u0144stwo relacj\u0119 z zawod\u00f3w rozpoczniemy od startu dziewcz\u0105t w Turnieju \u201eNadziei olimpijskich\u201d w Czarnym Borze. Podopieczne trener Julii Gronkowskiej w swoim kolejnym starcie pokaza\u0142y, \u017ce zawsze mo\u017cemy [&hellip;]<\/p>\n","protected":false},"author":4,"featured_media":16251,"comment_status":"closed","ping_status":"closed","sticky":false,"template":"","format":"standard","meta":{"_monsterinsights_skip_tracking":false,"_monsterinsights_sitenote_active":false,"_monsterinsights_sitenote_note":"","_monsterinsights_sitenote_category":0,"footnotes":""},"categories":[20,23,28],"tags":[346,826,1252,66],"class_list":["post-16248","post","type-post","status-publish","format-standard","has-post-thumbnail","hentry","category-informacje","category-sport","category-wiadomosci","tag-agros","tag-sporty-walki","tag-zapasy","tag-zary"],"_links":{"self":[{"href":"https:\/\/moja24.pl\/index.php\/wp-json\/wp\/v2\/posts\/16248","targetHints":{"allow":["GET"]}}],"collection":[{"href":"https:\/\/moja24.pl\/index.php\/wp-json\/wp\/v2\/posts"}],"about":[{"href":"https:\/\/moja24.pl\/index.php\/wp-json\/wp\/v2\/types\/post"}],"author":[{"embeddable":true,"href":"https:\/\/moja24.pl\/index.php\/wp-json\/wp\/v2\/users\/4"}],"replies":[{"embeddable":true,"href":"https:\/\/moja24.pl\/index.php\/wp-json\/wp\/v2\/comments?post=16248"}],"version-history":[{"count":1,"href":"https:\/\/moja24.pl\/index.php\/wp-json\/wp\/v2\/posts\/16248\/revisions"}],"predecessor-version":[{"id":16252,"href":"https:\/\/moja24.pl\/index.php\/wp-json\/wp\/v2\/posts\/16248\/revisions\/16252"}],"wp:featuredmedia":[{"embeddable":true,"href":"https:\/\/moja24.pl\/index.php\/wp-json\/wp\/v2\/media\/16251"}],"wp:attachment":[{"href":"https:\/\/moja24.pl\/index.php\/wp-json\/wp\/v2\/media?parent=16248"}],"wp:term":[{"taxonomy":"category","embeddable":true,"href":"https:\/\/moja24.pl\/index.php\/wp-json\/wp\/v2\/categories?post=16248"},{"taxonomy":"post_tag","embeddable":true,"href":"https:\/\/moja24.pl\/index.php\/wp-json\/wp\/v2\/tags?post=16248"}],"curies":[{"name":"wp","href":"https:\/\/api.w.org\/{rel}","templated":true}]}}