{"id":16271,"date":"2020-12-11T00:34:15","date_gmt":"2020-12-10T23:34:15","guid":{"rendered":"http:\/\/moja24.pl\/?p=16271"},"modified":"2021-01-08T00:40:27","modified_gmt":"2021-01-07T23:40:27","slug":"pomysly-remontowe-caly-czas-do-przodu-a-raczej-w-gore","status":"publish","type":"post","link":"https:\/\/moja24.pl\/index.php\/2020\/12\/11\/pomysly-remontowe-caly-czas-do-przodu-a-raczej-w-gore\/","title":{"rendered":"Pomys\u0142y remontowe. Ca\u0142y czas do przodu, a raczej w g\u00f3r\u0119"},"content":{"rendered":"<p><strong>\u017bARY | Opr\u00f3cz remontu samej wie\u017cy oraz naprawienia uszkodzonego dachu, co w\u0142a\u015bnie si\u0119 dzieje, wa\u017cnym etapem odbudowy zamku b\u0119dzie zagospodarowanie parteru.<\/strong><\/p>\n<p>&#8211; W ten spos\u00f3b obiekt zacznie ju\u017c \u017cy\u0107, a nast\u0119pne kondygnacje mog\u0105 by\u0107 robione spokojnie p\u00f3\u017aniej, w zale\u017cno\u015bci od tego, czy miasto akurat b\u0119dzie mia\u0142o wystarczaj\u0105c\u0105 ilo\u015b\u0107 pieni\u0119dzy &#8211; uwa\u017ca Arkadiusz Gutka ze Stowarzyszenia Region \u0141u\u017cyce, kt\u00f3re opiekuje si\u0119 \u017carskim zabytkiem. &#8211; Najwa\u017cniejsze, \u017ce zamek b\u0119dzie mia\u0142 dachy, jest zabezpieczony, wprowadzenie do niego jakiej\u015b instytucji spowoduje, \u017ce b\u0119dzie u\u017cytkowany i to jest chyba najwi\u0119kszy sukces, \u017ce w ko\u0144cu po tych dwudziestu latach zamek wr\u00f3ci\u0142 do miasta i miasto<br \/>\nw og\u00f3le zdecydowa\u0142o si\u0119 stan\u0105\u0107 na wysoko\u015bci zadania. S\u0142usznie kto\u015b powiedzia\u0142 na konsultacjach spo\u0142ecznych &#8211; my\u015bleli\u015bmy, \u017ce kto\u015b za nas rozwi\u0105\u017ce ten problem, ale nie, sami musimy si\u0119 z nim upora\u0107. Jak wszystko dobrze p\u00f3jdzie i miasto pozyska fundusze norweskie, to mo\u017cna zak\u0142ada\u0107, \u017ce w 2025 roku parter zamku b\u0119dzie ju\u017c dzia\u0142a\u0142 &#8211; dodaje.<\/p>\n<p>Wszystko by\u0142oby dobrze, gdyby prywatny w\u0142a\u015bciciel doprowadzi\u0142 obiekt do takiego stanu, aby mo\u017cna go by\u0142o u\u017cytkowa\u0107. Lata mija\u0142y i wszyscy widzieli, co i ile zosta\u0142o zrobione. Taki zabytek jest wizyt\u00f3wk\u0105 miasta. \u017baden przyjezdny nie b\u0119dzie si\u0119 zastanawia\u0107, czy to budowla miejska, czy prywatna. Pierwsze skojarzenie, to zaniedbania ze strony w\u0142adz lokalnych. Dzi\u015b przynajmniej wida\u0107 ju\u017c, \u017ce zamek ma gospodarza, kt\u00f3ry o niego dba. Niew\u0105tpliwie, najtrudniej zrobi\u0107 pierwszy krok. Potem mo\u017ce jeszcze tak z g\u00f3rki nie b\u0119dzie, ale do zrobienia zawsze ju\u017c coraz mniej, ni\u017c na pocz\u0105tku.<\/p>\n<p>Podczas prac porz\u0105dkowych zbierane s\u0105 r\u00f3\u017cne elementy zamku. Pr\u00f3bki zapraw, ceg\u0142y, dach\u00f3wki, a nawet nadpalone belki, kt\u00f3re kiedy\u015b zostan\u0105 wykorzystane do opowie\u015bci o historii tego zabytku, kt\u00f3rej cz\u0119\u015bci\u0105 jest r\u00f3wnie\u017c po\u017car wie\u017cy.<\/p>\n<p>&#8211; Dla laika mog\u0105 to by\u0107 \u201e\u015bmieci\u201d, jakie\u015b skorupy, ale ma\u0142o kto wie, \u017ce na przyk\u0142ad datowanie mur\u00f3w wykonuje si\u0119 r\u00f3wnie\u017c na podstawie skorup naczy\u0144, ich zdobie\u0144, kszta\u0142t\u00f3w, to informacja, kt\u00f3ra jest w nich ukryta i ten, kto si\u0119 na tym zna, tak\u0105 informacj\u0119 odczyta &#8211; m\u00f3wi Arkadiusz Gutka. &#8211; W archeologii nie ma czego\u015b takiego, \u017ce tu na pewno niczego nie b\u0119dzie, jest pewien schemat i procedura dzia\u0142a\u0144, dlatego te\u017c czyszczenie wie\u017cy trwa\u0142o a\u017c dwa tygodnie. Niczego niestety tam nie znale\u017ali\u015bmy, poza ma\u0142\u0105 monet\u0105 wymagaj\u0105c\u0105 oczyszczenia oraz klamry paska na ni\u017cszych kondygnacjach. Czekamy na jej datowanie &#8211; dodaje.<\/p>\n<p>Arkadiusz Gutka dobrze wie z w\u0142asnego do\u015bwiadczenia, \u017ce historyczne znaleziska mog\u0105 trafi\u0107 si\u0119 nawet w najmniej oczekiwanych miejscach. By\u0142 \u015bwiadkiem, jak w ziemi wykopanej pod jakie\u015b rury na podw\u00f3rku znalaz\u0142y si\u0119 niespodziewanie 64 srebrne monety w sakiewce. Prawdopodobnie kto\u015b je zakopa\u0142 obok domu w czasie wojny trzydziestoletniej, nie prze\u017cy\u0142 i zosta\u0142o to w ziemi na d\u0142ugie lata.<\/p>\n<p>Podczas porz\u0105dkowania fosy znaleziono ceg\u0142\u0119 naro\u017cn\u0105. Mo\u017ce wydawa\u0107 si\u0119, \u017ce to nic ciekawego, ale bior\u0105c pod uwag\u0119, \u017ce takich cegie\u0142 na ca\u0142ym zamku by\u0142o mo\u017ce osiem, takie znalezisko nabiera znaczenia.<\/p>\n<p>&#8211; Znale\u017ali\u015bmy r\u00f3wnie\u017c ceg\u0142\u0119 z odciskiem zwierzaka &#8211; m\u00f3wi Arkadiusz Gutka. &#8211; To s\u0105 takie smaczki, kt\u00f3re p\u00f3\u017aniej zostan\u0105 pokazane na wystawie w sali, w kt\u00f3rej b\u0119dzie opowiadana historia zamku.<\/p>\n<p>10 pa\u017adziernika w \u017barach go\u015bci\u0142a delegacja z niemieckiego miasta Beeskow, w kt\u00f3rym znajduje si\u0119 zamek Biberstein\u00f3w. Niemcy zorganizowali koncert charytatywny, podczas kt\u00f3rego zebrano 2500 euro na remont \u017carskiej wie\u017cy.<\/p>\n<p>Pojawi\u0142 si\u0119 pomys\u0142, aby z tych pieni\u0119dzy ufundowa\u0107 na przyk\u0142ad jedn\u0105 z tarcz zegara na \u017carskiej wie\u017cy. Obecnie trwa wycena, ile takie tarcze mog\u0105 kosztowa\u0107. Koncepcja ciekawa. Ci, kt\u00f3rzy te pieni\u0105dze zbierali, na pewno mieliby potem satysfakcj\u0119 wi\u0119ksz\u0105, gdy si\u0119 oka\u017ce, \u017ce na przyk\u0142ad zachodnia tarcza zegara zosta\u0142a wykonana dzi\u0119ki ich zbi\u00f3rce.<br \/>\n&#8211; Muzeum mia\u0142o pomys\u0142, \u017ceby zorganizowa\u0107 zbi\u00f3rk\u0119 na jedn\u0105 z tarcz, a my, jako stowarzyszenie, te\u017c postaramy si\u0119 zebra\u0107 pieni\u0105dze na kolejn\u0105 &#8211; m\u00f3wi Arkadiusz Gutka. &#8211; Zawsze lepiej zbiera\u0107 na konkretny cel, bo darczy\u0144ca wie dok\u0142adnie, na co przeznacza swoje pieni\u0105dze, co\u015b widocznego, a nie jaki\u015b beton wlany gdzie\u015b w fundamenty.<\/p>\n<p style=\"text-align: right;\"><strong>Andrzej Buczy\u0144ski<\/strong><\/p>\n<figure id=\"attachment_16273\" aria-describedby=\"caption-attachment-16273\" style=\"width: 640px\" class=\"wp-caption aligncenter\"><img loading=\"lazy\" decoding=\"async\" class=\"size-large wp-image-16273\" src=\"http:\/\/moja24.pl\/wp-content\/uploads\/2021\/01\/20201202_125148-1024x768.jpg\" alt=\"\" width=\"640\" height=\"480\" srcset=\"https:\/\/moja24.pl\/wp-content\/uploads\/2021\/01\/20201202_125148-1024x768.jpg 1024w, https:\/\/moja24.pl\/wp-content\/uploads\/2021\/01\/20201202_125148-300x225.jpg 300w, https:\/\/moja24.pl\/wp-content\/uploads\/2021\/01\/20201202_125148-768x576.jpg 768w, https:\/\/moja24.pl\/wp-content\/uploads\/2021\/01\/20201202_125148-1536x1152.jpg 1536w, https:\/\/moja24.pl\/wp-content\/uploads\/2021\/01\/20201202_125148-80x60.jpg 80w, https:\/\/moja24.pl\/wp-content\/uploads\/2021\/01\/20201202_125148-265x198.jpg 265w, https:\/\/moja24.pl\/wp-content\/uploads\/2021\/01\/20201202_125148-696x522.jpg 696w, https:\/\/moja24.pl\/wp-content\/uploads\/2021\/01\/20201202_125148-1068x801.jpg 1068w, https:\/\/moja24.pl\/wp-content\/uploads\/2021\/01\/20201202_125148-560x420.jpg 560w, https:\/\/moja24.pl\/wp-content\/uploads\/2021\/01\/20201202_125148-400x300.jpg 400w, https:\/\/moja24.pl\/wp-content\/uploads\/2021\/01\/20201202_125148.jpg 2000w\" sizes=\"auto, (max-width: 640px) 100vw, 640px\" \/><figcaption id=\"caption-attachment-16273\" class=\"wp-caption-text\">Elementy tarcz zegara z wie\u017cy. fot. Andrzej Buczy\u0144ski<\/figcaption><\/figure>\n<figure id=\"attachment_16274\" aria-describedby=\"caption-attachment-16274\" style=\"width: 640px\" class=\"wp-caption aligncenter\"><img loading=\"lazy\" decoding=\"async\" class=\"size-large wp-image-16274\" src=\"http:\/\/moja24.pl\/wp-content\/uploads\/2021\/01\/20201202_125329-1024x768.jpg\" alt=\"\" width=\"640\" height=\"480\" srcset=\"https:\/\/moja24.pl\/wp-content\/uploads\/2021\/01\/20201202_125329-1024x768.jpg 1024w, https:\/\/moja24.pl\/wp-content\/uploads\/2021\/01\/20201202_125329-300x225.jpg 300w, https:\/\/moja24.pl\/wp-content\/uploads\/2021\/01\/20201202_125329-768x576.jpg 768w, https:\/\/moja24.pl\/wp-content\/uploads\/2021\/01\/20201202_125329-1536x1152.jpg 1536w, https:\/\/moja24.pl\/wp-content\/uploads\/2021\/01\/20201202_125329-80x60.jpg 80w, https:\/\/moja24.pl\/wp-content\/uploads\/2021\/01\/20201202_125329-265x198.jpg 265w, https:\/\/moja24.pl\/wp-content\/uploads\/2021\/01\/20201202_125329-696x522.jpg 696w, https:\/\/moja24.pl\/wp-content\/uploads\/2021\/01\/20201202_125329-1068x801.jpg 1068w, https:\/\/moja24.pl\/wp-content\/uploads\/2021\/01\/20201202_125329-560x420.jpg 560w, https:\/\/moja24.pl\/wp-content\/uploads\/2021\/01\/20201202_125329-400x300.jpg 400w, https:\/\/moja24.pl\/wp-content\/uploads\/2021\/01\/20201202_125329.jpg 2000w\" sizes=\"auto, (max-width: 640px) 100vw, 640px\" \/><figcaption id=\"caption-attachment-16274\" class=\"wp-caption-text\">Ceg\u0142a z odciskami zwierz\u0119cych \u0142ap. fot. Andrzej Buczy\u0144ski<\/figcaption><\/figure>\n","protected":false},"excerpt":{"rendered":"<p>\u017bARY | Opr\u00f3cz remontu samej wie\u017cy oraz naprawienia uszkodzonego dachu, co w\u0142a\u015bnie si\u0119 dzieje, wa\u017cnym etapem odbudowy zamku b\u0119dzie zagospodarowanie parteru. &#8211; W ten spos\u00f3b obiekt zacznie ju\u017c \u017cy\u0107, a nast\u0119pne kondygnacje mog\u0105 by\u0107 robione spokojnie p\u00f3\u017aniej, w zale\u017cno\u015bci od tego, czy miasto akurat b\u0119dzie mia\u0142o wystarczaj\u0105c\u0105 ilo\u015b\u0107 pieni\u0119dzy &#8211; uwa\u017ca Arkadiusz Gutka ze Stowarzyszenia [&hellip;]<\/p>\n","protected":false},"author":4,"featured_media":16272,"comment_status":"closed","ping_status":"closed","sticky":false,"template":"","format":"standard","meta":{"_monsterinsights_skip_tracking":false,"_monsterinsights_sitenote_active":false,"_monsterinsights_sitenote_note":"","_monsterinsights_sitenote_category":0,"footnotes":""},"categories":[20,28],"tags":[2118,1704,66],"class_list":["post-16271","post","type-post","status-publish","format-standard","has-post-thumbnail","hentry","category-informacje","category-wiadomosci","tag-arkadiusz-gutka","tag-zamek","tag-zary"],"_links":{"self":[{"href":"https:\/\/moja24.pl\/index.php\/wp-json\/wp\/v2\/posts\/16271","targetHints":{"allow":["GET"]}}],"collection":[{"href":"https:\/\/moja24.pl\/index.php\/wp-json\/wp\/v2\/posts"}],"about":[{"href":"https:\/\/moja24.pl\/index.php\/wp-json\/wp\/v2\/types\/post"}],"author":[{"embeddable":true,"href":"https:\/\/moja24.pl\/index.php\/wp-json\/wp\/v2\/users\/4"}],"replies":[{"embeddable":true,"href":"https:\/\/moja24.pl\/index.php\/wp-json\/wp\/v2\/comments?post=16271"}],"version-history":[{"count":1,"href":"https:\/\/moja24.pl\/index.php\/wp-json\/wp\/v2\/posts\/16271\/revisions"}],"predecessor-version":[{"id":16275,"href":"https:\/\/moja24.pl\/index.php\/wp-json\/wp\/v2\/posts\/16271\/revisions\/16275"}],"wp:featuredmedia":[{"embeddable":true,"href":"https:\/\/moja24.pl\/index.php\/wp-json\/wp\/v2\/media\/16272"}],"wp:attachment":[{"href":"https:\/\/moja24.pl\/index.php\/wp-json\/wp\/v2\/media?parent=16271"}],"wp:term":[{"taxonomy":"category","embeddable":true,"href":"https:\/\/moja24.pl\/index.php\/wp-json\/wp\/v2\/categories?post=16271"},{"taxonomy":"post_tag","embeddable":true,"href":"https:\/\/moja24.pl\/index.php\/wp-json\/wp\/v2\/tags?post=16271"}],"curies":[{"name":"wp","href":"https:\/\/api.w.org\/{rel}","templated":true}]}}