{"id":16276,"date":"2020-12-11T00:40:37","date_gmt":"2020-12-10T23:40:37","guid":{"rendered":"http:\/\/moja24.pl\/?p=16276"},"modified":"2021-01-08T00:45:12","modified_gmt":"2021-01-07T23:45:12","slug":"kasa-na-inwestycje-z-rzadowego-programu-na-naszym-podworku","status":"publish","type":"post","link":"https:\/\/moja24.pl\/index.php\/2020\/12\/11\/kasa-na-inwestycje-z-rzadowego-programu-na-naszym-podworku\/","title":{"rendered":"Kasa na inwestycje. Z rz\u0105dowego programu na naszym podw\u00f3rku"},"content":{"rendered":"<p><strong>POWIAT \u017bARSKI | Wojewoda Lubuski W\u0142adys\u0142aw Dajczak podczas konferencji prasowej 8 grudnia poinformowa\u0142 o rz\u0105dowych \u015brodkach, jakie trafi\u0105 do lubuskich samorz\u0105d\u00f3w na konkretne inwestycje.<\/strong><\/p>\n<p>244.570.794,12 z\u0142 dla wojew\u00f3dztwa lubuskiego w ramach Rz\u0105dowego Funduszu Inwestycji Lokalnych, w tym 84.052.170.12 z\u0142 w ramach cz\u0119\u015bci wnioskowej.<br \/>\nDo samorz\u0105d\u00f3w w ca\u0142ej Polsce trafi w sumie 12 miliard\u00f3w z\u0142otych.<\/p>\n<p>&#8211; Premier Mateusz Morawiecki og\u0142osi\u0142 wyniki naboru na drugi etap, tzw. konkursowy<br \/>\nz Rz\u0105dowego Funduszu Inwestycji Lokalnych &#8211; powiedzia\u0142 w czasie konferencji prasowej wojewoda W\u0142adys\u0142aw Dajczak. &#8211; 23 lipca 2020 roku Rada Ministr\u00f3w podj\u0119\u0142a uchwa\u0142\u0119<br \/>\no stworzeniu rz\u0105dowego Funduszu, kt\u00f3ry mia\u0142 za zadanie bezzwrotne wsparcie dla samorz\u0105d\u00f3w, kt\u00f3rych przychody zosta\u0142y ograniczone poprzez pandemi\u0119 koronawirusa &#8211; przypomnia\u0142 wojewoda.<\/p>\n<p>Podczas oceny wniosk\u00f3w brano pod uwag\u0119 takie kryteria jak kompleksowo\u015b\u0107 planowanych inwestycji, ograniczenie emisyjno\u015bci i ingerencji w \u015brodowisko, uwzgl\u0119dnienie zasad zr\u00f3wnowa\u017conego rozwoju, pomoc osobom niepe\u0142nosprawnym, liczba os\u00f3b, kt\u00f3re skorzystaj\u0105 z inwestycji, wp\u0142yw inwestycji na zapobieganie kl\u0119skom \u017cywio\u0142owym, koszt w stosunku do planowanych dochod\u00f3w samorz\u0105du.<\/p>\n<p>Ka\u017cde wsparcie pozabud\u017cetowe jest bezcenne. Pojawi si\u0119 wodoci\u0105g, budynki u\u017cyteczno\u015bci publicznej po termomodernizacji b\u0119d\u0105 kosztowa\u0107 mniej, je\u015bli chodzi o roczne wydatki na utrzymanie. B\u0119dzie boisko. Miasto \u017bary szybciej zrealizuje plan przeniesienia ca\u0142ego Miejskiego O\u015brodka Pomocy Spo\u0142ecznej na ulic\u0119 Parkow\u0105.<\/p>\n<p style=\"text-align: right;\"><strong>Andrzej Buczy\u0144ski<\/strong><br \/>\n<strong>(\u017ar\u00f3d\u0142o: lubuskie.uw.gov.pl)<\/strong><\/p>\n<blockquote><p>Gmina Brody<br \/>\n500.000 z\u0142<br \/>\nna budow\u0119 stacji uzdatniania wody<\/p>\n<p>Gmina Lipinki \u0141u\u017cyckie<br \/>\n765.000 z\u0142<br \/>\nna przebudow\u0119 i rozbudow\u0119 istniej\u0105cego budynku u\u017cyteczno\u015bci publicznej gminnego przedszkola<br \/>\nw Lipinkach \u0141u\u017cyckich<\/p>\n<p>Gmina Lubsko<br \/>\n1.000.000 z\u0142<br \/>\nna budow\u0119 sieci wodoci\u0105gowej<br \/>\nulicy Pozna\u0144skiej o d\u0142. 1638 m<\/p>\n<p>Gmina Przew\u00f3z<br \/>\n760.000 z\u0142<br \/>\nna budow\u0119 boiska wielofunkcyjnego<\/p>\n<p>Gmina \u0141\u0119knica<br \/>\n1.000.000 z\u0142<br \/>\nna termomodernizacj\u0119 budynk\u00f3w Zespo\u0142u<br \/>\nSzk\u00f3\u0142 Publicznych w \u0141\u0119knicy<\/p>\n<p>Gmina \u017bary<br \/>\n800.000 z\u0142<br \/>\nna stworzenie Centrum Kulturalno-Edukacyjnego w Mi\u0142owicach poprzez zmian\u0119 sposobu<br \/>\nu\u017cytkowania budynku mieszkalnego<\/p>\n<p>Miasto \u017bary<br \/>\n1.000.000 z\u0142<br \/>\nna remont budynku z przeznaczeniem na siedzib\u0119 Miejskiego O\u015brodka Pomocy Spo\u0142ecznej<\/p>\n<p>Powiat \u017barski<br \/>\n600.000 z\u0142<br \/>\nna termomodernizacj\u0119 dachu Domu Pomocy<br \/>\nSpo\u0142ecznej w Mi\u0142owicach<\/p><\/blockquote>\n","protected":false},"excerpt":{"rendered":"<p>POWIAT \u017bARSKI | Wojewoda Lubuski W\u0142adys\u0142aw Dajczak podczas konferencji prasowej 8 grudnia poinformowa\u0142 o rz\u0105dowych \u015brodkach, jakie trafi\u0105 do lubuskich samorz\u0105d\u00f3w na konkretne inwestycje. 244.570.794,12 z\u0142 dla wojew\u00f3dztwa lubuskiego w ramach Rz\u0105dowego Funduszu Inwestycji Lokalnych, w tym 84.052.170.12 z\u0142 w ramach cz\u0119\u015bci wnioskowej. Do samorz\u0105d\u00f3w w ca\u0142ej Polsce trafi w sumie 12 miliard\u00f3w z\u0142otych. &#8211; [&hellip;]<\/p>\n","protected":false},"author":4,"featured_media":16277,"comment_status":"closed","ping_status":"closed","sticky":false,"template":"","format":"standard","meta":{"_monsterinsights_skip_tracking":false,"_monsterinsights_sitenote_active":false,"_monsterinsights_sitenote_note":"","_monsterinsights_sitenote_category":0,"footnotes":""},"categories":[20,28],"tags":[32,2171],"class_list":["post-16276","post","type-post","status-publish","format-standard","has-post-thumbnail","hentry","category-informacje","category-wiadomosci","tag-powiat-zarski","tag-rzadowy-fundusz-inwestycji-lokalnych"],"_links":{"self":[{"href":"https:\/\/moja24.pl\/index.php\/wp-json\/wp\/v2\/posts\/16276","targetHints":{"allow":["GET"]}}],"collection":[{"href":"https:\/\/moja24.pl\/index.php\/wp-json\/wp\/v2\/posts"}],"about":[{"href":"https:\/\/moja24.pl\/index.php\/wp-json\/wp\/v2\/types\/post"}],"author":[{"embeddable":true,"href":"https:\/\/moja24.pl\/index.php\/wp-json\/wp\/v2\/users\/4"}],"replies":[{"embeddable":true,"href":"https:\/\/moja24.pl\/index.php\/wp-json\/wp\/v2\/comments?post=16276"}],"version-history":[{"count":1,"href":"https:\/\/moja24.pl\/index.php\/wp-json\/wp\/v2\/posts\/16276\/revisions"}],"predecessor-version":[{"id":16278,"href":"https:\/\/moja24.pl\/index.php\/wp-json\/wp\/v2\/posts\/16276\/revisions\/16278"}],"wp:featuredmedia":[{"embeddable":true,"href":"https:\/\/moja24.pl\/index.php\/wp-json\/wp\/v2\/media\/16277"}],"wp:attachment":[{"href":"https:\/\/moja24.pl\/index.php\/wp-json\/wp\/v2\/media?parent=16276"}],"wp:term":[{"taxonomy":"category","embeddable":true,"href":"https:\/\/moja24.pl\/index.php\/wp-json\/wp\/v2\/categories?post=16276"},{"taxonomy":"post_tag","embeddable":true,"href":"https:\/\/moja24.pl\/index.php\/wp-json\/wp\/v2\/tags?post=16276"}],"curies":[{"name":"wp","href":"https:\/\/api.w.org\/{rel}","templated":true}]}}