{"id":16299,"date":"2020-12-11T01:17:57","date_gmt":"2020-12-11T00:17:57","guid":{"rendered":"http:\/\/moja24.pl\/?p=16299"},"modified":"2021-01-08T01:21:22","modified_gmt":"2021-01-08T00:21:22","slug":"martwil-sie-o-zone","status":"publish","type":"post","link":"https:\/\/moja24.pl\/index.php\/2020\/12\/11\/martwil-sie-o-zone\/","title":{"rendered":"Martwi\u0142 si\u0119 o \u017con\u0119"},"content":{"rendered":"<p><strong>\u017bARY | Dzielnicowy wsp\u00f3lnie ze stra\u017cnikiem miejskim, w trakcie sprawdzania os\u00f3b przebywaj\u0105cych na kwarantannie, otrzymali telefoniczn\u0105 informacj\u0119 od starszego m\u0119\u017cczyzny, \u017ce jego \u017cona bardzo \u017ale si\u0119 czuje, a on martwi si\u0119 o jej \u017cycie i zdrowie. Mundurowi natychmiast wezwali pogotowie i monitorowali stan kobiety do czasu przybycia medycznego wsparcia. Najlepsz\u0105 nagrod\u0105 za pomoc by\u0142a nieopisana wdzi\u0119czno\u015b\u0107 m\u0119\u017cczyzny.<\/strong><\/p>\n<p>W sobot\u0119, 5 grudnia, dzielnicowy z \u017carskiej komendy &#8211; m\u0142odszy aspirant Tomasz D\u0105browski pe\u0142ni\u0142 s\u0142u\u017cb\u0119 ze stra\u017cnikiem miejskim aplikantem \u0141ukaszem Bia\u0142o. Wsp\u00f3lnie kontrolowali osoby przebywaj\u0105ce na kwarantannie. Podczas sprawdzania jednego z adres\u00f3w w rozmowie telefonicznej, roztrz\u0119sionym g\u0142osem starszy m\u0119\u017cczyzna poinformowa\u0142 ich, \u017ce martwi si\u0119 o \u017cycie i zdrowie swojej \u017cony, kt\u00f3ra bardzo os\u0142ab\u0142a. Senior, kt\u00f3ry uzyska\u0142 pozytywny wynik testu na koronawirusa, izolowa\u0142 si\u0119 od \u017cony, kt\u00f3ra r\u00f3wnie\u017c przebywa\u0142a na kwarantannie i zupe\u0142nie nie wiedzia\u0142 jak jej pom\u00f3c. Dzielnicowy oraz stra\u017cnik miejski natychmiast zatroszczyli si\u0119 o los starszej kobiety. Wezwali pogotowie oraz przez otwarte drzwi, z zachowaniem odpowiedniego dystansu, rozmawiali z ni\u0105 i uspokajali. Monitorowali jednocze\u015bnie jej stan, a\u017c do czasu przybycia pomocy medycznej. Nieopisan\u0105 wdzi\u0119czno\u015b\u0107 wyrazi\u0142 m\u0105\u017c kobiety, kt\u00f3ry podzi\u0119kowa\u0142 za szybk\u0105 reakcj\u0119. To najlepsza nagroda za trosk\u0119 o drugiego cz\u0142owieka, szczeg\u00f3lnie w tak trudnym czasie pandemii.<\/p>\n<p>M\u0142odszy aspirant Tomasz D\u0105browski nie pierwszy raz spieszy z pomoc\u0105, kiedy chodzi o zdrowie i \u017cycie mieszka\u0144c\u00f3w powiatu \u017carskiego. W minionym tygodniu pom\u00f3g\u0142 r\u00f3wnie\u017c kobiecie, kt\u00f3ra mia\u0142a trudno\u015bci z oddychaniem. Dzi\u0119ki jego szybkiej reakcji pomoc przysz\u0142a na czas i kobieta zosta\u0142a zabrana do szpitala, gdzie zaj\u0119li si\u0119 ni\u0105 lekarze. Mieszka\u0144cy powiatu \u017carskiego zawsze mog\u0105 liczy\u0107 na pomoc i trosk\u0119 swojego dzielnicowego.<\/p>\n<p style=\"text-align: right;\"><strong>kom. Aneta Berestecka<\/strong><\/p>\n","protected":false},"excerpt":{"rendered":"<p>\u017bARY | Dzielnicowy wsp\u00f3lnie ze stra\u017cnikiem miejskim, w trakcie sprawdzania os\u00f3b przebywaj\u0105cych na kwarantannie, otrzymali telefoniczn\u0105 informacj\u0119 od starszego m\u0119\u017cczyzny, \u017ce jego \u017cona bardzo \u017ale si\u0119 czuje, a on martwi si\u0119 o jej \u017cycie i zdrowie. Mundurowi natychmiast wezwali pogotowie i monitorowali stan kobiety do czasu przybycia medycznego wsparcia. Najlepsz\u0105 nagrod\u0105 za pomoc by\u0142a nieopisana [&hellip;]<\/p>\n","protected":false},"author":4,"featured_media":16300,"comment_status":"closed","ping_status":"closed","sticky":false,"template":"","format":"standard","meta":{"_monsterinsights_skip_tracking":false,"_monsterinsights_sitenote_active":false,"_monsterinsights_sitenote_note":"","_monsterinsights_sitenote_category":0,"footnotes":""},"categories":[20,28,21],"tags":[2177,1119,2175,2176,66],"class_list":{"0":"post-16299","1":"post","2":"type-post","3":"status-publish","4":"format-standard","5":"has-post-thumbnail","6":"hentry","7":"category-informacje","8":"category-wiadomosci","9":"category-wypadki-przypadki","10":"tag-lukasz-bialo","11":"tag-policja","12":"tag-straz-miejska","14":"tag-zary"},"_links":{"self":[{"href":"https:\/\/moja24.pl\/index.php\/wp-json\/wp\/v2\/posts\/16299","targetHints":{"allow":["GET"]}}],"collection":[{"href":"https:\/\/moja24.pl\/index.php\/wp-json\/wp\/v2\/posts"}],"about":[{"href":"https:\/\/moja24.pl\/index.php\/wp-json\/wp\/v2\/types\/post"}],"author":[{"embeddable":true,"href":"https:\/\/moja24.pl\/index.php\/wp-json\/wp\/v2\/users\/4"}],"replies":[{"embeddable":true,"href":"https:\/\/moja24.pl\/index.php\/wp-json\/wp\/v2\/comments?post=16299"}],"version-history":[{"count":1,"href":"https:\/\/moja24.pl\/index.php\/wp-json\/wp\/v2\/posts\/16299\/revisions"}],"predecessor-version":[{"id":16301,"href":"https:\/\/moja24.pl\/index.php\/wp-json\/wp\/v2\/posts\/16299\/revisions\/16301"}],"wp:featuredmedia":[{"embeddable":true,"href":"https:\/\/moja24.pl\/index.php\/wp-json\/wp\/v2\/media\/16300"}],"wp:attachment":[{"href":"https:\/\/moja24.pl\/index.php\/wp-json\/wp\/v2\/media?parent=16299"}],"wp:term":[{"taxonomy":"category","embeddable":true,"href":"https:\/\/moja24.pl\/index.php\/wp-json\/wp\/v2\/categories?post=16299"},{"taxonomy":"post_tag","embeddable":true,"href":"https:\/\/moja24.pl\/index.php\/wp-json\/wp\/v2\/tags?post=16299"}],"curies":[{"name":"wp","href":"https:\/\/api.w.org\/{rel}","templated":true}]}}