{"id":16343,"date":"2020-12-18T02:11:48","date_gmt":"2020-12-18T01:11:48","guid":{"rendered":"http:\/\/moja24.pl\/?p=16343"},"modified":"2021-01-08T09:59:31","modified_gmt":"2021-01-08T08:59:31","slug":"bardziej-bezpieczny-strazak","status":"publish","type":"post","link":"https:\/\/moja24.pl\/index.php\/2020\/12\/18\/bardziej-bezpieczny-strazak\/","title":{"rendered":"Bardziej bezpieczny stra\u017cak"},"content":{"rendered":"<p><strong>GMINA \u017bARY | He\u0142my, ubrania ochronne, r\u0119kawice, kominiarki stra\u017cackie otrzymali z r\u0105k w\u00f3jta Leszka Mro\u017cka prezesi wszystkich sze\u015bciu jednostek OSP w gminie \u017bary.<\/strong><\/p>\n<p>Wszystko za spraw\u0105 projektu \u201eBezpieczny stra\u017cak\u201d. Ka\u017cda z jednostek wzbogaci si\u0119 o dwa komplety ubra\u0144 ochronnych, l\u015bni\u0105cych he\u0142m\u00f3w stra\u017cackich, r\u0119kawic bojowych, stra\u017cackich kominiarek, oraz profesjonalnych but\u00f3w stra\u017cackich.<br \/>\n&#8211; Ka\u017cdy nowy sprz\u0119t, czy to samochody bojowe, czy wyposa\u017cenie, to przede bezpiecze\u0144stwo i skuteczno\u015b\u0107 stra\u017cak\u00f3w w dziesi\u0105tkach akcji, do kt\u00f3rych wyje\u017cd\u017caj\u0105 ka\u017cdego miesi\u0105ca &#8211; zaznacza Leszek Mro\u017cek, w\u00f3jt gminy \u017bary.<br \/>\n\u0141\u0105czny koszt przekazanego wyposa\u017cenia to 72 tys. z\u0142otych, z czego po\u0142ow\u0119, tj. 36 tys. z\u0142otych sfinansowano ze \u015brodk\u00f3w Wojew\u00f3dztwa Lubuskiego.<\/p>\n<p style=\"text-align: right;\"><strong>\u017ar\u00f3d\u0142o: UG \u017bary<\/strong><\/p>\n","protected":false},"excerpt":{"rendered":"<p>GMINA \u017bARY | He\u0142my, ubrania ochronne, r\u0119kawice, kominiarki stra\u017cackie otrzymali z r\u0105k w\u00f3jta Leszka Mro\u017cka prezesi wszystkich sze\u015bciu jednostek OSP w gminie \u017bary. Wszystko za spraw\u0105 projektu \u201eBezpieczny stra\u017cak\u201d. Ka\u017cda z jednostek wzbogaci si\u0119 o dwa komplety ubra\u0144 ochronnych, l\u015bni\u0105cych he\u0142m\u00f3w stra\u017cackich, r\u0119kawic bojowych, stra\u017cackich kominiarek, oraz profesjonalnych but\u00f3w stra\u017cackich. &#8211; Ka\u017cdy nowy sprz\u0119t, czy [&hellip;]<\/p>\n","protected":false},"author":4,"featured_media":16346,"comment_status":"closed","ping_status":"closed","sticky":false,"template":"","format":"standard","meta":{"_monsterinsights_skip_tracking":false,"_monsterinsights_sitenote_active":false,"_monsterinsights_sitenote_note":"","_monsterinsights_sitenote_category":0,"footnotes":""},"categories":[20,28],"tags":[269,442],"class_list":["post-16343","post","type-post","status-publish","format-standard","has-post-thumbnail","hentry","category-informacje","category-wiadomosci","tag-gmina-zary","tag-leszek-mrozek"],"_links":{"self":[{"href":"https:\/\/moja24.pl\/index.php\/wp-json\/wp\/v2\/posts\/16343","targetHints":{"allow":["GET"]}}],"collection":[{"href":"https:\/\/moja24.pl\/index.php\/wp-json\/wp\/v2\/posts"}],"about":[{"href":"https:\/\/moja24.pl\/index.php\/wp-json\/wp\/v2\/types\/post"}],"author":[{"embeddable":true,"href":"https:\/\/moja24.pl\/index.php\/wp-json\/wp\/v2\/users\/4"}],"replies":[{"embeddable":true,"href":"https:\/\/moja24.pl\/index.php\/wp-json\/wp\/v2\/comments?post=16343"}],"version-history":[{"count":1,"href":"https:\/\/moja24.pl\/index.php\/wp-json\/wp\/v2\/posts\/16343\/revisions"}],"predecessor-version":[{"id":16347,"href":"https:\/\/moja24.pl\/index.php\/wp-json\/wp\/v2\/posts\/16343\/revisions\/16347"}],"wp:featuredmedia":[{"embeddable":true,"href":"https:\/\/moja24.pl\/index.php\/wp-json\/wp\/v2\/media\/16346"}],"wp:attachment":[{"href":"https:\/\/moja24.pl\/index.php\/wp-json\/wp\/v2\/media?parent=16343"}],"wp:term":[{"taxonomy":"category","embeddable":true,"href":"https:\/\/moja24.pl\/index.php\/wp-json\/wp\/v2\/categories?post=16343"},{"taxonomy":"post_tag","embeddable":true,"href":"https:\/\/moja24.pl\/index.php\/wp-json\/wp\/v2\/tags?post=16343"}],"curies":[{"name":"wp","href":"https:\/\/api.w.org\/{rel}","templated":true}]}}