{"id":16378,"date":"2020-12-18T10:52:02","date_gmt":"2020-12-18T09:52:02","guid":{"rendered":"http:\/\/moja24.pl\/?p=16378"},"modified":"2021-01-08T10:58:37","modified_gmt":"2021-01-08T09:58:37","slug":"gwiazdkowy-turniej-karate-jka-w-zarach","status":"publish","type":"post","link":"https:\/\/moja24.pl\/index.php\/2020\/12\/18\/gwiazdkowy-turniej-karate-jka-w-zarach\/","title":{"rendered":"Gwiazdkowy Turniej Karate JKA w \u017barach"},"content":{"rendered":"<p><strong>SPORTY WALKI | Jak co roku o tej porze, Klub Karate Kontra w \u017barach zorganizowa\u0142 Gwiazdkowy Turniej Karate.<\/strong><\/p>\n<p>Turniej odby\u0142 si\u0119 12 grudnia, ale jego formu\u0142a by\u0142a nieco odmienna, ni\u017c zazwyczaj. Ze wzgl\u0119du na obecne wytyczne sanitarne, zawody przeprowadzono w czterech turach, tak aby nie wszyscy uczestnicy przebywali na raz w jednej sali.<br \/>\nNiestety, rodziny m\u0142odych zawodnik\u00f3w nie mog\u0142y kibicowa\u0107 im podczas zawod\u00f3w, gdy\u017c &#8211; jak wiadomo &#8211; tego typu imprezy sportowe przeprowadzane s\u0105 bez udzia\u0142u publiczno\u015bci. <strong>ATB<\/strong><\/p>\n<figure id=\"attachment_16381\" aria-describedby=\"caption-attachment-16381\" style=\"width: 640px\" class=\"wp-caption aligncenter\"><img loading=\"lazy\" decoding=\"async\" class=\"size-large wp-image-16381\" src=\"http:\/\/moja24.pl\/wp-content\/uploads\/2021\/01\/20201218Bez-nazwy-2-1024x683.jpg\" alt=\"\" width=\"640\" height=\"427\" srcset=\"https:\/\/moja24.pl\/wp-content\/uploads\/2021\/01\/20201218Bez-nazwy-2-1024x683.jpg 1024w, https:\/\/moja24.pl\/wp-content\/uploads\/2021\/01\/20201218Bez-nazwy-2-300x200.jpg 300w, https:\/\/moja24.pl\/wp-content\/uploads\/2021\/01\/20201218Bez-nazwy-2-768x512.jpg 768w, https:\/\/moja24.pl\/wp-content\/uploads\/2021\/01\/20201218Bez-nazwy-2-1536x1024.jpg 1536w, https:\/\/moja24.pl\/wp-content\/uploads\/2021\/01\/20201218Bez-nazwy-2-696x464.jpg 696w, https:\/\/moja24.pl\/wp-content\/uploads\/2021\/01\/20201218Bez-nazwy-2-1068x712.jpg 1068w, https:\/\/moja24.pl\/wp-content\/uploads\/2021\/01\/20201218Bez-nazwy-2-630x420.jpg 630w, https:\/\/moja24.pl\/wp-content\/uploads\/2021\/01\/20201218Bez-nazwy-2-450x300.jpg 450w, https:\/\/moja24.pl\/wp-content\/uploads\/2021\/01\/20201218Bez-nazwy-2.jpg 1911w\" sizes=\"auto, (max-width: 640px) 100vw, 640px\" \/><figcaption id=\"caption-attachment-16381\" class=\"wp-caption-text\">fot. KK Kontra<\/figcaption><\/figure>\n<p><strong>Wyniki:<\/strong><br \/>\n<strong>KIHON przedszkolaki Dziewczynki Grupa A<\/strong><br \/>\n1. Joanna Czepin\u0301ska- Kontra Z\u0307ary<br \/>\n2. Jas\u0301mina Nowicka \u2013 Kontra Z\u0307ary<br \/>\n3. Aleksandra Zborowska \u2013 Kontra Z\u0307ary<br \/>\n<strong>KIHON Dziewczynki 8 + grupa pocza\u0328tkuja\u0328ca<\/strong><br \/>\n1. Anita Lewandowska \u2013 Kontra Z\u0307ary<br \/>\n2. Izabela Cwer \u2013 Kontra Z\u0307ary<br \/>\n<strong>KIHON Przedszkolaki Ch\u0142opcy Grupa A<\/strong><br \/>\n1. Nikodem Auchimowicz \u2013 Kontra Z\u0307ary<br \/>\n2. Brajan Postroz\u0307ny \u2013 Kontra Z\u0307ary<br \/>\n3. Jakub Bidiak \u2013 Kontra Z\u0307ary<br \/>\n<strong>KIHON przedszkolaki Ch\u0142opcy Grupa B<\/strong><br \/>\n1. Piotr Cykwas \u2013 Kontra Z\u0307ary<br \/>\n2. Maciej Sad\u0142o \u2013 Kontra Z\u0307ary<br \/>\n3. Kacper Wuttke\u2013 Kontra Z\u0307ary<br \/>\n<strong>Kata Dziewcza\u0328t \u2013 7\u2013 9 lat grupa A (pocza\u0328tkuja\u0328ca)<\/strong><br \/>\n1. Lilianna Postroz\u0307na \u2013 Kontra Z\u0307ary<br \/>\n2. Anna Humeniuk \u2013 Kontra Z\u0307ary<br \/>\n3. Hanna Janicka \u2013 Kontra Z\u0307ary<br \/>\n<strong>Kata Dziewcza\u0328t 7-9 lat grupa B<\/strong><br \/>\n1. Barbara S\u0301mi\u0142owska \u2013 Kontra Z\u0307ary<br \/>\n2. Oliwia Cehan\u0301czuk \u2013 Kontra Z\u0307ary<br \/>\n3. Blanka Merk \u2013 Kontra Z\u0307ary<br \/>\n<strong>Kumite Dziewcza\u0328t \u2013 7-9 lat<\/strong><br \/>\n1. Antonina Miszewska \u2013 Kontra Z\u0307ary<br \/>\n2. Nina Muchowska \u2013 Jaguar Krosno Odrzan\u0301kie<br \/>\n3. Blanka Merk \u2013 Kontra Z\u0307ary<br \/>\n3. Aleksandra Janicka \u2013 Kontra Z\u0307ary<br \/>\n<strong>Kata Ch\u0142opco\u0301w \u2013 7- 9 lat grupa A (pocza\u0328tkuja\u0328ca)<\/strong><br \/>\n1. Adam Terebin\u0301ski \u2013 Kontra Z\u0307ary<br \/>\n2. Aleksander Wrzo\u0142ek \u2013 Kontra Z\u0307ary<br \/>\n3. Timur Kolesnikov \u2013 Kontra Z\u0307ary<br \/>\n<strong>Kata Ch\u0142opco\u0301w \u2013 7- 9 lat grupa B<\/strong><br \/>\n1. Wiktor Kon\u0301cowik \u2013 Kontra Z\u0307ary<br \/>\n2. Bart\u0142omiej Studzin\u0301ski \u2013 Kontra Z\u0307ary<br \/>\n3. Aleksander Wandelt \u2013 Bonum Futurum<br \/>\n<strong>Kumite Ch\u0142opco\u0301w \u2013 7 \u2013 9 lat<\/strong><br \/>\n1. Wiktor Kon\u0301cowik \u2013 Kontra Z\u0307ary<br \/>\n2. Aleksander Wandelt \u2013 Bonum Futurum<br \/>\n3. Bartosz Serwan\u0301ski \u2013 Kontra Z\u0307ary<br \/>\n3. Dominik Ste\u0328plowski \u2013 Kontra Z\u0307ary<br \/>\n<strong>Kata Dziewcza\u0328t \u2013 10 \u2013 11 lat<\/strong><br \/>\n1. Natalia Jo\u0301z\u0301wiak \u2013 Jaguar Krosno Odrzan\u0301skie<br \/>\n2. Nadia Wojakowska \u2013 Kontra Z\u0307ary<br \/>\n3. Karolina Zab\u0142otna \u2013 Kontra Z\u0307ary<br \/>\n<strong>Kumite Dziewcza\u0328t \u2013 10\u201311 lat<\/strong><br \/>\n1. Lena Kabin \u2013 Kontra Z\u0307ary<br \/>\n2. Nadia Wojakowska \u2013 Kontra Z\u0307ary<br \/>\n3. Milena Malinowska \u2013 Kontra Z\u0307ary<br \/>\n3. Hanna Wywigacz\u2013 Kontra Z\u0307ary<br \/>\n<strong>Kata Ch\u0142opco\u0301w \u2013 10\u201311 lat<\/strong><br \/>\n1. Gracjan Kon\u0301cowik \u2013 Kontra Z\u0307ary<br \/>\n2. Aleksander Sad\u0142o \u2013 Kontra Z\u0307ary<br \/>\n3. Antoni Go\u0301rzny \u2013 Bonum Futurum<br \/>\n<strong>Kumite Ch\u0142opco\u0301w \u2013 10\u201311 lat<\/strong><br \/>\n1. Gracjan Kon\u0301cowik \u2013 Kontra Z\u0307ary<br \/>\n2. Patryk Szubert \u2013 Jaguar Krosno Odrzan\u0301skie<br \/>\n3. Aleksander Sad\u0142o \u2013 Kontra Z\u0307ary<br \/>\n3. Micha\u0142 Ruczkowski \u2013 Kontra Z\u0307ary<br \/>\n<strong>Kata dziewcza\u0328t \u2013 12-13 lat<\/strong><br \/>\n1. Lilianna Nowicka \u2013 Kontra Z\u0307ary<br \/>\n2. Nikola Seremak \u2013 Kontra Z\u0307ary<br \/>\n3. Alicja Samek \u2013 Jaguar Krosno Odrzan\u0301skie<br \/>\n<strong>Kumite Dziewcza\u0328t \u2013 12\u201313 lat<\/strong><br \/>\n1. Alicja Samek \u2013 Jaguar Krosno Odrzan\u0301skie<br \/>\n2. Natalia S\u0301nieg \u2013 Jaguar Krosno Odrzan\u0301skie<br \/>\n3. Barbara Ochman \u2013 Kontra Z\u0307ary<br \/>\n<strong>Kata Ch\u0142opco\u0301w \u2013 12\u201313 lat<\/strong><br \/>\n1. Stanis\u0142aw Moniakowski \u2013 Kontra Z\u0307ary<br \/>\n2. Piotr Bizukojc\u0301\u2013 Kontra Z\u0307ary<br \/>\n3. B\u0142az\u0307ej S\u0142upek \u2013 Kontra Z\u0307ary<br \/>\n<strong>Kumite Ch\u0142opco\u0301w \u2013 12\u201313 lat<\/strong><br \/>\n1. Stanis\u0142aw Moniakowski \u2013 Kontra Z\u0307ary<br \/>\n2. Piotr Bizukojc\u0301 \u2013 Kontra Z\u0307ary<br \/>\n3. Adam Dubin\u0301ski \u2013 Bonum Futurum<br \/>\n3. Oliwier Kulik \u2013 Jaguar Krosno Odrzan\u0301skie<br \/>\n<strong>Kata Dziewcza\u0328t \u2013 14-16 lat<\/strong><br \/>\n1. Natalia Pop\u0142awska \u2013 Kontra Z\u0307ary<br \/>\n2. Kinga Jakubowska \u2013 Jaguar Krosno Odrzan\u0301skie<br \/>\n3. Sara Magnuszewska \u2013 Kontra Z\u0307ary<br \/>\n<strong>Kumite Dziewcza\u0328t \u2013 14\u201316 lat<\/strong><br \/>\n1. Natalia Pop\u0142awska \u2013 Kontra Z\u0307ary<br \/>\n2. Kinga Jakubowska \u2013 Jaguar Krosno Odrzan\u0301skie<br \/>\n<strong>Kata Ch\u0142opco\u0301w \u2013 14\u201316 lat<\/strong><br \/>\n1. Jakub Pawlik \u2013 Kontra Z\u0307ary<br \/>\n2. Antoni Moniakowski \u2013 Kontra Z\u0307ary<br \/>\n3. Stanis\u0142aw Mamrenko \u2013 Jaguar Krosno Odrzan\u0301skie<br \/>\n<strong>Kumite Ch\u0142opco\u0301w 14-16 lat<\/strong><br \/>\n1. Stanis\u0142aw Mamrenko \u2013 Jaguar Krosno Odrzan\u0301skie<br \/>\n2. Antoni Moniakowski \u2013 Kontra Z\u0307ary<br \/>\n3. Jakub Pawlik \u2013 Kontra Z\u0307ary<\/p>\n<figure id=\"attachment_16379\" aria-describedby=\"caption-attachment-16379\" style=\"width: 640px\" class=\"wp-caption aligncenter\"><img loading=\"lazy\" decoding=\"async\" class=\"size-large wp-image-16379\" src=\"http:\/\/moja24.pl\/wp-content\/uploads\/2021\/01\/20201218Bez-nazwy-3-1024x683.jpg\" alt=\"\" width=\"640\" height=\"427\" srcset=\"https:\/\/moja24.pl\/wp-content\/uploads\/2021\/01\/20201218Bez-nazwy-3-1024x683.jpg 1024w, https:\/\/moja24.pl\/wp-content\/uploads\/2021\/01\/20201218Bez-nazwy-3-300x200.jpg 300w, https:\/\/moja24.pl\/wp-content\/uploads\/2021\/01\/20201218Bez-nazwy-3-768x512.jpg 768w, https:\/\/moja24.pl\/wp-content\/uploads\/2021\/01\/20201218Bez-nazwy-3-1536x1024.jpg 1536w, https:\/\/moja24.pl\/wp-content\/uploads\/2021\/01\/20201218Bez-nazwy-3-696x464.jpg 696w, https:\/\/moja24.pl\/wp-content\/uploads\/2021\/01\/20201218Bez-nazwy-3-1068x712.jpg 1068w, https:\/\/moja24.pl\/wp-content\/uploads\/2021\/01\/20201218Bez-nazwy-3-630x420.jpg 630w, https:\/\/moja24.pl\/wp-content\/uploads\/2021\/01\/20201218Bez-nazwy-3-450x300.jpg 450w, https:\/\/moja24.pl\/wp-content\/uploads\/2021\/01\/20201218Bez-nazwy-3.jpg 1776w\" sizes=\"auto, (max-width: 640px) 100vw, 640px\" \/><figcaption id=\"caption-attachment-16379\" class=\"wp-caption-text\">fot. KK Kontra<\/figcaption><\/figure>\n","protected":false},"excerpt":{"rendered":"<p>SPORTY WALKI | Jak co roku o tej porze, Klub Karate Kontra w \u017barach zorganizowa\u0142 Gwiazdkowy Turniej Karate. Turniej odby\u0142 si\u0119 12 grudnia, ale jego formu\u0142a by\u0142a nieco odmienna, ni\u017c zazwyczaj. Ze wzgl\u0119du na obecne wytyczne sanitarne, zawody przeprowadzono w czterech turach, tak aby nie wszyscy uczestnicy przebywali na raz w jednej sali. Niestety, rodziny [&hellip;]<\/p>\n","protected":false},"author":4,"featured_media":16380,"comment_status":"closed","ping_status":"closed","sticky":false,"template":"","format":"standard","meta":{"_monsterinsights_skip_tracking":false,"_monsterinsights_sitenote_active":false,"_monsterinsights_sitenote_note":"","_monsterinsights_sitenote_category":0,"footnotes":""},"categories":[20,23,28],"tags":[2129,2180,2181,826,66],"class_list":["post-16378","post","type-post","status-publish","format-standard","has-post-thumbnail","hentry","category-informacje","category-sport","category-wiadomosci","tag-karate","tag-klub-karate","tag-kontra","tag-sporty-walki","tag-zary"],"_links":{"self":[{"href":"https:\/\/moja24.pl\/index.php\/wp-json\/wp\/v2\/posts\/16378","targetHints":{"allow":["GET"]}}],"collection":[{"href":"https:\/\/moja24.pl\/index.php\/wp-json\/wp\/v2\/posts"}],"about":[{"href":"https:\/\/moja24.pl\/index.php\/wp-json\/wp\/v2\/types\/post"}],"author":[{"embeddable":true,"href":"https:\/\/moja24.pl\/index.php\/wp-json\/wp\/v2\/users\/4"}],"replies":[{"embeddable":true,"href":"https:\/\/moja24.pl\/index.php\/wp-json\/wp\/v2\/comments?post=16378"}],"version-history":[{"count":1,"href":"https:\/\/moja24.pl\/index.php\/wp-json\/wp\/v2\/posts\/16378\/revisions"}],"predecessor-version":[{"id":16382,"href":"https:\/\/moja24.pl\/index.php\/wp-json\/wp\/v2\/posts\/16378\/revisions\/16382"}],"wp:featuredmedia":[{"embeddable":true,"href":"https:\/\/moja24.pl\/index.php\/wp-json\/wp\/v2\/media\/16380"}],"wp:attachment":[{"href":"https:\/\/moja24.pl\/index.php\/wp-json\/wp\/v2\/media?parent=16378"}],"wp:term":[{"taxonomy":"category","embeddable":true,"href":"https:\/\/moja24.pl\/index.php\/wp-json\/wp\/v2\/categories?post=16378"},{"taxonomy":"post_tag","embeddable":true,"href":"https:\/\/moja24.pl\/index.php\/wp-json\/wp\/v2\/tags?post=16378"}],"curies":[{"name":"wp","href":"https:\/\/api.w.org\/{rel}","templated":true}]}}