{"id":16438,"date":"2021-01-09T17:00:20","date_gmt":"2021-01-09T16:00:20","guid":{"rendered":"https:\/\/moja24.pl\/?p=16438"},"modified":"2021-01-09T14:27:13","modified_gmt":"2021-01-09T13:27:13","slug":"zima-nie-zapominajmy-o-bezdomnych","status":"publish","type":"post","link":"https:\/\/moja24.pl\/index.php\/2021\/01\/09\/zima-nie-zapominajmy-o-bezdomnych\/","title":{"rendered":"Zim\u0105 nie zapominajmy o bezdomnych"},"content":{"rendered":"<div class=\"head\"><\/div>\n<div><strong>\u017bARY | Policjanci z \u017carskiej komendy systematycznie sprawdzaj\u0105 miejsca, w kt\u00f3rych mog\u0105 przebywa\u0107 bezdomni. Zimne noce stanowi\u0105 powa\u017cne zagro\u017cenie dla \u017cycia i zdrowia nie tylko dla nich, ale tak\u017ce os\u00f3b w podesz\u0142ym wieku mieszkaj\u0105cych samotnie lub nietrze\u017awych. Nie b\u0105d\u017amy oboj\u0119tni i alarmujmy o zagro\u017conych wych\u0142odzeniem.<\/strong><\/div>\n<div><\/div>\n<div class=\"zdjecia gallery-pion-right\">\n<div class=\"clear\">Zima to czas bardzo trudny dla bezdomnych. Spadki temperatury szczeg\u00f3lnie w nocy stanowi\u0105 dla nich powa\u017cne zagro\u017cenie. Osoby samotne w podesz\u0142ym wieku,\u00a0 chore, ale tak\u017ce nietrze\u017awe nara\u017cone s\u0105 na utrat\u0119 \u017cycia lub zdrowia. Dlatego policjanci z \u017carskiej komendy o tej porze roku sprawdzaj\u0105\u00a0 pustostany, altany, parki oraz wszystkie inne miejsca, gdzie mog\u0105 przebywa\u0107 osoby bezdomne. Niskie temperatury mog\u0105 spowodowa\u0107, \u017ce ich \u017cycie i zdrowie b\u0119dzie zagro\u017cone poprzez wych\u0142odzenie organizmu. Szczeg\u00f3lnej uwagi wymagaj\u0105 tak\u017ce osoby starsze, kt\u00f3re mieszkaj\u0105 samotnie. Pozosta\u0144my czujni szczeg\u00f3lnie, gdy temperatura spadnie poni\u017cej zera.<\/div>\n<\/div>\n<p class=\"western\">Ka\u017cdy z nas mo\u017ce pom\u00f3c w takiej sytuacji, dlatego nie b\u0105d\u017amy oboj\u0119tni, informujmy dzwoni\u0105c na numer 112. Jeden taki telefon mo\u017ce uratowa\u0107 komu\u015b \u017cycie. Warto skorzysta\u0107 tak\u017ce z\u00a0<strong>Krajowej Mapy Zagro\u017ce\u0144 Bezpiecze\u0144stwa<\/strong>. To aplikacja, kt\u00f3ra posiada zak\u0142adk\u0119 \u201e<strong>osoba bezdomna wymagaj\u0105ca pomocy<\/strong>\u201d. W ten spos\u00f3b r\u00f3wnie\u017c mo\u017cna informowa\u0107 o miejscach przebywania bezdomnych. Policjanci sprawdz\u0105 ka\u017cde takie zg\u0142oszenie.<\/p>\n<p class=\"western\"><strong>Przypominamy o bezp\u0142atnej infolinii uruchomionej przez Centrum Zarz\u0105dzania Kryzysowego Wojewody Lubuskiego: 800 109 160,<\/strong>\u00a0gdzie mo\u017cna uzyska\u0107 informacj\u0119 o miejscach noclegowych, oraz punktach wydawania posi\u0142k\u00f3w\u00a0 dla bezdomnych i potrzebuj\u0105cych pomocy.<\/p>\n<p class=\"western\"><strong>Na terenie powiatu \u017carskiego s\u0105 to:<\/strong><\/p>\n<ul>\n<li>\n<p class=\"western\">\u017barska Sp\u00f3\u0142dzielnia Socjalna ul. Tkacka 4 Lubsko telefon 601 188 649 -ogrzewalnia 20 miejsc (od poniedzia\u0142ku do pi\u0105tku w godzinach od 18.00 do 8.00, w sobot\u0119 i niedziel\u0119 ca\u0142odobowo);<\/p>\n<\/li>\n<li>\n<p class=\"western\">Fundacja ,,Pogodna Jesie\u0144 Seniora&#8221;, ul. Bohater\u00f3w Getta 9, telefon 502 128 818, 518 335 023- noclegownia dla os\u00f3b bezdomnych 20 miejsc ( od poniedzia\u0142ku do pi\u0105tku w godzinach od 18.00 do 8.00, w sobot\u0119 od 18.00 do 11.00 i w niedziel\u0119 od 16.00 do 8.00);<\/p>\n<\/li>\n<li>\n<p class=\"western\">Chrze\u015bcija\u0144skie Schronisko dla Bezdomnych M\u0119\u017cczyzn, Mirostowice G\u00f3rne 78, telefon 602 337 188- schronisko 25 miejsc noclegowych (ca\u0142odobowo);<\/p>\n<\/li>\n<li>\n<p class=\"western\">Ma\u0142a Gastronomia ,,U Zosi&#8221;, ulica Emilii Plater 30 Lubsko, telefon 510 908 557- sto\u0142\u00f3wka, 30 posi\u0142k\u00f3w w godzinach od 11.00 do 13.00.<\/p>\n<\/li>\n<\/ul>\n<p style=\"text-align: right;\"><strong>kom. Aneta Berestecka<\/strong><\/p>\n","protected":false},"excerpt":{"rendered":"<p>\u017bARY | Policjanci z \u017carskiej komendy systematycznie sprawdzaj\u0105 miejsca, w kt\u00f3rych mog\u0105 przebywa\u0107 bezdomni. Zimne noce stanowi\u0105 powa\u017cne zagro\u017cenie dla \u017cycia i zdrowia nie tylko dla nich, ale tak\u017ce os\u00f3b w podesz\u0142ym wieku mieszkaj\u0105cych samotnie lub nietrze\u017awych. Nie b\u0105d\u017amy oboj\u0119tni i alarmujmy o zagro\u017conych wych\u0142odzeniem. Zima to czas bardzo trudny dla bezdomnych. Spadki temperatury szczeg\u00f3lnie [&hellip;]<\/p>\n","protected":false},"author":4,"featured_media":16439,"comment_status":"closed","ping_status":"closed","sticky":false,"template":"","format":"standard","meta":{"_monsterinsights_skip_tracking":false,"_monsterinsights_sitenote_active":false,"_monsterinsights_sitenote_note":"","_monsterinsights_sitenote_category":0,"footnotes":""},"categories":[20,21],"tags":[1119,66],"class_list":["post-16438","post","type-post","status-publish","format-standard","has-post-thumbnail","hentry","category-informacje","category-wypadki-przypadki","tag-policja","tag-zary"],"_links":{"self":[{"href":"https:\/\/moja24.pl\/index.php\/wp-json\/wp\/v2\/posts\/16438","targetHints":{"allow":["GET"]}}],"collection":[{"href":"https:\/\/moja24.pl\/index.php\/wp-json\/wp\/v2\/posts"}],"about":[{"href":"https:\/\/moja24.pl\/index.php\/wp-json\/wp\/v2\/types\/post"}],"author":[{"embeddable":true,"href":"https:\/\/moja24.pl\/index.php\/wp-json\/wp\/v2\/users\/4"}],"replies":[{"embeddable":true,"href":"https:\/\/moja24.pl\/index.php\/wp-json\/wp\/v2\/comments?post=16438"}],"version-history":[{"count":1,"href":"https:\/\/moja24.pl\/index.php\/wp-json\/wp\/v2\/posts\/16438\/revisions"}],"predecessor-version":[{"id":16440,"href":"https:\/\/moja24.pl\/index.php\/wp-json\/wp\/v2\/posts\/16438\/revisions\/16440"}],"wp:featuredmedia":[{"embeddable":true,"href":"https:\/\/moja24.pl\/index.php\/wp-json\/wp\/v2\/media\/16439"}],"wp:attachment":[{"href":"https:\/\/moja24.pl\/index.php\/wp-json\/wp\/v2\/media?parent=16438"}],"wp:term":[{"taxonomy":"category","embeddable":true,"href":"https:\/\/moja24.pl\/index.php\/wp-json\/wp\/v2\/categories?post=16438"},{"taxonomy":"post_tag","embeddable":true,"href":"https:\/\/moja24.pl\/index.php\/wp-json\/wp\/v2\/tags?post=16438"}],"curies":[{"name":"wp","href":"https:\/\/api.w.org\/{rel}","templated":true}]}}