{"id":16591,"date":"2021-01-15T11:31:00","date_gmt":"2021-01-15T10:31:00","guid":{"rendered":"http:\/\/moja24.pl\/?p=16591"},"modified":"2021-01-15T11:31:00","modified_gmt":"2021-01-15T10:31:00","slug":"trener-koszykarzy-i-strazak-zawodowy-bedzie-nowym-radnym-miejskim","status":"publish","type":"post","link":"https:\/\/moja24.pl\/index.php\/2021\/01\/15\/trener-koszykarzy-i-strazak-zawodowy-bedzie-nowym-radnym-miejskim\/","title":{"rendered":"Trener koszykarzy i stra\u017cak zawodowy b\u0119dzie nowym radnym miejskim"},"content":{"rendered":"<p><strong>\u017bARY | \u0141ukasz Rubczy\u0144ski, znany kibicom trener w drugoligowym klubie BC Swiss Krono \u017bary, zostanie radnym miejskim.<\/strong><\/p>\n<p>\u0141ukasz Rubczy\u0144ski startowa\u0142 w ostatnich wyborach samorz\u0105dowych z listy Komitetu Wyborczego Wyborc\u00f3w Dobre Miasto Lepszy Powiat, ale mandatu nie uzyska\u0142. Wyprzedzi\u0142 go \u0141ukasz Matyjasek, kt\u00f3ry wszed\u0142 do sk\u0142adu rady. Po wygranym konkursie na dyrektora \u017barskiego Domu Kultury, Matyjasek musi zrezygnowa\u0107 z pracy w radzie miejskiej, w kt\u00f3rej pe\u0142ni\u0142 funkcj\u0119 wiceprzewodnicz\u0105cego.<\/p>\n<p>Tym samym, do rady wejdzie nast\u0119pny z listy, czyli \u0141ukasz Rubczy\u0144ski. Opr\u00f3cz pracy trenerskiej, jest on na co dzie\u0144 stra\u017cakiem zawodowym. Starszy ogniomistrz \u0141ukasz Rubczy\u0144ski pracuje na etacie dow\u00f3dcy zast\u0119pu w \u017carskiej jednostce Pa\u0144stwowej Stra\u017cy Po\u017carnej. Stra\u017cakiem jest ju\u017c od 15 lat. Ma r\u00f3wnie\u017c do\u015bwiadczenie samorz\u0105dowe. By\u0142 radnym miejskim w \u017barach w kadencji 2014-2018. <strong>ATB<\/strong><\/p>\n","protected":false},"excerpt":{"rendered":"<p>\u017bARY | \u0141ukasz Rubczy\u0144ski, znany kibicom trener w drugoligowym klubie BC Swiss Krono \u017bary, zostanie radnym miejskim. \u0141ukasz Rubczy\u0144ski startowa\u0142 w ostatnich wyborach samorz\u0105dowych z listy Komitetu Wyborczego Wyborc\u00f3w Dobre Miasto Lepszy Powiat, ale mandatu nie uzyska\u0142. Wyprzedzi\u0142 go \u0141ukasz Matyjasek, kt\u00f3ry wszed\u0142 do sk\u0142adu rady. Po wygranym konkursie na dyrektora \u017barskiego Domu Kultury, Matyjasek [&hellip;]<\/p>\n","protected":false},"author":4,"featured_media":16592,"comment_status":"closed","ping_status":"closed","sticky":false,"template":"","format":"standard","meta":{"_monsterinsights_skip_tracking":false,"_monsterinsights_sitenote_active":false,"_monsterinsights_sitenote_note":"","_monsterinsights_sitenote_category":0,"footnotes":""},"categories":[20,23],"tags":[2091,208,2116,1689,1178,66],"class_list":["post-16591","post","type-post","status-publish","format-standard","has-post-thumbnail","hentry","category-informacje","category-sport","tag-bc-swiss-krono-zary","tag-lukasz-matyjasek","tag-lukasz-rubczynski","tag-rada-miejska","tag-straz-pozarna","tag-zary"],"_links":{"self":[{"href":"https:\/\/moja24.pl\/index.php\/wp-json\/wp\/v2\/posts\/16591","targetHints":{"allow":["GET"]}}],"collection":[{"href":"https:\/\/moja24.pl\/index.php\/wp-json\/wp\/v2\/posts"}],"about":[{"href":"https:\/\/moja24.pl\/index.php\/wp-json\/wp\/v2\/types\/post"}],"author":[{"embeddable":true,"href":"https:\/\/moja24.pl\/index.php\/wp-json\/wp\/v2\/users\/4"}],"replies":[{"embeddable":true,"href":"https:\/\/moja24.pl\/index.php\/wp-json\/wp\/v2\/comments?post=16591"}],"version-history":[{"count":2,"href":"https:\/\/moja24.pl\/index.php\/wp-json\/wp\/v2\/posts\/16591\/revisions"}],"predecessor-version":[{"id":16594,"href":"https:\/\/moja24.pl\/index.php\/wp-json\/wp\/v2\/posts\/16591\/revisions\/16594"}],"wp:featuredmedia":[{"embeddable":true,"href":"https:\/\/moja24.pl\/index.php\/wp-json\/wp\/v2\/media\/16592"}],"wp:attachment":[{"href":"https:\/\/moja24.pl\/index.php\/wp-json\/wp\/v2\/media?parent=16591"}],"wp:term":[{"taxonomy":"category","embeddable":true,"href":"https:\/\/moja24.pl\/index.php\/wp-json\/wp\/v2\/categories?post=16591"},{"taxonomy":"post_tag","embeddable":true,"href":"https:\/\/moja24.pl\/index.php\/wp-json\/wp\/v2\/tags?post=16591"}],"curies":[{"name":"wp","href":"https:\/\/api.w.org\/{rel}","templated":true}]}}