{"id":16601,"date":"2021-01-17T20:05:43","date_gmt":"2021-01-17T19:05:43","guid":{"rendered":"http:\/\/moja24.pl\/?p=16601"},"modified":"2021-01-17T20:05:43","modified_gmt":"2021-01-17T19:05:43","slug":"gazeta-bardziej-eko","status":"publish","type":"post","link":"https:\/\/moja24.pl\/index.php\/2021\/01\/17\/gazeta-bardziej-eko\/","title":{"rendered":"Gazeta bardziej eko"},"content":{"rendered":"<p><strong>Andrzej Buczy\u0144ski, redaktor naczelny<\/strong><\/p>\n<p>Nowy Rok to dobry czas na zmiany. Czas ju\u017c najwy\u017cszy dostosowa\u0107 si\u0119 do zmieniaj\u0105cych si\u0119 nam wszystkim czas\u00f3w. W minionym roku wiele sfer naszego \u017cycia, w mniejszym lub wi\u0119kszym stopniu, przesz\u0142o do internetu. Wi\u0119cej handlu w internecie, wi\u0119cej spraw urz\u0119dowych za\u0142atwianych przez internet. Szko\u0142a nawet przez internet, co akurat uwa\u017cam za zmian\u0119 ma\u0142o po\u017c\u0105dan\u0105. Ale generalnie ten proces jest nieunikniony i nie do zatrzymania.<\/p>\n<p>Tak wi\u0119c, drodzy czytelnicy Mojej Gazety, og\u0142aszam oficjalnie, \u017ce nie b\u0119dzie papierowego wydania. Gazeta b\u0119dzie za to w internecie. B\u0119dzie to, co do tej pory, czyli informacje, artyku\u0142y, rozmowy z ciekawymi lud\u017ami, albo tymi, kt\u00f3rzy maj\u0105 po prostu co\u015b do powiedzenia. Wszystko znajdziecie teraz na portalu informacyjnym <a href=\"http:\/\/www.moja24.pl\"><strong>MOJA24<\/strong>.pl<\/a>.<\/p>\n<p>I ju\u017c widz\u0119, jak ekolodzy r\u0105czki zacieraj\u0105 z zadowolenia. Ano tak. S\u0105 powody do rado\u015bci. Zaoszcz\u0119dzony papier, to mniej wyci\u0119tych drzew. Jeste\u015bmy wi\u0119c ekologiczni. Mo\u017ce posmutniej\u0105 nieco tylko ci, kt\u00f3rzy w sezonie grzewczym u\u017cywaj\u0105 gazet na rozpa\u0142k\u0119. Wybaczcie, w tym Wam ju\u017c nie pomo\u017cemy.<\/p>\n<p>Co si\u0119 zmieni? Informacja dotrze do Was szybciej. Na wiadomo\u015bci z soboty nie b\u0119dziecie musieli czeka\u0107 do nast\u0119pnego pi\u0105tku. B\u0119dzie wi\u0119cej zdj\u0119\u0107, b\u0119d\u0105 materia\u0142y wideo. Informacja szybsza i szybciej oraz powszechniej dost\u0119pna. Na ekranie komputera, na smartfonie w wannie, czy gdzie\u015b tam w \u0142azience. Na \u0142awce w parku, na dzia\u0142ce, na ba\u0142tyckiej pla\u017cy. Praktycznie wsz\u0119dzie b\u0119dziecie mieli dost\u0119p do naszych informacji z \u017bar i okolic.<\/p>\n<p>Co si\u0119 nie zmieni? Papierowa gazeta by\u0142a bezp\u0142atna. Nadal b\u0119dzie bezp\u0142atnie. Nie wprowadzimy \u017cadnych subskrypcji na dost\u0119p do artyku\u0142\u00f3w. I niezmiennie, nie przeczytacie w Mojej Gazecie kroniki \u015bmierci i ludzkich tragedii. Lubi\u0119 pozytywne informacje. Lubi\u0119, gdy komu\u015b co\u015b si\u0119 uda\u0142o, gdy kto\u015b co\u015b osi\u0105gn\u0105\u0142. Dzieciak zdoby\u0142 nagrod\u0119, sportowiec medal, a d\u0142ugi remont nareszcie si\u0119 sko\u0144czy\u0142. Jestem przekonany, \u017ce w \u015bwiecie pe\u0142nym tragedii, w\u0142a\u015bnie takich informacji nam potrzeba. Ale je\u015bli kto\u015b potrzebuje tragedii, to odsy\u0142am do innych medi\u00f3w.<\/p>\n<p>Przy okazji dzi\u0119kuj\u0119 za wiele mi\u0142ych s\u0142\u00f3w, jakie na temat Mojej Gazety docieraj\u0105 do mnie bezustannie. Dzi\u0119kuj\u0119 wszystkim, kt\u00f3rzy zapewniali, \u017ce co pi\u0105tek czytali gazet\u0119 od deski do deski. Tym, kt\u00f3rzy niecierpliwie czekali na kolejny numer. Drodzy czytelnicy, wasza Moja Gazeta b\u0119dzie teraz nie co pi\u0105tek, ale codziennie.<\/p>\n<p>Kto\u015b mi powiedzia\u0142, \u017ce seniorzy czytaj\u0105 tylko papier. Nic bardziej mylnego. Dawno min\u0119\u0142y czasy, gdy seniorzy bali si\u0119 komputera. Moja mama, emerytka, p\u0142aci sobie rachunki przez internet. Te\u015b\u0107, emeryt, czyta w sieci wiadomo\u015bci sportowe. S\u0105siad\u00f3w, emeryt\u00f3w, ci\u0105gle widz\u0119 na facebooku. Jasne, \u017ce nie wszyscy korzystaj\u0105 z internetu, ale znam i takich m\u0142odych, kt\u00f3rzy nie maj\u0105 konta na facebooku. Bo nie i ju\u017c.<\/p>\n<p>Kiedy\u015b jeden starszy ju\u017c pan powiedzia\u0142 mi, \u017ce bardzo si\u0119 ucieszy\u0142, gdy zacz\u0119li\u015bmy publikowa\u0107 poszczeg\u00f3lne wydania gazety w formacie .pdf do pobrania. Ucieszy\u0142 si\u0119, \u017ce nie musi ju\u017c biega\u0107 po gazet\u0119 do sklepu, tylko mo\u017ce po prostu usi\u0105\u015b\u0107 sobie wygodnie przed komputerem. To by\u0142 wyra\u017any sygna\u0142, \u017ce co\u015b si\u0119 zmienia. Moja Gazeta zmienia si\u0119 r\u00f3wnie\u017c.<\/p>\n<p>Chcia\u0142bym te\u017c podkre\u015bli\u0107, \u017ce portal <a href=\"http:\/\/www.moja24.pl\"><strong>MOJA24<\/strong>.pl<\/a> jest dla Was. Tu mo\u017cecie zaprezentowa\u0107 swoje sukcesy. Mo\u017cecie pochwali\u0107 si\u0119 osi\u0105gni\u0119ciami swoich dzieci. Organizujecie jakie\u015b wydarzenie? Robicie jak\u0105\u015b akcj\u0119? Poinformujcie o tym innych. Dla informacji nades\u0142anych stworzyli\u015bmy specjalny dzia\u0142 na portalu &#8211; KONTAKT 24. Zapraszam wi\u0119c do kontaktu. Piszcie, przysy\u0142ajcie zdj\u0119cia na adres <strong><a href=\"mailto:redakcja@moja-gazeta.info\">redakcja@moja-gazeta.info<\/a><\/strong>.<\/p>\n<p>A zatem, pozdrawiam wszystkich serdecznie i do zobaczenia na <a href=\"http:\/\/www.moja24.pl\"><strong>MOJA24<\/strong>.pl<\/a>.<\/p>\n","protected":false},"excerpt":{"rendered":"<p>Andrzej Buczy\u0144ski, redaktor naczelny Nowy Rok to dobry czas na zmiany. Czas ju\u017c najwy\u017cszy dostosowa\u0107 si\u0119 do zmieniaj\u0105cych si\u0119 nam wszystkim czas\u00f3w. W minionym roku wiele sfer naszego \u017cycia, w mniejszym lub wi\u0119kszym stopniu, przesz\u0142o do internetu. Wi\u0119cej handlu w internecie, wi\u0119cej spraw urz\u0119dowych za\u0142atwianych przez internet. Szko\u0142a nawet przez internet, co akurat uwa\u017cam za [&hellip;]<\/p>\n","protected":false},"author":4,"featured_media":16602,"comment_status":"closed","ping_status":"closed","sticky":false,"template":"","format":"standard","meta":{"_monsterinsights_skip_tracking":false,"_monsterinsights_sitenote_active":false,"_monsterinsights_sitenote_note":"","_monsterinsights_sitenote_category":0,"footnotes":""},"categories":[20,2057],"tags":[2200,109,66],"class_list":["post-16601","post","type-post","status-publish","format-standard","has-post-thumbnail","hentry","category-informacje","category-komentarze","tag-andrzej-buczynski","tag-moja-gazeta","tag-zary"],"_links":{"self":[{"href":"https:\/\/moja24.pl\/index.php\/wp-json\/wp\/v2\/posts\/16601","targetHints":{"allow":["GET"]}}],"collection":[{"href":"https:\/\/moja24.pl\/index.php\/wp-json\/wp\/v2\/posts"}],"about":[{"href":"https:\/\/moja24.pl\/index.php\/wp-json\/wp\/v2\/types\/post"}],"author":[{"embeddable":true,"href":"https:\/\/moja24.pl\/index.php\/wp-json\/wp\/v2\/users\/4"}],"replies":[{"embeddable":true,"href":"https:\/\/moja24.pl\/index.php\/wp-json\/wp\/v2\/comments?post=16601"}],"version-history":[{"count":2,"href":"https:\/\/moja24.pl\/index.php\/wp-json\/wp\/v2\/posts\/16601\/revisions"}],"predecessor-version":[{"id":16605,"href":"https:\/\/moja24.pl\/index.php\/wp-json\/wp\/v2\/posts\/16601\/revisions\/16605"}],"wp:featuredmedia":[{"embeddable":true,"href":"https:\/\/moja24.pl\/index.php\/wp-json\/wp\/v2\/media\/16602"}],"wp:attachment":[{"href":"https:\/\/moja24.pl\/index.php\/wp-json\/wp\/v2\/media?parent=16601"}],"wp:term":[{"taxonomy":"category","embeddable":true,"href":"https:\/\/moja24.pl\/index.php\/wp-json\/wp\/v2\/categories?post=16601"},{"taxonomy":"post_tag","embeddable":true,"href":"https:\/\/moja24.pl\/index.php\/wp-json\/wp\/v2\/tags?post=16601"}],"curies":[{"name":"wp","href":"https:\/\/api.w.org\/{rel}","templated":true}]}}