{"id":16625,"date":"2021-01-19T13:26:53","date_gmt":"2021-01-19T12:26:53","guid":{"rendered":"http:\/\/moja24.pl\/?p=16625"},"modified":"2021-01-19T13:26:53","modified_gmt":"2021-01-19T12:26:53","slug":"swiss-krono-zaprasza-na-koncert-noworoczny-bedzie-dostepny-on-line","status":"publish","type":"post","link":"https:\/\/moja24.pl\/index.php\/2021\/01\/19\/swiss-krono-zaprasza-na-koncert-noworoczny-bedzie-dostepny-on-line\/","title":{"rendered":"SWISS KRONO zaprasza na Koncert Noworoczny. B\u0119dzie dost\u0119pny on-line"},"content":{"rendered":"<div class=\"kvgmc6g5 cxmmr5t8 oygrvhab hcukyx3x c1et5uql\">\n<p><strong>&#8222;Niech kwitnie nadzieja w Nas&#8221;. Koncert Noworoczny dedykowany pracownikom s\u0142u\u017cby zdrowia oraz wszystkim zaanga\u017cowanym w walk\u0119 z koronawirusem.\u00a0<\/strong><\/p>\n<p><strong>29 stycznia o godzinie 19.00<\/strong> na kanale Facebook i YouTube firmy SWISS KRONO odb\u0119dzie si\u0119 premiera wyj\u0105tkowego koncertu, kt\u00f3ry dedykujemy pracownikom s\u0142u\u017cby zdrowia oraz wszystkim tym, kt\u00f3rzy od bez ma\u0142a roku zaanga\u017cowani s\u0105 w walk\u0119 z koronawirusem.<\/p>\n<p>W repertuarze znajd\u0105 Pa\u0144stwo utwory takie jak:<br \/>\n&#8211; &#8222;Ave Maria&#8221; Charles\u2019a Gounoda,<br \/>\n&#8211; &#8222;Czas&#8221; s\u0142. W\u0142odzimierz Dul\u0119ba, muzyka Jan Kanty Pawlu\u015bkiewicz,<br \/>\n&#8211; &#8222;Nauczmy si\u0119 \u017cy\u0107 obok siebie&#8221; s\u0142. Wojciech Kejne, muzyka Zbigniew Wodecki,<br \/>\n&#8211; &#8222;Dni kt\u00f3rych nie znamy&#8221; s\u0142. Marek Grechuta muzyka Jan Kanty Pawlu\u015bkiewicz.<\/p>\n<p>W Koncercie Noworocznym wyst\u0105pi\u0105: Anna Lasota, Beata Rybotycka, Kuba Badach, Andrzej Lampert, Jacek W\u00f3jcicki.<br \/>\nZesp\u00f3\u0142 Micha\u0142a Jurkiewicza.<br \/>\nWydarzenie poprowadzi Andrzej Poniedzielski.<\/p>\n<p>Motywem przewodnim koncertu jest utw\u00f3r &#8222;Miejcie Nadziej\u0119&#8221; do kt\u00f3rego s\u0142owa napisa\u0142 Adam Asnyk, a muzyk\u0119 skomponowa\u0142 Zbigniew Preisner. Mimo, \u017ce tekst powsta\u0142 100 lat temu, jego przes\u0142anie jest nadal aktualne i staje si\u0119 dla nas drogowskazem.<\/p>\n<p><em>\u201eMiejcie nadziej\u0119, nie t\u0119 lich\u0105, marn\u0105,<\/em><br \/>\n<em>Co rdze\u0144 spr\u00f3chnia\u0142y w w\u0105t\u0142y kwiat ubiera<\/em><br \/>\n<em>Lecz t\u0119 niez\u0142omn\u0105, kt\u00f3ra tkwi jak ziarno,<\/em><br \/>\n<em>Przysz\u0142ych po\u015bwi\u0119ce\u0144 w duszy bohatera\u201d<\/em><\/p>\n<p>T\u0105 niezwyk\u0142\u0105 kompozycj\u0105 pragniemy doda\u0107 Nam wszystkim si\u0142y i motywacji do przetrwania tego trudnego czasu, a jednocze\u015bnie podzi\u0119kowa\u0107 osobom zaanga\u017cowanym w walk\u0119 z pandemi\u0105. Dzi\u0119kujemy za wszystko co robicie, \u017ceby\u015bmy byli bezpieczni.<\/p>\n<\/div>\n<div><\/div>\n<div class=\"o9v6fnle cxmmr5t8 oygrvhab hcukyx3x c1et5uql\"><strong>TRANSMIJSA ON-LINE<\/strong> dost\u0119pna b\u0119dzie bezp\u0142atnie na kanale YouTube i Facebook firmy SWISS KRONO: <a class=\"oajrlxb2 g5ia77u1 qu0x051f esr5mh6w e9989ue4 r7d6kgcz rq0escxv nhd2j8a9 nc684nl6 p7hjln8o kvgmc6g5 cxmmr5t8 oygrvhab hcukyx3x jb3vyjys rz4wbd8a qt6c0cv9 a8nywdso i1ao9s8h esuyzwwr f1sip0of lzcic4wl py34i1dx gpro0wi8\" tabindex=\"0\" role=\"link\" href=\"http:\/\/youtu.be\/MuQrBpvSNSA?fbclid=IwAR0V5v-JHDgyn1NaOdQY2pssGndOc94BpdKJiQuJJqv_6tN78N3mBJt7f4E\" target=\"_blank\" rel=\"nofollow noopener\">youtu.be\/MuQrBpvSNSA<\/a><\/div>\n<div>Wydarzenie na facebooku: <a href=\"http:\/\/www.facebook.com\/events\/629815841130780\" target=\"_blank\" rel=\"noopener\">Niech kwitnie nadzieja w Nas<\/a><\/div>\n<div><\/div>\n<div style=\"clear: both; text-align: right;\">Serdecznie zapraszamy<br \/>\n<strong>Zarz\u0105d i pracownicy firmy SWISS KRONO<\/strong><\/div>\n<div>\u00a0<span style=\"color: #ffffff;\">.<\/span><\/div>\n","protected":false},"excerpt":{"rendered":"<p>&#8222;Niech kwitnie nadzieja w Nas&#8221;. Koncert Noworoczny dedykowany pracownikom s\u0142u\u017cby zdrowia oraz wszystkim zaanga\u017cowanym w walk\u0119 z koronawirusem.\u00a0 29 stycznia o godzinie 19.00 na kanale Facebook i YouTube firmy SWISS KRONO odb\u0119dzie si\u0119 premiera wyj\u0105tkowego koncertu, kt\u00f3ry dedykujemy pracownikom s\u0142u\u017cby zdrowia oraz wszystkim tym, kt\u00f3rzy od bez ma\u0142a roku zaanga\u017cowani s\u0105 w walk\u0119 z koronawirusem. [&hellip;]<\/p>\n","protected":false},"author":4,"featured_media":16624,"comment_status":"closed","ping_status":"closed","sticky":false,"template":"","format":"standard","meta":{"_monsterinsights_skip_tracking":false,"_monsterinsights_sitenote_active":false,"_monsterinsights_sitenote_note":"","_monsterinsights_sitenote_category":0,"footnotes":""},"categories":[20,25],"tags":[2212,2215,2209,2210,2213,2211,2208,2207,66,2214],"class_list":["post-16625","post","type-post","status-publish","format-standard","has-post-thumbnail","hentry","category-informacje","category-kultura-i-rozrywka","tag-andrzej-lampert","tag-andrzej-poniedzielski","tag-anna-lasota","tag-beata-rybotycka","tag-jacek-wojcicki","tag-kuba-badach","tag-niech-kwitnie-nadzieja-w-nas","tag-swiss-krono-polska","tag-zary","tag-zespol-michala-jurkiewicza"],"_links":{"self":[{"href":"https:\/\/moja24.pl\/index.php\/wp-json\/wp\/v2\/posts\/16625","targetHints":{"allow":["GET"]}}],"collection":[{"href":"https:\/\/moja24.pl\/index.php\/wp-json\/wp\/v2\/posts"}],"about":[{"href":"https:\/\/moja24.pl\/index.php\/wp-json\/wp\/v2\/types\/post"}],"author":[{"embeddable":true,"href":"https:\/\/moja24.pl\/index.php\/wp-json\/wp\/v2\/users\/4"}],"replies":[{"embeddable":true,"href":"https:\/\/moja24.pl\/index.php\/wp-json\/wp\/v2\/comments?post=16625"}],"version-history":[{"count":8,"href":"https:\/\/moja24.pl\/index.php\/wp-json\/wp\/v2\/posts\/16625\/revisions"}],"predecessor-version":[{"id":16633,"href":"https:\/\/moja24.pl\/index.php\/wp-json\/wp\/v2\/posts\/16625\/revisions\/16633"}],"wp:featuredmedia":[{"embeddable":true,"href":"https:\/\/moja24.pl\/index.php\/wp-json\/wp\/v2\/media\/16624"}],"wp:attachment":[{"href":"https:\/\/moja24.pl\/index.php\/wp-json\/wp\/v2\/media?parent=16625"}],"wp:term":[{"taxonomy":"category","embeddable":true,"href":"https:\/\/moja24.pl\/index.php\/wp-json\/wp\/v2\/categories?post=16625"},{"taxonomy":"post_tag","embeddable":true,"href":"https:\/\/moja24.pl\/index.php\/wp-json\/wp\/v2\/tags?post=16625"}],"curies":[{"name":"wp","href":"https:\/\/api.w.org\/{rel}","templated":true}]}}