{"id":16681,"date":"2021-01-20T14:08:09","date_gmt":"2021-01-20T13:08:09","guid":{"rendered":"https:\/\/moja24.pl\/?p=16681"},"modified":"2021-01-20T14:19:45","modified_gmt":"2021-01-20T13:19:45","slug":"co-dzieciaki-robily-podczas-ferii","status":"publish","type":"post","link":"https:\/\/moja24.pl\/index.php\/2021\/01\/20\/co-dzieciaki-robily-podczas-ferii\/","title":{"rendered":"Co dzieciaki robi\u0142y podczas ferii"},"content":{"rendered":"<div>\n<p><strong><span style=\"color: #ff0000;\">\u017bARY<\/span> | Ferie online w Miejskiej Bibliotece Publicznej w \u017barach odbywa\u0142y si\u0119 pod has\u0142em &#8222;Zimowe potyczki&#8221;. Trwa\u0142y od 4. do 15. stycznia.<\/strong><\/p>\n<p>By\u0142y zabawy, krzy\u017c\u00f3wki, gry i konkursy.<br \/>\nA oto wyr\u00f3\u017cnieni w poszczeg\u00f3lnych konkursach:<br \/>\n&#8211; &#8222;Lepimy ba\u0142wana&#8221; &#8211; Martynka lat 7, Hania lat 10;<br \/>\n&#8211; &#8222;Str\u00f3j na bal&#8221; &#8211; Tobiasz lat 9, Milenka lat 8;<br \/>\n&#8211; &#8222;\u015anie\u017cny pejza\u017c&#8221; (w s\u0142oiku) &#8211; Janek lat 7, Agnieszka lat 9;<br \/>\n&#8211; &#8222;Magiczna rzecz&#8221; &#8211; Stasiu lat 7, Hania lat 10;<br \/>\n&#8211; &#8222;Zimowy obrazek&#8221; &#8211; Amelka lat 8, Dawidek lat 7.<\/p>\n<p style=\"text-align: right;\"><strong>Ma\u0142gorzata Paw\u0142owska i Edyta Lachowska<\/strong><\/p>\n<\/div>\n<div><img loading=\"lazy\" decoding=\"async\" class=\"size-full wp-image-16680\" style=\"text-align: center;\" src=\"https:\/\/moja24.pl\/wp-content\/uploads\/2021\/01\/Milenka-lat-8-scaled.jpg\" alt=\"\" width=\"1496\" height=\"2560\" srcset=\"https:\/\/moja24.pl\/wp-content\/uploads\/2021\/01\/Milenka-lat-8-scaled.jpg 1496w, https:\/\/moja24.pl\/wp-content\/uploads\/2021\/01\/Milenka-lat-8-175x300.jpg 175w, https:\/\/moja24.pl\/wp-content\/uploads\/2021\/01\/Milenka-lat-8-599x1024.jpg 599w, https:\/\/moja24.pl\/wp-content\/uploads\/2021\/01\/Milenka-lat-8-768x1314.jpg 768w, https:\/\/moja24.pl\/wp-content\/uploads\/2021\/01\/Milenka-lat-8-898x1536.jpg 898w, https:\/\/moja24.pl\/wp-content\/uploads\/2021\/01\/Milenka-lat-8-1197x2048.jpg 1197w, https:\/\/moja24.pl\/wp-content\/uploads\/2021\/01\/Milenka-lat-8-696x1191.jpg 696w, https:\/\/moja24.pl\/wp-content\/uploads\/2021\/01\/Milenka-lat-8-1068x1827.jpg 1068w, https:\/\/moja24.pl\/wp-content\/uploads\/2021\/01\/Milenka-lat-8-246x420.jpg 246w\" sizes=\"auto, (max-width: 1496px) 100vw, 1496px\" \/><\/div>\n<div>\n<p>Milenka, lat 8. fot. MBP<\/p>\n<figure id=\"attachment_16679\" aria-describedby=\"caption-attachment-16679\" style=\"width: 1920px\" class=\"wp-caption aligncenter\"><img loading=\"lazy\" decoding=\"async\" class=\"size-full wp-image-16679\" src=\"https:\/\/moja24.pl\/wp-content\/uploads\/2021\/01\/Hania-lat-10-scaled.jpg\" alt=\"\" width=\"1920\" height=\"2560\" srcset=\"https:\/\/moja24.pl\/wp-content\/uploads\/2021\/01\/Hania-lat-10-scaled.jpg 1920w, https:\/\/moja24.pl\/wp-content\/uploads\/2021\/01\/Hania-lat-10-225x300.jpg 225w, https:\/\/moja24.pl\/wp-content\/uploads\/2021\/01\/Hania-lat-10-768x1024.jpg 768w, https:\/\/moja24.pl\/wp-content\/uploads\/2021\/01\/Hania-lat-10-1152x1536.jpg 1152w, https:\/\/moja24.pl\/wp-content\/uploads\/2021\/01\/Hania-lat-10-1536x2048.jpg 1536w, https:\/\/moja24.pl\/wp-content\/uploads\/2021\/01\/Hania-lat-10-696x928.jpg 696w, https:\/\/moja24.pl\/wp-content\/uploads\/2021\/01\/Hania-lat-10-1068x1424.jpg 1068w, https:\/\/moja24.pl\/wp-content\/uploads\/2021\/01\/Hania-lat-10-315x420.jpg 315w\" sizes=\"auto, (max-width: 1920px) 100vw, 1920px\" \/><figcaption id=\"caption-attachment-16679\" class=\"wp-caption-text\">Hania, lat 10. fot. MBP<\/figcaption><\/figure>\n<figure id=\"attachment_16677\" aria-describedby=\"caption-attachment-16677\" style=\"width: 2560px\" class=\"wp-caption aligncenter\"><img loading=\"lazy\" decoding=\"async\" class=\"size-full wp-image-16677\" src=\"https:\/\/moja24.pl\/wp-content\/uploads\/2021\/01\/Martynka-lat-7-scaled.jpg\" alt=\"\" width=\"2560\" height=\"1920\" srcset=\"https:\/\/moja24.pl\/wp-content\/uploads\/2021\/01\/Martynka-lat-7-scaled.jpg 2560w, https:\/\/moja24.pl\/wp-content\/uploads\/2021\/01\/Martynka-lat-7-300x225.jpg 300w, https:\/\/moja24.pl\/wp-content\/uploads\/2021\/01\/Martynka-lat-7-1024x768.jpg 1024w, https:\/\/moja24.pl\/wp-content\/uploads\/2021\/01\/Martynka-lat-7-768x576.jpg 768w, https:\/\/moja24.pl\/wp-content\/uploads\/2021\/01\/Martynka-lat-7-1536x1152.jpg 1536w, https:\/\/moja24.pl\/wp-content\/uploads\/2021\/01\/Martynka-lat-7-2048x1536.jpg 2048w, https:\/\/moja24.pl\/wp-content\/uploads\/2021\/01\/Martynka-lat-7-80x60.jpg 80w, https:\/\/moja24.pl\/wp-content\/uploads\/2021\/01\/Martynka-lat-7-265x198.jpg 265w, https:\/\/moja24.pl\/wp-content\/uploads\/2021\/01\/Martynka-lat-7-696x522.jpg 696w, https:\/\/moja24.pl\/wp-content\/uploads\/2021\/01\/Martynka-lat-7-1068x801.jpg 1068w, https:\/\/moja24.pl\/wp-content\/uploads\/2021\/01\/Martynka-lat-7-560x420.jpg 560w, https:\/\/moja24.pl\/wp-content\/uploads\/2021\/01\/Martynka-lat-7-400x300.jpg 400w\" sizes=\"auto, (max-width: 2560px) 100vw, 2560px\" \/><figcaption id=\"caption-attachment-16677\" class=\"wp-caption-text\">Martynka, lat 7. fot. MBP<\/figcaption><\/figure>\n<figure id=\"attachment_16676\" aria-describedby=\"caption-attachment-16676\" style=\"width: 2560px\" class=\"wp-caption aligncenter\"><img loading=\"lazy\" decoding=\"async\" class=\"size-full wp-image-16676\" src=\"https:\/\/moja24.pl\/wp-content\/uploads\/2021\/01\/Janek-lat-7-scaled.jpg\" alt=\"\" width=\"2560\" height=\"1920\" srcset=\"https:\/\/moja24.pl\/wp-content\/uploads\/2021\/01\/Janek-lat-7-scaled.jpg 2560w, https:\/\/moja24.pl\/wp-content\/uploads\/2021\/01\/Janek-lat-7-300x225.jpg 300w, https:\/\/moja24.pl\/wp-content\/uploads\/2021\/01\/Janek-lat-7-1024x768.jpg 1024w, https:\/\/moja24.pl\/wp-content\/uploads\/2021\/01\/Janek-lat-7-768x576.jpg 768w, https:\/\/moja24.pl\/wp-content\/uploads\/2021\/01\/Janek-lat-7-1536x1152.jpg 1536w, https:\/\/moja24.pl\/wp-content\/uploads\/2021\/01\/Janek-lat-7-2048x1536.jpg 2048w, https:\/\/moja24.pl\/wp-content\/uploads\/2021\/01\/Janek-lat-7-80x60.jpg 80w, https:\/\/moja24.pl\/wp-content\/uploads\/2021\/01\/Janek-lat-7-265x198.jpg 265w, https:\/\/moja24.pl\/wp-content\/uploads\/2021\/01\/Janek-lat-7-696x522.jpg 696w, https:\/\/moja24.pl\/wp-content\/uploads\/2021\/01\/Janek-lat-7-1068x801.jpg 1068w, https:\/\/moja24.pl\/wp-content\/uploads\/2021\/01\/Janek-lat-7-560x420.jpg 560w, https:\/\/moja24.pl\/wp-content\/uploads\/2021\/01\/Janek-lat-7-400x300.jpg 400w\" sizes=\"auto, (max-width: 2560px) 100vw, 2560px\" \/><figcaption id=\"caption-attachment-16676\" class=\"wp-caption-text\">Janek, lat 7. fot. MBP<\/figcaption><\/figure>\n<figure id=\"attachment_16675\" aria-describedby=\"caption-attachment-16675\" style=\"width: 1440px\" class=\"wp-caption aligncenter\"><img loading=\"lazy\" decoding=\"async\" class=\"size-full wp-image-16675\" src=\"https:\/\/moja24.pl\/wp-content\/uploads\/2021\/01\/Agnieszka-lat-9-scaled.jpg\" alt=\"\" width=\"1440\" height=\"2560\" srcset=\"https:\/\/moja24.pl\/wp-content\/uploads\/2021\/01\/Agnieszka-lat-9-scaled.jpg 1440w, https:\/\/moja24.pl\/wp-content\/uploads\/2021\/01\/Agnieszka-lat-9-169x300.jpg 169w, https:\/\/moja24.pl\/wp-content\/uploads\/2021\/01\/Agnieszka-lat-9-576x1024.jpg 576w, https:\/\/moja24.pl\/wp-content\/uploads\/2021\/01\/Agnieszka-lat-9-768x1365.jpg 768w, https:\/\/moja24.pl\/wp-content\/uploads\/2021\/01\/Agnieszka-lat-9-864x1536.jpg 864w, https:\/\/moja24.pl\/wp-content\/uploads\/2021\/01\/Agnieszka-lat-9-1152x2048.jpg 1152w, https:\/\/moja24.pl\/wp-content\/uploads\/2021\/01\/Agnieszka-lat-9-696x1237.jpg 696w, https:\/\/moja24.pl\/wp-content\/uploads\/2021\/01\/Agnieszka-lat-9-1068x1899.jpg 1068w, https:\/\/moja24.pl\/wp-content\/uploads\/2021\/01\/Agnieszka-lat-9-236x420.jpg 236w\" sizes=\"auto, (max-width: 1440px) 100vw, 1440px\" \/><figcaption id=\"caption-attachment-16675\" class=\"wp-caption-text\">Agnieszka, lat 9. fot. MBP<\/figcaption><\/figure>\n<figure id=\"attachment_16674\" aria-describedby=\"caption-attachment-16674\" style=\"width: 1779px\" class=\"wp-caption aligncenter\"><img loading=\"lazy\" decoding=\"async\" class=\"size-full wp-image-16674\" src=\"https:\/\/moja24.pl\/wp-content\/uploads\/2021\/01\/Amelia-lat-8-scaled.jpg\" alt=\"\" width=\"1779\" height=\"2560\" srcset=\"https:\/\/moja24.pl\/wp-content\/uploads\/2021\/01\/Amelia-lat-8-scaled.jpg 1779w, https:\/\/moja24.pl\/wp-content\/uploads\/2021\/01\/Amelia-lat-8-208x300.jpg 208w, https:\/\/moja24.pl\/wp-content\/uploads\/2021\/01\/Amelia-lat-8-712x1024.jpg 712w, https:\/\/moja24.pl\/wp-content\/uploads\/2021\/01\/Amelia-lat-8-768x1105.jpg 768w, https:\/\/moja24.pl\/wp-content\/uploads\/2021\/01\/Amelia-lat-8-1067x1536.jpg 1067w, https:\/\/moja24.pl\/wp-content\/uploads\/2021\/01\/Amelia-lat-8-1423x2048.jpg 1423w, https:\/\/moja24.pl\/wp-content\/uploads\/2021\/01\/Amelia-lat-8-696x1002.jpg 696w, https:\/\/moja24.pl\/wp-content\/uploads\/2021\/01\/Amelia-lat-8-1068x1537.jpg 1068w, https:\/\/moja24.pl\/wp-content\/uploads\/2021\/01\/Amelia-lat-8-292x420.jpg 292w\" sizes=\"auto, (max-width: 1779px) 100vw, 1779px\" \/><figcaption id=\"caption-attachment-16674\" class=\"wp-caption-text\">Amelia, lat 8. fot. MBP<\/figcaption><\/figure>\n<figure id=\"attachment_16673\" aria-describedby=\"caption-attachment-16673\" style=\"width: 2560px\" class=\"wp-caption aligncenter\"><img loading=\"lazy\" decoding=\"async\" class=\"size-full wp-image-16673\" src=\"https:\/\/moja24.pl\/wp-content\/uploads\/2021\/01\/Dawidek-lat-7-scaled.jpg\" alt=\"\" width=\"2560\" height=\"1440\" srcset=\"https:\/\/moja24.pl\/wp-content\/uploads\/2021\/01\/Dawidek-lat-7-scaled.jpg 2560w, https:\/\/moja24.pl\/wp-content\/uploads\/2021\/01\/Dawidek-lat-7-300x169.jpg 300w, https:\/\/moja24.pl\/wp-content\/uploads\/2021\/01\/Dawidek-lat-7-1024x576.jpg 1024w, https:\/\/moja24.pl\/wp-content\/uploads\/2021\/01\/Dawidek-lat-7-768x432.jpg 768w, https:\/\/moja24.pl\/wp-content\/uploads\/2021\/01\/Dawidek-lat-7-1536x864.jpg 1536w, https:\/\/moja24.pl\/wp-content\/uploads\/2021\/01\/Dawidek-lat-7-2048x1152.jpg 2048w, https:\/\/moja24.pl\/wp-content\/uploads\/2021\/01\/Dawidek-lat-7-696x392.jpg 696w, https:\/\/moja24.pl\/wp-content\/uploads\/2021\/01\/Dawidek-lat-7-1068x601.jpg 1068w, https:\/\/moja24.pl\/wp-content\/uploads\/2021\/01\/Dawidek-lat-7-747x420.jpg 747w, https:\/\/moja24.pl\/wp-content\/uploads\/2021\/01\/Dawidek-lat-7-533x300.jpg 533w\" sizes=\"auto, (max-width: 2560px) 100vw, 2560px\" \/><figcaption id=\"caption-attachment-16673\" class=\"wp-caption-text\">Dawidek, lat 7. fot. MBP<\/figcaption><\/figure>\n<figure id=\"attachment_16672\" aria-describedby=\"caption-attachment-16672\" style=\"width: 1200px\" class=\"wp-caption aligncenter\"><img loading=\"lazy\" decoding=\"async\" class=\"size-full wp-image-16672\" src=\"https:\/\/moja24.pl\/wp-content\/uploads\/2021\/01\/Stasiu-lat-7.jpg\" alt=\"\" width=\"1200\" height=\"1600\" srcset=\"https:\/\/moja24.pl\/wp-content\/uploads\/2021\/01\/Stasiu-lat-7.jpg 1200w, https:\/\/moja24.pl\/wp-content\/uploads\/2021\/01\/Stasiu-lat-7-225x300.jpg 225w, https:\/\/moja24.pl\/wp-content\/uploads\/2021\/01\/Stasiu-lat-7-768x1024.jpg 768w, https:\/\/moja24.pl\/wp-content\/uploads\/2021\/01\/Stasiu-lat-7-1152x1536.jpg 1152w, https:\/\/moja24.pl\/wp-content\/uploads\/2021\/01\/Stasiu-lat-7-696x928.jpg 696w, https:\/\/moja24.pl\/wp-content\/uploads\/2021\/01\/Stasiu-lat-7-1068x1424.jpg 1068w, https:\/\/moja24.pl\/wp-content\/uploads\/2021\/01\/Stasiu-lat-7-315x420.jpg 315w\" sizes=\"auto, (max-width: 1200px) 100vw, 1200px\" \/><figcaption id=\"caption-attachment-16672\" class=\"wp-caption-text\">Stasiu, lat 7. fot. MBP<\/figcaption><\/figure>\n<\/div>\n","protected":false},"excerpt":{"rendered":"<p>\u017bARY | Ferie online w Miejskiej Bibliotece Publicznej w \u017barach odbywa\u0142y si\u0119 pod has\u0142em &#8222;Zimowe potyczki&#8221;. Trwa\u0142y od 4. do 15. stycznia. By\u0142y zabawy, krzy\u017c\u00f3wki, gry i konkursy. A oto wyr\u00f3\u017cnieni w poszczeg\u00f3lnych konkursach: &#8211; &#8222;Lepimy ba\u0142wana&#8221; &#8211; Martynka lat 7, Hania lat 10; &#8211; &#8222;Str\u00f3j na bal&#8221; &#8211; Tobiasz lat 9, Milenka lat 8; [&hellip;]<\/p>\n","protected":false},"author":4,"featured_media":16683,"comment_status":"closed","ping_status":"closed","sticky":false,"template":"","format":"standard","meta":{"_monsterinsights_skip_tracking":false,"_monsterinsights_sitenote_active":false,"_monsterinsights_sitenote_note":"","_monsterinsights_sitenote_category":0,"footnotes":""},"categories":[22,20,29,25],"tags":[1118,1159,2153,66],"class_list":["post-16681","post","type-post","status-publish","format-standard","has-post-thumbnail","hentry","category-edukacja","category-informacje","category-kontakt-24","category-kultura-i-rozrywka","tag-biblioteka","tag-ferie","tag-mbp","tag-zary"],"_links":{"self":[{"href":"https:\/\/moja24.pl\/index.php\/wp-json\/wp\/v2\/posts\/16681","targetHints":{"allow":["GET"]}}],"collection":[{"href":"https:\/\/moja24.pl\/index.php\/wp-json\/wp\/v2\/posts"}],"about":[{"href":"https:\/\/moja24.pl\/index.php\/wp-json\/wp\/v2\/types\/post"}],"author":[{"embeddable":true,"href":"https:\/\/moja24.pl\/index.php\/wp-json\/wp\/v2\/users\/4"}],"replies":[{"embeddable":true,"href":"https:\/\/moja24.pl\/index.php\/wp-json\/wp\/v2\/comments?post=16681"}],"version-history":[{"count":3,"href":"https:\/\/moja24.pl\/index.php\/wp-json\/wp\/v2\/posts\/16681\/revisions"}],"predecessor-version":[{"id":16686,"href":"https:\/\/moja24.pl\/index.php\/wp-json\/wp\/v2\/posts\/16681\/revisions\/16686"}],"wp:featuredmedia":[{"embeddable":true,"href":"https:\/\/moja24.pl\/index.php\/wp-json\/wp\/v2\/media\/16683"}],"wp:attachment":[{"href":"https:\/\/moja24.pl\/index.php\/wp-json\/wp\/v2\/media?parent=16681"}],"wp:term":[{"taxonomy":"category","embeddable":true,"href":"https:\/\/moja24.pl\/index.php\/wp-json\/wp\/v2\/categories?post=16681"},{"taxonomy":"post_tag","embeddable":true,"href":"https:\/\/moja24.pl\/index.php\/wp-json\/wp\/v2\/tags?post=16681"}],"curies":[{"name":"wp","href":"https:\/\/api.w.org\/{rel}","templated":true}]}}