{"id":16744,"date":"2021-01-25T01:51:25","date_gmt":"2021-01-25T00:51:25","guid":{"rendered":"https:\/\/moja24.pl\/?p=16744"},"modified":"2021-01-25T01:51:25","modified_gmt":"2021-01-25T00:51:25","slug":"nie-segregujesz-smieci-beda-kontrole-i-kary","status":"publish","type":"post","link":"https:\/\/moja24.pl\/index.php\/2021\/01\/25\/nie-segregujesz-smieci-beda-kontrole-i-kary\/","title":{"rendered":"Nie segregujesz \u015bmieci? B\u0119d\u0105 kontrole i kary"},"content":{"rendered":"<p><strong><span style=\"color: #ff0000;\">\u017bARY<\/span> | Wszyscy musz\u0105 segregowa\u0107 odpady. Ka\u017cdy ma dba\u0107 o sw\u00f3j \u015bmietnik. Niby wszystko proste i jasne, ale ba\u0142aganu wci\u0105\u017c nie brakuje.<\/strong><\/p>\n<p>Ubieg\u0142oroczna \u015bmieciowa rewolucja nadal trwa, cho\u0107 wszystko powinno dzia\u0142a\u0107 ju\u017c jak nale\u017cy. Zacz\u0119\u0142y powoli znika\u0107 z ulic kolorowe dzwony do segregacji odpad\u00f3w. Teraz ka\u017cdy ma mie\u0107 sw\u00f3j \u015bmietnik, za kt\u00f3ry odpowiada. &#8222;Niczyje&#8221; \u015bmietniki w miejscach publicznych, do kt\u00f3rych teoretycznie ka\u017cdy mia\u0142 dost\u0119p i m\u00f3g\u0142 do nich \u0142adowa\u0107 co i ile chcia\u0142, powoli przestaj\u0105 istnie\u0107. Dlaczego jednak jeszcze s\u0105, cho\u0107 zgodnie z za\u0142o\u017ceniami \u015bmieciowej reformy mog\u0142oby ju\u017c ich nie by\u0107? Sytuacj\u0119 obecn\u0105 szeroko komentuje poni\u017cej Daniel Babula z \u017carskiego ratusza. Trzeba podkre\u015bli\u0107, \u017ce ci\u0105gle jeszcze istnieje w \u017barach spory problem z odpadami wielkogabarytowymi. Wida\u0107 to na ka\u017cdym kroku. Kiedy mieszka\u0144cy przestan\u0105 sami za\u015bmieca\u0107 sobie w\u0142asne otoczenie? Kiedy zako\u0144czy si\u0119 proceder podrzucania odpad\u00f3w pod cudze \u015bmietniki? Czy jedynym rozwi\u0105zaniem powinny by\u0107 surowe i konsekwentnie nak\u0142adane kary? Na razie innej opcji nie wida\u0107. Ale b\u0119d\u0105 kontrole, b\u0119d\u0105 mandaty i rejestrowanie z ukrycia \u015bmietnikowych cwaniak\u00f3w.<\/p>\n<p>Edukacja ekologiczna dzieci przyniesie efekty za kilka, czy nawet kilkana\u015bcie lat. Poza tym, to nie dzieci wywalaj\u0105 wersalki i lod\u00f3wki gdzie popadnie. Tym samym, daj\u0105 niestety taki a nie inny przyk\u0142ad swoim dzieciom. Wywie\u017a\u0107 stary mebel na PSZOK mo\u017cna za darmo. I co z tego? Ano nic. Ci\u0105gle walaj\u0105 si\u0119 sterty grat\u00f3w po ca\u0142ym mie\u015bcie, praktycznie przez ca\u0142y rok. Niekt\u00f3rzy nic sobie nie robi\u0105 z obowi\u0105zuj\u0105cego harmonogramu odbioru du\u017cych gabaryt\u00f3w. Inni zostawiaj\u0105 worki ze \u015bmieciami przy \u015bmietnikowych wiatach, do kt\u00f3rych nie maj\u0105 kluczy. Bo chodzi\u0107 im si\u0119 nie chce do innej wiaty, do kt\u00f3rej klucz maj\u0105, ale jest dalej.<\/p>\n<p>Przedsi\u0119biorcy te\u017c powinni segregowa\u0107 odpady. Jak to by\u0142o do tej pory? Teoretycznie mo\u017cna by\u0142o \u015bmieci wywali\u0107 do jakiego\u015b og\u00f3lnodost\u0119pnego \u015bmietnika. Ale teraz stra\u017c miejska mo\u017ce kontrolowa\u0107, czy firma ma w og\u00f3le podpisan\u0105 umow\u0119 na odbi\u00f3r odpad\u00f3w. W dodatku w spos\u00f3b selektywny.<\/p>\n<p>Czy posypi\u0105 si\u0119 kary? Czy mieszka\u0144cy b\u0119d\u0105 musieli p\u0142aci\u0107 podw\u00f3jn\u0105 stawk\u0119 za niechlujno\u015b\u0107 swoich s\u0105siad\u00f3w? Mo\u017ce to jedyna droga do nale\u017cytego porz\u0105dku w mie\u015bcie, kt\u00f3rego niby wszyscy oczekuj\u0105, ale nie wszyscy si\u0119 do tego przyk\u0142adaj\u0105.<\/p>\n<p style=\"text-align: right;\"><strong><span style=\"color: #999999;\">Andrzej Buczy\u0144ski<\/span><\/strong><\/p>\n<figure id=\"attachment_16796\" aria-describedby=\"caption-attachment-16796\" style=\"width: 640px\" class=\"wp-caption aligncenter\"><img loading=\"lazy\" decoding=\"async\" class=\"size-large wp-image-16796\" src=\"https:\/\/moja24.pl\/wp-content\/uploads\/2021\/01\/babula_daniel-1024x683.jpg\" alt=\"\" width=\"640\" height=\"427\" srcset=\"https:\/\/moja24.pl\/wp-content\/uploads\/2021\/01\/babula_daniel-1024x683.jpg 1024w, https:\/\/moja24.pl\/wp-content\/uploads\/2021\/01\/babula_daniel-300x200.jpg 300w, https:\/\/moja24.pl\/wp-content\/uploads\/2021\/01\/babula_daniel-768x512.jpg 768w, https:\/\/moja24.pl\/wp-content\/uploads\/2021\/01\/babula_daniel-1536x1024.jpg 1536w, https:\/\/moja24.pl\/wp-content\/uploads\/2021\/01\/babula_daniel-696x464.jpg 696w, https:\/\/moja24.pl\/wp-content\/uploads\/2021\/01\/babula_daniel-1068x712.jpg 1068w, https:\/\/moja24.pl\/wp-content\/uploads\/2021\/01\/babula_daniel-630x420.jpg 630w, https:\/\/moja24.pl\/wp-content\/uploads\/2021\/01\/babula_daniel-450x300.jpg 450w, https:\/\/moja24.pl\/wp-content\/uploads\/2021\/01\/babula_daniel.jpg 1600w\" sizes=\"auto, (max-width: 640px) 100vw, 640px\" \/><figcaption id=\"caption-attachment-16796\" class=\"wp-caption-text\">Daniel Babula. fot. Andrzej Buczy\u0144ski<\/figcaption><\/figure>\n<p><strong>Daniel Babula, zast\u0119pca naczelnika wydzia\u0142u infrastruktury technicznej i ochrony \u015brodowiska w urz\u0119dzie miejskim w \u017barach:<\/strong><\/p>\n<p><em>&#8211; Zmiany w przepisach wesz\u0142y w \u017cycie od 1 wrze\u015bnia 2020 roku. By\u0142o tam wiele zmian, ale najwa\u017cniejsze jest to, \u017ce wszystkich obowi\u0105zuje segregacja odpad\u00f3w. Nie tylko w\u0142a\u015bcicieli nieruchomo\u015bci zamieszka\u0142ych, ale trzeba te\u017c mie\u0107 \u015bwiadomo\u015b\u0107, co jest bardzo istotne, \u017ce r\u00f3wnie\u017c przedsi\u0119biorcy s\u0105 zobligowani do tego, by segregowa\u0107 odpady. O tym m\u00f3wi ustawa o utrzymaniu czysto\u015bci i porz\u0105dku w gminach. Sk\u0142adowanie odpad\u00f3w mo\u017ce si\u0119 odbywa\u0107 w spos\u00f3b wy\u0142\u0105cznie selektywny. To dotyczy wszystkich.<\/em><\/p>\n<p><em>Po tych kilku miesi\u0105cach, pod wzgl\u0119dem wizerunkowym, nie wygl\u0105da to wszystko jeszcze tak, jakby\u015bmy chcieli. Widzimy to na przyk\u0142ad w \u015bcis\u0142ym centrum miasta. S\u0105 takie sytuacje, gdy odpady nie s\u0105 segregowane w spos\u00f3b nale\u017cyty. Wida\u0107 jeszcze nieporz\u0105dek wok\u00f3\u0142 miejsc do gromadzenia odpad\u00f3w. Jest to spowodowane kilkoma czynnikami. Wrze\u015bniowa reforma wprowadzi\u0142a mi\u0119dzy innymi to, \u017ce teraz ka\u017cdy w\u0142a\u015bciciel nieruchomo\u015bci ma odpowiada\u0107 za miejsce do gromadzenia odpad\u00f3w. Czyli, nie tylko &#8211; jak to by\u0142o do tej pory &#8211; za stan sanitarny i techniczny pojemnik\u00f3w, ale r\u00f3wnie\u017c za porz\u0105dek przy wiatach \u015bmietnikowych. Gminy b\u0119d\u0105 prowadzi\u0142y kontrole pod k\u0105tem prawid\u0142owej segregacji, czy ona w og\u00f3le si\u0119 odbywa i czy jest prawid\u0142owo prowadzona. W zwi\u0105zku z tym, ka\u017cdy w\u0142a\u015bciciel nieruchomo\u015bci musi dysponowa\u0107 w\u0142asnym miejscem do gromadzenia odpad\u00f3w. O tym te\u017c m\u00f3wi\u0105 inne przepisy. Nie zmieni\u0142 si\u0119 przepis, kt\u00f3ry w rozporz\u0105dzeniu dotycz\u0105cym usytuowania budynk\u00f3w okre\u015bla warunki techniczne i wyra\u017anie wskazuje, \u017ce nieruchomo\u015bci budowlane musz\u0105 by\u0107 wyposa\u017cone w miejsca do gromadzenia odpad\u00f3w komunalnych. Ka\u017cdy w\u0142a\u015bciciel czy zarz\u0105dca nieruchomo\u015bci musi dysponowa\u0107 takim miejscem.\u00a0<\/em><\/p>\n<p><em>Generalnie problem dotyczy zabudowy wielolokalowej. Przy zabudowie jednorodzinnej takich problem\u00f3w w\u0142a\u015bciwie nie ma, lub s\u0105 bardzo sporadyczne, poniewa\u017c ka\u017cdy w\u0142a\u015bciciel domku jednorodzinnego dysponuje takim miejscem i jednocze\u015bnie sam o nie dba. W zabudowie wielolokalowej jest o tyle problem, \u017ce szczeg\u00f3lnie w centrum miasta zarz\u0105dcy nie zawsze maj\u0105 odpowiedni teren, na kt\u00f3rym mogliby zlokalizowa\u0107 miejsce do gromadzenia odpad\u00f3w. Do tej pory odbywa\u0142o si\u0119 to w ten spos\u00f3b, \u017ce mieszka\u0144cy korzystali ze \u015bmietnik\u00f3w og\u00f3lnodost\u0119pnych, zlokalizowanych na terenach nale\u017c\u0105cych do miasta. W zwi\u0105zku z tym, nie poczuwano si\u0119 do tego, by dba\u0107 o te miejsca. Dzisiaj to si\u0119 zmienia, w\u0142a\u015bciwie w wi\u0119kszo\u015bci przypadk\u00f3w ju\u017c si\u0119 zmieni\u0142o. W sytuacjach, gdy dana wsp\u00f3lnota nie dysponuje w\u0142asnym miejscem do gromadzenia odpad\u00f3w, musi wyst\u0105pi\u0107 o dzier\u017caw\u0119 takiego gruntu, czy to do gminy, czy te\u017c do innych, odr\u0119bnych podmiot\u00f3w, aby sta\u0107 si\u0119 posiadaczem nieruchomo\u015bci, na terenie kt\u00f3rej b\u0119dzie mo\u017cna postawi\u0107 wiat\u0119 \u015bmietnikow\u0105 i za ni\u0105 odpowiada\u0107.\u00a0<\/em><\/p>\n<p><em>Ju\u017c na pocz\u0105tku ubieg\u0142ego roku przeprowadzili\u015bmy spotkanie ze wszystkimi zarz\u0105dcami w naszym mie\u015bcie i ju\u017c wtedy przekazywali\u015bmy pierwsze informacje, co si\u0119 zmieni w przepisach i z czym b\u0119dzie si\u0119 wi\u0105za\u0142a ta reforma. Wielokrotnie te\u017c wysy\u0142ane by\u0142y pisma do zarz\u0105dc\u00f3w. Jedno na przyk\u0142ad o tym, \u017ce zarz\u0105dcy do czerwca ubieg\u0142ego roku mieli zg\u0142asza\u0107 zapotrzebowanie na pojemniki. Mieli te\u017c podawa\u0107, gdzie i jakie nieruchomo\u015bci chcieliby wydzier\u017cawi\u0107 od gminy, aby m\u00f3c postawi\u0107 swoje wiaty \u015bmietnikowe. Dzisiaj jeszcze nie wszystko zosta\u0142o zrobione tak, jak powinno. Wi\u0119kszo\u015b\u0107 wprawdzie upora\u0142a si\u0119 z tym problemem, ale cz\u0119\u015b\u0107 zarz\u0105dc\u00f3w jeszcze si\u0119 z tym boryka. Dlaczego? Mi\u0119dzy innymi dlatego, \u017ce \u015bcis\u0142e centrum miasta to strefa konserwatorska. S\u0105 takie przypadki, \u017ce zarz\u0105dca ma ju\u017c podpisan\u0105 umow\u0119 dzier\u017cawy z gmin\u0105 \u017bary o statusie miejskim, ale nie ma jeszcze zalece\u0144 konserwatorskich i de facto nie mo\u017ce jeszcze nic na tym terenie zrobi\u0107. Aby wybudowa\u0107 tak\u0105 wiat\u0119 \u015bmietnikow\u0105, to opr\u00f3cz zg\u0142osze\u0144 czy pozwole\u0144, wymagane s\u0105 jeszcze uzgodnienia z konserwatorem. Przez to ca\u0142a procedura mo\u017ce si\u0119 wyd\u0142u\u017ca\u0107. Tak te\u017c si\u0119 dzieje.\u00a0<\/em><\/p>\n<p><em>Inna sytuacja. My, jako gmina, musimy te\u017c dba\u0107 o wizerunek. W zwi\u0105zku z tym, \u017ce przepisy si\u0119 zmieni\u0142y i ka\u017cdy sam odpowiada za miejsce do gromadzenia odpad\u00f3w, zacz\u0119li\u015bmy usuwa\u0107 \u015bmietniki og\u00f3lnodost\u0119pne. Od pewnego czasu operator &#8211; w naszym przypadku Przedsi\u0119biorstwo Komunalne PEKOM &#8211; takie miejsca likwiduje. Zabiera pojemniki z og\u00f3lnodost\u0119pnych teren\u00f3w miejskich. System dzwonowy zniknie z miejsc publicznych, bo ka\u017cdy w\u0142a\u015bciciel nieruchomo\u015bci, musi zapewni\u0107 miejsca do segregacji odpad\u00f3w na swoim terenie. Zdarza si\u0119, \u017ce zarz\u0105dcy nie zd\u0105\u017cyli jeszcze poinformowa\u0107 cz\u0142onk\u00f3w swojej wsp\u00f3lnoty, \u017ce poprzednie miejsce jest ju\u017c nieaktualne. Przyk\u0142adem jest ulica Browarna, gdzie znajdowa\u0142o si\u0119 du\u017ce miejsce do gromadzenia odpad\u00f3w na terenie miejskim. Tamte pojemniki zosta\u0142y przeniesione na nieruchomo\u015bci, kt\u00f3rymi dzisiaj w\u0142adaj\u0105 wsp\u00f3lnoty. Mieli\u015bmy sygna\u0142y od stra\u017cy miejskiej, \u017ce kto\u015b &#8211; w dobrej wierze &#8211; zanosi\u0142 odpady na dawne miejsce, bo jeszcze nie zosta\u0142 powiadomiony, \u017ce ju\u017c musi je wyrzuca\u0107 w innym. Mocno apeluj\u0119 o to, aby zarz\u0105dcy informowali cz\u0142onk\u00f3w swojej wsp\u00f3lnoty o zmianach takich miejsc.<\/em><\/p>\n<p><em>Na wizerunek, kt\u00f3ry nie jest jeszcze do ko\u0144ca taki, jaki by\u0107 powinien, wp\u0142ywa te\u017c to, \u017ce szczeg\u00f3lnie w centrum, granice nieruchomo\u015bci cz\u0119sto s\u0105 po obrysie budynku. Zarz\u0105dcy faktycznie borykaj\u0105 si\u0119 z miejscem na \u015bmietniki. Zdarza si\u0119, \u017ce albo wiaty s\u0105 za ma\u0142e, albo za ma\u0142o jest w nich pojemnik\u00f3w. Apelujemy o to, aby zarz\u0105dcy przeanalizowali swoje wiaty i pojemniki, czy faktycznie wystarcza im to, co posiadaj\u0105. Ilo\u015b\u0107 pojemnik\u00f3w powinna by\u0107 uzale\u017cniona od ilo\u015bci cz\u0142onk\u00f3w danej wsp\u00f3lnoty. Mamy dzi\u015b takie sytuacje, gdy okazuje si\u0119, \u017ce wiaty s\u0105 zbyt ma\u0142e i pojemniki przepe\u0142niaj\u0105 si\u0119 w bardzo kr\u00f3tkim czasie. S\u0105 w zwi\u0105zku z tym sygna\u0142y od zarz\u0105dc\u00f3w, \u017ce mo\u017ce powinni\u015bmy zwi\u0119kszy\u0107 cz\u0119stotliwo\u015b\u0107 odbioru odpad\u00f3w. Ot\u00f3\u017c, zwi\u0119ksza\u0107 jej nie b\u0119dziemy. S\u0105 oczywi\u015bcie przewidziane pewne procedury w wyj\u0105tkowych sytuacjach, ale nie b\u0119dziemy zwi\u0119ksza\u0107 cz\u0119stotliwo\u015bci odbioru \u015bmieci tylko dlatego, \u017ce zarz\u0105dca ma za ma\u0142\u0105 wiat\u0119 \u015bmietnikow\u0105 i nie mo\u017ce tam wstawi\u0107 odpowiedniej ilo\u015bci pojemnik\u00f3w. Takiej, jaka by\u0107 powinna. W tych przypadkach wiaty powinny zosta\u0107 rozbudowane, powi\u0119kszone i dostosowane do rzeczywistych potrzeb. Nie mo\u017ce to by\u0107 przerzucane na gmin\u0119. Zwi\u0119kszenie cz\u0119stotliwo\u015bci odbioru odpad\u00f3w wi\u0105\u017ce si\u0119 tak naprawd\u0119 z podwy\u017ck\u0105. To s\u0105 przecie\u017c dodatkowe koszty. Sporo zarz\u0105dc\u00f3w stawia dzi\u015b wiaty \u015bmietnikowe od podstaw. Nie mo\u017ce by\u0107 tak, \u017ce jedni mog\u0105 wiat\u0119 zbudowa\u0107, a inni, kt\u00f3rzy maj\u0105 za ma\u0142\u0105, b\u0119d\u0105 liczy\u0107 tylko na to, aby \u015bmieciarki przyje\u017cd\u017ca\u0142y cz\u0119\u015bciej.\u00a0<\/em><\/p>\n<p><em>My wszyscy tak naprawd\u0119 uczymy si\u0119 tej segregacji ju\u017c od 2013 roku, po reformie wprowadzaj\u0105cej selektywn\u0105 zbi\u00f3rk\u0119 odpad\u00f3w komunalnych. Co prawda, do 2020 roku segregacja by\u0142a, ale mimo wszystko mo\u017cna by\u0142o jeszcze oddawa\u0107 odpady w spos\u00f3b nieselektywny. Teraz ju\u017c nie mo\u017cna. By\u0107 mo\u017ce, dla niekt\u00f3rych mieszka\u0144c\u00f3w jest to pewna nowo\u015b\u0107, z kt\u00f3r\u0105 musz\u0105 si\u0119 oswoi\u0107 i przekona\u0107 si\u0119 do tego. Cz\u0119\u015b\u0107 spo\u0142ecze\u0144stwa nigdy nie segregowa\u0142a odpad\u00f3w. I to mo\u017ce by\u0107 problem. Ale z pe\u0142n\u0105 i powszechn\u0105 segregacj\u0105 nie mo\u017cemy ju\u017c dyskutowa\u0107. Unia Europejska na\u0142o\u017cy\u0142a na nas pewne wymogi. Je\u015bli nie osi\u0105gniemy okre\u015blonego poziomu recyklingu, to b\u0119dziemy z tego rozliczani. Trzeba mie\u0107 \u015bwiadomo\u015b\u0107, \u017ce b\u0119dziemy p\u0142aci\u0107 kary, a te z kolei zostan\u0105 przerzucone na ca\u0142e spo\u0142ecze\u0144stwo. Kr\u00f3tko m\u00f3wi\u0105c, w takim wypadku b\u0119d\u0105 podwy\u017cki.\u00a0<\/em><\/p>\n<p><em>Wa\u017cne jest to, \u017ce od stycznia 2021 roku nie wprowadzili\u015bmy w \u017barach podwy\u017cek. Pozostajemy przy stawce wynosz\u0105cej 24 z\u0142ote na osob\u0119. Dla por\u00f3wnania, I\u0142owa ma stawk\u0119 31 z\u0142otych, \u017baga\u0144, Lubsko i Jasie\u0144 &#8211; 25 z\u0142otych, Ma\u0142omice &#8211; 28 z\u0142otych. Wa\u017cne te\u017c, \u017ce przy op\u0142acie sankcyjnej pozostawili\u015bmy dwukrotno\u015b\u0107 stawki podstawowej. Maksymalna mo\u017ce by\u0107 czterokrotna.\u00a0<\/em><\/p>\n<p><em>W 2020 roku samo tylko usuwanie tych wszystkich odpad\u00f3w zalegaj\u0105cych przy wiatach \u015bmietnikowych og\u00f3lnodost\u0119pnych, pomimo okre\u015blonego harmonogramu wywozu odpad\u00f3w wielkogabarytowych, kosztowa\u0142o nas dodatkowo oko\u0142o 100 tysi\u0119cy z\u0142otych. To bardzo du\u017co. A pami\u0119tajmy, \u017ce mamy w mie\u015bcie punkt selektywnej zbi\u00f3rki odpad\u00f3w komunalnych, gdzie ka\u017cdy mieszkaniec w ramach op\u0142aty podstawowej w wysoko\u015bci 24 z\u0142otych mo\u017ce tam takie odpady wywie\u017a\u0107, bez dodatkowych koszt\u00f3w. Przypomn\u0119, \u017ce jeszcze dwa lata temu mieli\u015bmy w mie\u015bcie cztery terminy odbioru odpad\u00f3w wielkogabarytowych. Zwi\u0119kszyli\u015bmy ich liczb\u0119. Dzi\u015b jest sze\u015b\u0107 termin\u00f3w w ci\u0105gu roku. I nadal s\u0105 takie sytuacje, sygnalizowane przez stra\u017c miejsk\u0105, \u017ce na przyk\u0142ad dzisiaj jest wyw\u00f3z, a po dw\u00f3ch godzinach le\u017cy ju\u017c wyrzucona kanapa. Mi\u0119dzy innymi po to, aby takich sytuacji nie by\u0142o, te miejsca og\u00f3lnodost\u0119pne s\u0105 likwidowane. Po przeprowadzanych kontrolach na zarz\u0105dc\u0119 nak\u0142adane b\u0119d\u0105 decyzje wymiarowe. Sprowadza si\u0119 to do tego, \u017ce ka\u017cdy zarz\u0105dca odpowiada za w\u0142asn\u0105 wiat\u0119 \u015bmietnikow\u0105. I za prawid\u0142ow\u0105 segregacj\u0119. <\/em><\/p>\n<p><em>Co do kontroli, a tak\u017ce procederu podrzucania odpad\u00f3w. W r\u00f3\u017cnych terminach i w r\u00f3\u017cnych miejscach b\u0119dziemy po prostu zak\u0142ada\u0107 fotopu\u0142apki, kamery. Gdy stra\u017c miejska mo\u017ce ustali\u0107, kto \u015bmieci podrzuci\u0142, nak\u0142ada mandaty. Kontrole najprawdopodobniej zaczn\u0105 si\u0119 na prze\u0142omie stycznia i lutego. Je\u015bli segregacja nie b\u0119dzie prowadzona lub b\u0119dzie prowadzona w spos\u00f3b nieprawid\u0142owy, mo\u017cemy wtedy wprowadzi\u0107 op\u0142at\u0119 sankcyjn\u0105, wymiarow\u0105, w wysoko\u015bci dwukrotnej stawki podstawowej. Opr\u00f3cz tego stra\u017c miejska od 10 wrze\u015bnia otrzyma\u0142a dodatkowe instrumenty, aby w sytuacjach gdy kto\u015b nie posiada pojemnika na odpady, albo nawet umowy na odbi\u00f3r odpad\u00f3w &#8211; w przypadku chocia\u017cby przedsi\u0119biorc\u00f3w, albo kto\u015b nie segreguje odpad\u00f3w, to mo\u017ce na\u0142o\u017cy\u0107 dodatkowo mandat w wysoko\u015bci od 50 do 500 z\u0142otych. Innego wyj\u015bcia nie ma. Nauka segregacji trwa ju\u017c bardzo d\u0142ugo. Kontrole dotyczy\u0107 b\u0119d\u0105 r\u00f3wnie\u017c posiadania kompostownik\u00f3w u tych w\u0142a\u015bcicieli nieruchomo\u015bci, kt\u00f3rzy wnioskowali o bonifikat\u0119 od op\u0142aty i zadeklarowali, \u017ce bioodpady b\u0119d\u0105 sk\u0142adowa\u0107 we w\u0142asnym kompostowniku. W inny spos\u00f3b nie mog\u0105 tego robi\u0107.\u00a0<\/em><\/p>\n<figure id=\"attachment_16798\" aria-describedby=\"caption-attachment-16798\" style=\"width: 640px\" class=\"wp-caption aligncenter\"><img loading=\"lazy\" decoding=\"async\" class=\"size-large wp-image-16798\" src=\"https:\/\/moja24.pl\/wp-content\/uploads\/2021\/01\/20210111_144707-1024x768.jpg\" alt=\"\" width=\"640\" height=\"480\" srcset=\"https:\/\/moja24.pl\/wp-content\/uploads\/2021\/01\/20210111_144707-1024x768.jpg 1024w, https:\/\/moja24.pl\/wp-content\/uploads\/2021\/01\/20210111_144707-300x225.jpg 300w, https:\/\/moja24.pl\/wp-content\/uploads\/2021\/01\/20210111_144707-768x576.jpg 768w, https:\/\/moja24.pl\/wp-content\/uploads\/2021\/01\/20210111_144707-1536x1152.jpg 1536w, https:\/\/moja24.pl\/wp-content\/uploads\/2021\/01\/20210111_144707-80x60.jpg 80w, https:\/\/moja24.pl\/wp-content\/uploads\/2021\/01\/20210111_144707-265x198.jpg 265w, https:\/\/moja24.pl\/wp-content\/uploads\/2021\/01\/20210111_144707-696x522.jpg 696w, https:\/\/moja24.pl\/wp-content\/uploads\/2021\/01\/20210111_144707-1068x801.jpg 1068w, https:\/\/moja24.pl\/wp-content\/uploads\/2021\/01\/20210111_144707-560x420.jpg 560w, https:\/\/moja24.pl\/wp-content\/uploads\/2021\/01\/20210111_144707-400x300.jpg 400w, https:\/\/moja24.pl\/wp-content\/uploads\/2021\/01\/20210111_144707.jpg 2000w\" sizes=\"auto, (max-width: 640px) 100vw, 640px\" \/><figcaption id=\"caption-attachment-16798\" class=\"wp-caption-text\">Wiata otwarta w miejscu publicznym. Wystarczy podjecha\u0107 i wywali\u0107 cokolwiek. fot. Andrzej Buczy\u0144ski<\/figcaption><\/figure>\n","protected":false},"excerpt":{"rendered":"<p>\u017bARY | Wszyscy musz\u0105 segregowa\u0107 odpady. Ka\u017cdy ma dba\u0107 o sw\u00f3j \u015bmietnik. Niby wszystko proste i jasne, ale ba\u0142aganu wci\u0105\u017c nie brakuje. Ubieg\u0142oroczna \u015bmieciowa rewolucja nadal trwa, cho\u0107 wszystko powinno dzia\u0142a\u0107 ju\u017c jak nale\u017cy. Zacz\u0119\u0142y powoli znika\u0107 z ulic kolorowe dzwony do segregacji odpad\u00f3w. Teraz ka\u017cdy ma mie\u0107 sw\u00f3j \u015bmietnik, za kt\u00f3ry odpowiada. &#8222;Niczyje&#8221; \u015bmietniki [&hellip;]<\/p>\n","protected":false},"author":4,"featured_media":16799,"comment_status":"closed","ping_status":"closed","sticky":false,"template":"","format":"standard","meta":{"_monsterinsights_skip_tracking":false,"_monsterinsights_sitenote_active":false,"_monsterinsights_sitenote_note":"","_monsterinsights_sitenote_category":0,"footnotes":""},"categories":[20],"tags":[2084,2220,1182,2175,66],"class_list":["post-16744","post","type-post","status-publish","format-standard","has-post-thumbnail","hentry","category-informacje","tag-daniel-babula","tag-selektywna-zbiorka-odpadow","tag-smieci","tag-straz-miejska","tag-zary"],"_links":{"self":[{"href":"https:\/\/moja24.pl\/index.php\/wp-json\/wp\/v2\/posts\/16744","targetHints":{"allow":["GET"]}}],"collection":[{"href":"https:\/\/moja24.pl\/index.php\/wp-json\/wp\/v2\/posts"}],"about":[{"href":"https:\/\/moja24.pl\/index.php\/wp-json\/wp\/v2\/types\/post"}],"author":[{"embeddable":true,"href":"https:\/\/moja24.pl\/index.php\/wp-json\/wp\/v2\/users\/4"}],"replies":[{"embeddable":true,"href":"https:\/\/moja24.pl\/index.php\/wp-json\/wp\/v2\/comments?post=16744"}],"version-history":[{"count":4,"href":"https:\/\/moja24.pl\/index.php\/wp-json\/wp\/v2\/posts\/16744\/revisions"}],"predecessor-version":[{"id":16800,"href":"https:\/\/moja24.pl\/index.php\/wp-json\/wp\/v2\/posts\/16744\/revisions\/16800"}],"wp:featuredmedia":[{"embeddable":true,"href":"https:\/\/moja24.pl\/index.php\/wp-json\/wp\/v2\/media\/16799"}],"wp:attachment":[{"href":"https:\/\/moja24.pl\/index.php\/wp-json\/wp\/v2\/media?parent=16744"}],"wp:term":[{"taxonomy":"category","embeddable":true,"href":"https:\/\/moja24.pl\/index.php\/wp-json\/wp\/v2\/categories?post=16744"},{"taxonomy":"post_tag","embeddable":true,"href":"https:\/\/moja24.pl\/index.php\/wp-json\/wp\/v2\/tags?post=16744"}],"curies":[{"name":"wp","href":"https:\/\/api.w.org\/{rel}","templated":true}]}}