{"id":16813,"date":"2021-01-25T22:18:50","date_gmt":"2021-01-25T21:18:50","guid":{"rendered":"https:\/\/moja24.pl\/?p=16813"},"modified":"2021-01-25T22:18:50","modified_gmt":"2021-01-25T21:18:50","slug":"zmiana-ruchu-na-poznanskiej","status":"publish","type":"post","link":"https:\/\/moja24.pl\/index.php\/2021\/01\/25\/zmiana-ruchu-na-poznanskiej\/","title":{"rendered":"Zmiana ruchu na Pozna\u0144skiej"},"content":{"rendered":"<p><strong><span style=\"color: #ff0000;\">\u017bARY<\/span> | Od 27 stycznia, czyli od \u015brody, wprowadza si\u0119 zmian\u0119 tymczasowej organizacji ruchu na ul. Pozna\u0144skiej. Umo\u017cliwi ona ruch pojazd\u00f3w jednokierunkowo od B\u0142\u0119kitnej Bramy w kierunku Al. Jana Paw\u0142a II, a nie odwrotnie.<\/strong><\/p>\n<p>Przejazd przez B\u0142\u0119kitn\u0105 Bram\u0119 od ul. Skarbowej w kierunku Al. Jana Paw\u0142a II b\u0119dzie mo\u017cliwy dla pojazd\u00f3w o dopuszczalnej masie ca\u0142kowitej nie przekraczaj\u0105cej 3,5 tony i nie wy\u017cszych ni\u017c 3,8 metra. Nowe oznakowanie pionowe na tym odcinku dopuszcza poruszanie si\u0119 z pr\u0119dko\u015bci\u0105 maksymaln\u0105 20 km\/h przy uwzgl\u0119dnieniu pierwsze\u0144stwa pieszych. Nale\u017cy wi\u0119c zachowa\u0107 szczeg\u00f3ln\u0105 ostro\u017cno\u015b\u0107, poniewa\u017c droga ta biegnie przez park.<\/p>\n<p>Doje\u017cd\u017caj\u0105c do Alei nale\u017cy oczywi\u015bcie skr\u0119ci\u0107 w prawo, zatrzymuj\u0105c si\u0119 wcze\u015bniej przy znaku &#8222;STOP&#8221;. Aby roz\u0142adowa\u0107 ewentualne korki na Pozna\u0144skiej, zmieni si\u0119 nieco funkcja sygnalizacji \u015bwietlnej &#8222;na \u017c\u0105danie&#8221;, kt\u00f3ra zlokalizowana jest przy tym skrzy\u017cowaniu. \u015awiat\u0142a maj\u0105 zmienia\u0107 si\u0119 cyklicznie, zatrzymuj\u0105c co jaki\u015b czas ruch pojazd\u00f3w na Alei, a tym samym u\u0142atwiaj\u0105c skr\u0119t z Pozna\u0144skiej w Alej\u0119 Jana Paw\u0142a II. Pami\u0119ta\u0107 nale\u017cy, \u017ce ruch na tym odcinku Pozna\u0144skiej jest jednokierunkowy, a zatem po zmianie nie b\u0119dzie ju\u017c mo\u017cliwo\u015bci wjazdu z Alei w ul. Pozna\u0144sk\u0105. <span style=\"color: #999999;\"><strong>ATB<\/strong><\/span><\/p>\n<div id='gallery-1' class='gallery galleryid-16813 gallery-columns-1 gallery-size-td_696x385'><figure class='gallery-item'>\n\t\t\t<div class='gallery-icon landscape'>\n\t\t\t\t<a href='https:\/\/moja24.pl\/wp-content\/uploads\/2021\/01\/20210125_125511.jpg'><img loading=\"lazy\" decoding=\"async\" width=\"696\" height=\"385\" src=\"https:\/\/moja24.pl\/wp-content\/uploads\/2021\/01\/20210125_125511-696x385.jpg\" class=\"attachment-td_696x385 size-td_696x385\" alt=\"\" aria-describedby=\"gallery-1-16818\" \/><\/a>\n\t\t\t<\/div>\n\t\t\t\t<figcaption class='wp-caption-text gallery-caption' id='gallery-1-16818'>\n\t\t\t\tfot. Andrzej Buczy\u0144ski\n\t\t\t\t<\/figcaption><\/figure><figure class='gallery-item'>\n\t\t\t<div class='gallery-icon landscape'>\n\t\t\t\t<a href='https:\/\/moja24.pl\/wp-content\/uploads\/2021\/01\/20210125_125613.jpg'><img loading=\"lazy\" decoding=\"async\" width=\"696\" height=\"385\" src=\"https:\/\/moja24.pl\/wp-content\/uploads\/2021\/01\/20210125_125613-696x385.jpg\" class=\"attachment-td_696x385 size-td_696x385\" alt=\"\" aria-describedby=\"gallery-1-16816\" \/><\/a>\n\t\t\t<\/div>\n\t\t\t\t<figcaption class='wp-caption-text gallery-caption' id='gallery-1-16816'>\n\t\t\t\tfot. Andrzej Buczy\u0144ski\n\t\t\t\t<\/figcaption><\/figure><figure class='gallery-item'>\n\t\t\t<div class='gallery-icon landscape'>\n\t\t\t\t<a href='https:\/\/moja24.pl\/wp-content\/uploads\/2021\/01\/20210125_125529.jpg'><img loading=\"lazy\" decoding=\"async\" width=\"696\" height=\"385\" src=\"https:\/\/moja24.pl\/wp-content\/uploads\/2021\/01\/20210125_125529-696x385.jpg\" class=\"attachment-td_696x385 size-td_696x385\" alt=\"\" aria-describedby=\"gallery-1-16819\" \/><\/a>\n\t\t\t<\/div>\n\t\t\t\t<figcaption class='wp-caption-text gallery-caption' id='gallery-1-16819'>\n\t\t\t\tfot. Andrzej Buczy\u0144ski\n\t\t\t\t<\/figcaption><\/figure>\n\t\t<\/div>\n\n","protected":false},"excerpt":{"rendered":"<p>\u017bARY | Od 27 stycznia, czyli od \u015brody, wprowadza si\u0119 zmian\u0119 tymczasowej organizacji ruchu na ul. Pozna\u0144skiej. Umo\u017cliwi ona ruch pojazd\u00f3w jednokierunkowo od B\u0142\u0119kitnej Bramy w kierunku Al. Jana Paw\u0142a II, a nie odwrotnie. Przejazd przez B\u0142\u0119kitn\u0105 Bram\u0119 od ul. Skarbowej w kierunku Al. Jana Paw\u0142a II b\u0119dzie mo\u017cliwy dla pojazd\u00f3w o dopuszczalnej masie ca\u0142kowitej [&hellip;]<\/p>\n","protected":false},"author":4,"featured_media":16817,"comment_status":"closed","ping_status":"closed","sticky":false,"template":"","format":"standard","meta":{"_monsterinsights_skip_tracking":false,"_monsterinsights_sitenote_active":false,"_monsterinsights_sitenote_note":"","_monsterinsights_sitenote_category":0,"footnotes":""},"categories":[20],"tags":[1616,2221,2222,66,2197],"class_list":["post-16813","post","type-post","status-publish","format-standard","has-post-thumbnail","hentry","category-informacje","tag-al-jana-pawla-ii","tag-poznanska","tag-skarbowa","tag-zary","tag-zmiana-organizacji-ruchu"],"_links":{"self":[{"href":"https:\/\/moja24.pl\/index.php\/wp-json\/wp\/v2\/posts\/16813","targetHints":{"allow":["GET"]}}],"collection":[{"href":"https:\/\/moja24.pl\/index.php\/wp-json\/wp\/v2\/posts"}],"about":[{"href":"https:\/\/moja24.pl\/index.php\/wp-json\/wp\/v2\/types\/post"}],"author":[{"embeddable":true,"href":"https:\/\/moja24.pl\/index.php\/wp-json\/wp\/v2\/users\/4"}],"replies":[{"embeddable":true,"href":"https:\/\/moja24.pl\/index.php\/wp-json\/wp\/v2\/comments?post=16813"}],"version-history":[{"count":2,"href":"https:\/\/moja24.pl\/index.php\/wp-json\/wp\/v2\/posts\/16813\/revisions"}],"predecessor-version":[{"id":16820,"href":"https:\/\/moja24.pl\/index.php\/wp-json\/wp\/v2\/posts\/16813\/revisions\/16820"}],"wp:featuredmedia":[{"embeddable":true,"href":"https:\/\/moja24.pl\/index.php\/wp-json\/wp\/v2\/media\/16817"}],"wp:attachment":[{"href":"https:\/\/moja24.pl\/index.php\/wp-json\/wp\/v2\/media?parent=16813"}],"wp:term":[{"taxonomy":"category","embeddable":true,"href":"https:\/\/moja24.pl\/index.php\/wp-json\/wp\/v2\/categories?post=16813"},{"taxonomy":"post_tag","embeddable":true,"href":"https:\/\/moja24.pl\/index.php\/wp-json\/wp\/v2\/tags?post=16813"}],"curies":[{"name":"wp","href":"https:\/\/api.w.org\/{rel}","templated":true}]}}