{"id":1683,"date":"2017-03-02T15:06:13","date_gmt":"2017-03-02T14:06:13","guid":{"rendered":"http:\/\/moja24.pl\/?p=1683"},"modified":"2017-03-02T15:15:18","modified_gmt":"2017-03-02T14:15:18","slug":"drzewo-zerwalo-linie-energetyczna-w-kunicach","status":"publish","type":"post","link":"https:\/\/moja24.pl\/index.php\/2017\/03\/02\/drzewo-zerwalo-linie-energetyczna-w-kunicach\/","title":{"rendered":"Drzewo zerwa\u0142o lini\u0119 energetyczn\u0105 w Kunicach"},"content":{"rendered":"<p><strong><img loading=\"lazy\" decoding=\"async\" class=\"alignleft size-medium wp-image-1687\" src=\"http:\/\/moja24.pl\/wp-content\/uploads\/2017\/03\/IMG_4382-300x200.jpg\" alt=\"\" width=\"300\" height=\"200\" srcset=\"https:\/\/moja24.pl\/wp-content\/uploads\/2017\/03\/IMG_4382-300x200.jpg 300w, https:\/\/moja24.pl\/wp-content\/uploads\/2017\/03\/IMG_4382-768x512.jpg 768w, https:\/\/moja24.pl\/wp-content\/uploads\/2017\/03\/IMG_4382-1024x683.jpg 1024w, https:\/\/moja24.pl\/wp-content\/uploads\/2017\/03\/IMG_4382-696x464.jpg 696w, https:\/\/moja24.pl\/wp-content\/uploads\/2017\/03\/IMG_4382-1068x712.jpg 1068w, https:\/\/moja24.pl\/wp-content\/uploads\/2017\/03\/IMG_4382-630x420.jpg 630w\" sizes=\"auto, (max-width: 300px) 100vw, 300px\" \/>Silny wiatr z\u0142ama\u0142 dzisiaj ok. godz. 14.30 drzewo, kt\u00f3re zerwa\u0142o lini\u0119 energetyczn\u0105 na ulicy Niepodleg\u0142o\u015bci w \u017barach-Kunice.<\/strong><\/p>\n<p>Droga jest zamkni\u0119ta, stra\u017cacy z \u017bar usuwaj\u0105 powalone drzewo i zabezpieczaj\u0105 teren, gdy\u017c zerwana linia energetyczna le\u017cy na poboczu ulicy. B\u0119d\u0105 przerwy w dostawie pr\u0105du w tym rejonie do czasu usuni\u0119cia skutk\u00f3w zdarzenia. W dniu dzisiejszym do godz. 16.30 awarie energetyczne wyst\u0119puj\u0105 r\u00f3wnie\u017c w Olbrachtowie Miastowicach G\u00f3rnych w Stawniku i Mi\u0142owicach.\u00a0\u00a0\u00a0\u00a0\u00a0\u00a0\u00a0\u00a0\u00a0\u00a0\u00a0\u00a0\u00a0\u00a0\u00a0\u00a0\u00a0\u00a0\u00a0\u00a0\u00a0\u00a0\u00a0\u00a0\u00a0\u00a0\u00a0\u00a0\u00a0\u00a0\u00a0\u00a0\u00a0\u00a0\u00a0\u00a0\u00a0\u00a0\u00a0\u00a0\u00a0\u00a0\u00a0\u00a0\u00a0\u00a0\u00a0\u00a0\u00a0\u00a0\u00a0\u00a0\u00a0\u00a0\u00a0\u00a0\u00a0\u00a0\u00a0\u00a0\u00a0\u00a0 \u00a0 \u00a0 <em>MK<\/em><\/p>\n<p><img loading=\"lazy\" decoding=\"async\" class=\"alignleft size-medium wp-image-1688\" src=\"http:\/\/moja24.pl\/wp-content\/uploads\/2017\/03\/IMG_4383-300x200.jpg\" alt=\"\" width=\"300\" height=\"200\" srcset=\"https:\/\/moja24.pl\/wp-content\/uploads\/2017\/03\/IMG_4383-300x200.jpg 300w, https:\/\/moja24.pl\/wp-content\/uploads\/2017\/03\/IMG_4383-768x512.jpg 768w, https:\/\/moja24.pl\/wp-content\/uploads\/2017\/03\/IMG_4383-1024x683.jpg 1024w, https:\/\/moja24.pl\/wp-content\/uploads\/2017\/03\/IMG_4383-696x464.jpg 696w, https:\/\/moja24.pl\/wp-content\/uploads\/2017\/03\/IMG_4383-1068x712.jpg 1068w, https:\/\/moja24.pl\/wp-content\/uploads\/2017\/03\/IMG_4383-630x420.jpg 630w\" sizes=\"auto, (max-width: 300px) 100vw, 300px\" \/>\u00a0<img loading=\"lazy\" decoding=\"async\" class=\"alignleft size-medium wp-image-1689\" src=\"http:\/\/moja24.pl\/wp-content\/uploads\/2017\/03\/IMG_4386-300x200.jpg\" alt=\"\" width=\"300\" height=\"200\" srcset=\"https:\/\/moja24.pl\/wp-content\/uploads\/2017\/03\/IMG_4386-300x200.jpg 300w, https:\/\/moja24.pl\/wp-content\/uploads\/2017\/03\/IMG_4386-768x512.jpg 768w, https:\/\/moja24.pl\/wp-content\/uploads\/2017\/03\/IMG_4386-1024x683.jpg 1024w, https:\/\/moja24.pl\/wp-content\/uploads\/2017\/03\/IMG_4386-696x464.jpg 696w, https:\/\/moja24.pl\/wp-content\/uploads\/2017\/03\/IMG_4386-1068x712.jpg 1068w, https:\/\/moja24.pl\/wp-content\/uploads\/2017\/03\/IMG_4386-630x420.jpg 630w\" sizes=\"auto, (max-width: 300px) 100vw, 300px\" \/><\/p>\n<p>&nbsp;<\/p>\n","protected":false},"excerpt":{"rendered":"<p>Silny wiatr z\u0142ama\u0142 dzisiaj ok. godz. 14.30 drzewo, kt\u00f3re zerwa\u0142o lini\u0119 energetyczn\u0105 na ulicy Niepodleg\u0142o\u015bci w \u017barach-Kunice. Droga jest zamkni\u0119ta, stra\u017cacy z \u017bar usuwaj\u0105 powalone drzewo i zabezpieczaj\u0105 teren, gdy\u017c zerwana linia energetyczna le\u017cy na poboczu ulicy. B\u0119d\u0105 przerwy w dostawie pr\u0105du w tym rejonie do czasu usuni\u0119cia skutk\u00f3w zdarzenia. W dniu dzisiejszym do godz. [&hellip;]<\/p>\n","protected":false},"author":2,"featured_media":1685,"comment_status":"closed","ping_status":"closed","sticky":false,"template":"","format":"standard","meta":{"_monsterinsights_skip_tracking":false,"_monsterinsights_sitenote_active":false,"_monsterinsights_sitenote_note":"","_monsterinsights_sitenote_category":0,"footnotes":""},"categories":[20,21],"tags":[53,254,52,263,67,109,158,33,157,164,61,174,230,110,229,145,113,66],"class_list":["post-1683","post","type-post","status-publish","format-standard","has-post-thumbnail","hentry","category-informacje","category-wypadki-przypadki","tag-informacje-lubuskie","tag-informacje-powiat-zarski","tag-informacje-zagan","tag-kunice-zarskie","tag-miasto-zary","tag-moja-gazeta","tag-moja24-pl","tag-policja-zary","tag-portal-informacyjny-moja-gazeta","tag-portal-moja24-pl","tag-powiat-zary","tag-straz-pozarna-zary","tag-tygodnik-lokalny-moja-gazeta","tag-tygodnik-moja-gazeta","tag-tygodnik-regionalny-moja-gazeta","tag-wiadomosci-powiat-zarski","tag-wiadomosci-z-zar","tag-zary"],"_links":{"self":[{"href":"https:\/\/moja24.pl\/index.php\/wp-json\/wp\/v2\/posts\/1683","targetHints":{"allow":["GET"]}}],"collection":[{"href":"https:\/\/moja24.pl\/index.php\/wp-json\/wp\/v2\/posts"}],"about":[{"href":"https:\/\/moja24.pl\/index.php\/wp-json\/wp\/v2\/types\/post"}],"author":[{"embeddable":true,"href":"https:\/\/moja24.pl\/index.php\/wp-json\/wp\/v2\/users\/2"}],"replies":[{"embeddable":true,"href":"https:\/\/moja24.pl\/index.php\/wp-json\/wp\/v2\/comments?post=1683"}],"version-history":[{"count":3,"href":"https:\/\/moja24.pl\/index.php\/wp-json\/wp\/v2\/posts\/1683\/revisions"}],"predecessor-version":[{"id":1692,"href":"https:\/\/moja24.pl\/index.php\/wp-json\/wp\/v2\/posts\/1683\/revisions\/1692"}],"wp:featuredmedia":[{"embeddable":true,"href":"https:\/\/moja24.pl\/index.php\/wp-json\/wp\/v2\/media\/1685"}],"wp:attachment":[{"href":"https:\/\/moja24.pl\/index.php\/wp-json\/wp\/v2\/media?parent=1683"}],"wp:term":[{"taxonomy":"category","embeddable":true,"href":"https:\/\/moja24.pl\/index.php\/wp-json\/wp\/v2\/categories?post=1683"},{"taxonomy":"post_tag","embeddable":true,"href":"https:\/\/moja24.pl\/index.php\/wp-json\/wp\/v2\/tags?post=1683"}],"curies":[{"name":"wp","href":"https:\/\/api.w.org\/{rel}","templated":true}]}}