{"id":16850,"date":"2021-01-28T10:54:59","date_gmt":"2021-01-28T09:54:59","guid":{"rendered":"https:\/\/moja24.pl\/?p=16850"},"modified":"2021-01-28T10:54:59","modified_gmt":"2021-01-28T09:54:59","slug":"mial-mysli-samobojcze-i-uciekl","status":"publish","type":"post","link":"https:\/\/moja24.pl\/index.php\/2021\/01\/28\/mial-mysli-samobojcze-i-uciekl\/","title":{"rendered":"Mia\u0142 my\u015bli samob\u00f3jcze i uciek\u0142"},"content":{"rendered":"<p><strong><span style=\"color: #ff0000;\">\u017bARY<\/span> | Policjanci z \u017carskiej jednostki prowadzili poszukiwania 37-latka, kt\u00f3ry mia\u0142 my\u015bli samob\u00f3jcze. Wszcz\u0119ty zosta\u0142 alarm, funkcjonariusze odnale\u017ali m\u0119\u017cczyzn\u0119 po 1,5 godziny. Trafi\u0142 pod opiek\u0119 medyczn\u0105.<\/strong><\/p>\n<p>We wtorek (26.01.2021 r.) po po\u0142udniu do dy\u017curnego \u017carskiej komendy wp\u0142yn\u0119\u0142o zg\u0142oszenie o 37-latku, kt\u00f3ry uciek\u0142 ze szpitala i nie wiadomo, w kt\u00f3rym kierunku m\u00f3g\u0142 si\u0119 uda\u0107. M\u0119\u017cczyzna trafi\u0142 do plac\u00f3wki medycznej w tym dniu nad ranem w asy\u015bcie policjant\u00f3w, poniewa\u017c mia\u0142 my\u015bli samob\u00f3jcze.<\/p>\n<p>Po otrzymaniu tej informacji Komendant Powiatowy Policji w \u017barach og\u0142osi\u0142 alarm. Funkcjonariusze \u017carskiej komendy natychmiast rozpocz\u0119li dzia\u0142ania poszukiwawcze. Przeczesywano teren przyleg\u0142y do szpitala, ulice \u017bar, dworce autobusowe i kolejowe, kontaktowano si\u0119 r\u00f3wnie\u017c z rodzin\u0105, aby sprawdzi\u0107 czy 37-latek nie powr\u00f3ci\u0142 do domu. W tej sytuacji liczy\u0142 si\u0119 czas, ka\u017cda minuta by\u0142a cenna, gdy\u017c nieznane by\u0142y dalsze intencje zaginionego.<\/p>\n<p>Na szcz\u0119\u015bcie dzia\u0142ania zako\u0144czy\u0142y si\u0119 szcz\u0119\u015bliwie. Szybka reakcja na zg\u0142oszenie i zaanga\u017cowanie policjant\u00f3w przynios\u0142y efekt po niespe\u0142na 1,5 godziny. Policjanci przeczesuj\u0105c miasto zauwa\u017cyli stoj\u0105cego przy jednej z ulic m\u0119\u017cczyzn\u0119. Jego wygl\u0105d i ubranie by\u0142y zgodne z opisem podanym podczas zg\u0142oszenia. Okaza\u0142o si\u0119, \u017ce jest to zaginiony. Na miejsce wezwano karetk\u0119 pogotowia. 37-latek w asy\u015bcie policjant\u00f3w trafi\u0142 do szpitala pod specjalistyczn\u0105 opiek\u0119 medyczn\u0105.<\/p>\n<p style=\"text-align: right;\"><strong><span style=\"color: #999999;\">kom. Aneta Berestecka<\/span><\/strong><br \/>\n<span style=\"color: #999999;\">oficer prasowy KPP w \u017barach<\/span><\/p>\n","protected":false},"excerpt":{"rendered":"<p>\u017bARY | Policjanci z \u017carskiej jednostki prowadzili poszukiwania 37-latka, kt\u00f3ry mia\u0142 my\u015bli samob\u00f3jcze. Wszcz\u0119ty zosta\u0142 alarm, funkcjonariusze odnale\u017ali m\u0119\u017cczyzn\u0119 po 1,5 godziny. Trafi\u0142 pod opiek\u0119 medyczn\u0105. We wtorek (26.01.2021 r.) po po\u0142udniu do dy\u017curnego \u017carskiej komendy wp\u0142yn\u0119\u0142o zg\u0142oszenie o 37-latku, kt\u00f3ry uciek\u0142 ze szpitala i nie wiadomo, w kt\u00f3rym kierunku m\u00f3g\u0142 si\u0119 uda\u0107. M\u0119\u017cczyzna trafi\u0142 [&hellip;]<\/p>\n","protected":false},"author":4,"featured_media":16849,"comment_status":"closed","ping_status":"closed","sticky":false,"template":"","format":"standard","meta":{"_monsterinsights_skip_tracking":false,"_monsterinsights_sitenote_active":false,"_monsterinsights_sitenote_note":"","_monsterinsights_sitenote_category":0,"footnotes":""},"categories":[20,21],"tags":[74,1119,73,66],"class_list":["post-16850","post","type-post","status-publish","format-standard","has-post-thumbnail","hentry","category-informacje","category-wypadki-przypadki","tag-informacje-zary","tag-policja","tag-wiadomosci-zary","tag-zary"],"_links":{"self":[{"href":"https:\/\/moja24.pl\/index.php\/wp-json\/wp\/v2\/posts\/16850","targetHints":{"allow":["GET"]}}],"collection":[{"href":"https:\/\/moja24.pl\/index.php\/wp-json\/wp\/v2\/posts"}],"about":[{"href":"https:\/\/moja24.pl\/index.php\/wp-json\/wp\/v2\/types\/post"}],"author":[{"embeddable":true,"href":"https:\/\/moja24.pl\/index.php\/wp-json\/wp\/v2\/users\/4"}],"replies":[{"embeddable":true,"href":"https:\/\/moja24.pl\/index.php\/wp-json\/wp\/v2\/comments?post=16850"}],"version-history":[{"count":1,"href":"https:\/\/moja24.pl\/index.php\/wp-json\/wp\/v2\/posts\/16850\/revisions"}],"predecessor-version":[{"id":16851,"href":"https:\/\/moja24.pl\/index.php\/wp-json\/wp\/v2\/posts\/16850\/revisions\/16851"}],"wp:featuredmedia":[{"embeddable":true,"href":"https:\/\/moja24.pl\/index.php\/wp-json\/wp\/v2\/media\/16849"}],"wp:attachment":[{"href":"https:\/\/moja24.pl\/index.php\/wp-json\/wp\/v2\/media?parent=16850"}],"wp:term":[{"taxonomy":"category","embeddable":true,"href":"https:\/\/moja24.pl\/index.php\/wp-json\/wp\/v2\/categories?post=16850"},{"taxonomy":"post_tag","embeddable":true,"href":"https:\/\/moja24.pl\/index.php\/wp-json\/wp\/v2\/tags?post=16850"}],"curies":[{"name":"wp","href":"https:\/\/api.w.org\/{rel}","templated":true}]}}